{"id":48,"date":"2015-01-30T23:53:24","date_gmt":"2015-01-30T22:53:24","guid":{"rendered":"http:\/\/www.directeur-artistique-freelance.fr\/graphiste\/?p=48"},"modified":"2022-08-04T19:22:30","modified_gmt":"2022-08-04T17:22:30","slug":"satsuma-decoration","status":"publish","type":"post","link":"https:\/\/www.directeur-artistique-freelance.fr\/graphiste\/satsuma-decoration\/","title":{"rendered":"Satsuma D\u00e9coration"},"content":{"rendered":"\t\t<div data-elementor-type=\"wp-post\" data-elementor-id=\"48\" class=\"elementor elementor-48\" data-elementor-post-type=\"post\">\n\t\t\t\t\t\t<section class=\"elementor-section elementor-top-section elementor-element elementor-element-c77154b elementor-section-boxed elementor-section-height-default elementor-section-height-default\" data-id=\"c77154b\" data-element_type=\"section\">\n\t\t\t\t\t\t<div class=\"elementor-container elementor-column-gap-default\">\n\t\t\t\t\t<div class=\"elementor-column elementor-col-100 elementor-top-column elementor-element elementor-element-bfeefb3\" data-id=\"bfeefb3\" data-element_type=\"column\">\n\t\t\t<div class=\"elementor-widget-wrap elementor-element-populated\">\n\t\t\t\t\t\t<div class=\"elementor-element elementor-element-699ffe2 elementor-widget elementor-widget-image\" data-id=\"699ffe2\" data-element_type=\"widget\" data-widget_type=\"image.default\">\n\t\t\t\t<div class=\"elementor-widget-container\">\n\t\t\t\t\t\t\t\t\t\t\t\t\t\t\t<img fetchpriority=\"high\" decoding=\"async\" width=\"1920\" height=\"1080\" src=\"https:\/\/www.directeur-artistique-freelance.fr\/graphiste\/wp-content\/uploads\/2015\/01\/Logo-satsuma-identite-visuelle.jpeg\" class=\"attachment-full size-full wp-image-2958\" alt=\"\" srcset=\"https:\/\/www.directeur-artistique-freelance.fr\/graphiste\/wp-content\/uploads\/2015\/01\/Logo-satsuma-identite-visuelle.jpeg 1920w, https:\/\/www.directeur-artistique-freelance.fr\/graphiste\/wp-content\/uploads\/2015\/01\/Logo-satsuma-identite-visuelle-300x169.jpeg 300w, https:\/\/www.directeur-artistique-freelance.fr\/graphiste\/wp-content\/uploads\/2015\/01\/Logo-satsuma-identite-visuelle-1024x576.jpeg 1024w, https:\/\/www.directeur-artistique-freelance.fr\/graphiste\/wp-content\/uploads\/2015\/01\/Logo-satsuma-identite-visuelle-768x432.jpeg 768w, https:\/\/www.directeur-artistique-freelance.fr\/graphiste\/wp-content\/uploads\/2015\/01\/Logo-satsuma-identite-visuelle-1536x864.jpeg 1536w\" sizes=\"(max-width: 1920px) 100vw, 1920px\" \/>\t\t\t\t\t\t\t\t\t\t\t\t\t\t\t<\/div>\n\t\t\t\t<\/div>\n\t\t\t\t\t<\/div>\n\t\t<\/div>\n\t\t\t\t\t<\/div>\n\t\t<\/section>\n\t\t\t\t<section class=\"elementor-section elementor-top-section elementor-element elementor-element-4924bca elementor-section-boxed elementor-section-height-default elementor-section-height-default\" data-id=\"4924bca\" data-element_type=\"section\">\n\t\t\t\t\t\t<div class=\"elementor-container elementor-column-gap-default\">\n\t\t\t\t\t<div class=\"elementor-column elementor-col-100 elementor-top-column elementor-element elementor-element-931b40c\" data-id=\"931b40c\" data-element_type=\"column\">\n\t\t\t<div class=\"elementor-widget-wrap elementor-element-populated\">\n\t\t\t\t\t\t<div class=\"elementor-element elementor-element-abd828e elementor-align-start elementor-icon-list--layout-traditional elementor-list-item-link-full_width elementor-widget elementor-widget-icon-list\" data-id=\"abd828e\" data-element_type=\"widget\" data-widget_type=\"icon-list.default\">\n\t\t\t\t<div class=\"elementor-widget-container\">\n\t\t\t\t\t\t\t<ul class=\"elementor-icon-list-items\">\n\t\t\t\t\t\t\t<li class=\"elementor-icon-list-item\">\n\t\t\t\t\t\t\t\t\t\t\t<a href=\"https:\/\/www.satsuma-deco.fr\/\" target=\"_blank\">\n\n\t\t\t\t\t\t\t\t\t\t\t\t<span class=\"elementor-icon-list-icon\">\n\t\t\t\t\t\t\t\t\t\t\t\t\t\t\t\t<i class=\"fa fa-envira\" aria-hidden=\"true\"><\/i>\n\t\t\t\t\t\t\t\t\t\t\t\t\t<\/span>\n\t\t\t\t\t\t\t\t\t\t<span class=\"elementor-icon-list-text\">Client:\tSatsuma<\/span>\n\t\t\t\t\t\t\t\t\t\t\t<\/a>\n\t\t\t\t\t\t\t\t\t<\/li>\n\t\t\t\t\t\t\t\t<li class=\"elementor-icon-list-item\">\n\t\t\t\t\t\t\t\t\t\t\t<span class=\"elementor-icon-list-icon\">\n\t\t\t\t\t\t\t\t\t\t\t\t\t\t\t\t<i class=\"fa fa-calendar\" aria-hidden=\"true\"><\/i>\n\t\t\t\t\t\t\t\t\t\t\t\t\t<\/span>\n\t\t\t\t\t\t\t\t\t\t<span class=\"elementor-icon-list-text\"> Date:\tAo\u00fbt 13, 2017<\/span>\n\t\t\t\t\t\t\t\t\t<\/li>\n\t\t\t\t\t\t<\/ul>\n\t\t\t\t\t\t<\/div>\n\t\t\t\t<\/div>\n\t\t\t\t<div class=\"elementor-element elementor-element-9e49494 elementor-widget elementor-widget-heading\" data-id=\"9e49494\" data-element_type=\"widget\" data-widget_type=\"heading.default\">\n\t\t\t\t<div class=\"elementor-widget-container\">\n\t\t\t\t\t<h3 class=\"elementor-heading-title elementor-size-default\">Satsuma<\/h3>\t\t\t\t<\/div>\n\t\t\t\t<\/div>\n\t\t\t\t<div class=\"elementor-element elementor-element-71d3068 elementor-widget elementor-widget-text-editor\" data-id=\"71d3068\" data-element_type=\"widget\" data-widget_type=\"text-editor.default\">\n\t\t\t\t<div class=\"elementor-widget-container\">\n\t\t\t\t\t\t\t\t\t<p>D\u00e9coration d&rsquo;int\u00e9rieur &amp; Agencement d&rsquo;espace<\/p>\t\t\t\t\t\t\t\t<\/div>\n\t\t\t\t<\/div>\n\t\t\t\t<section class=\"elementor-section elementor-inner-section elementor-element elementor-element-67079d1 elementor-section-boxed elementor-section-height-default elementor-section-height-default\" data-id=\"67079d1\" data-element_type=\"section\">\n\t\t\t\t\t\t<div class=\"elementor-container elementor-column-gap-default\">\n\t\t\t\t\t<div class=\"elementor-column elementor-col-100 elementor-inner-column elementor-element elementor-element-9241c10\" data-id=\"9241c10\" data-element_type=\"column\">\n\t\t\t<div class=\"elementor-widget-wrap elementor-element-populated\">\n\t\t\t\t\t\t<div class=\"elementor-element elementor-element-2b28cdb elementor-widget elementor-widget-text-editor\" data-id=\"2b28cdb\" data-element_type=\"widget\" data-widget_type=\"text-editor.default\">\n\t\t\t\t<div class=\"elementor-widget-container\">\n\t\t\t\t\t\t\t\t\t<p>Ma mission \u00e9tait de cr\u00e9er l\u2019identit\u00e9 visuelle pour Satsuma D\u00e9coration, alias Karine Barbet d\u00e9coratrice d\u2019int\u00e9rieur.<\/p><p>J&rsquo;ai designer le logo, et tout l&rsquo;univers de Karine \u00e0 travers de nombres illustrations pour animer son site et ses r\u00e9seaux. J&rsquo;ai \u00e9galement r\u00e9alis\u00e9 la cr\u00e9ation et le design d&rsquo;une plaquette pop up, de fiches, de bon cadeaux, de concours sur les r\u00e9seaux.<\/p>\t\t\t\t\t\t\t\t<\/div>\n\t\t\t\t<\/div>\n\t\t\t\t\t<\/div>\n\t\t<\/div>\n\t\t\t\t\t<\/div>\n\t\t<\/section>\n\t\t\t\t\t<\/div>\n\t\t<\/div>\n\t\t\t\t\t<\/div>\n\t\t<\/section>\n\t\t\t\t<section class=\"elementor-section elementor-top-section elementor-element elementor-element-473be87 elementor-section-boxed elementor-section-height-default elementor-section-height-default\" data-id=\"473be87\" data-element_type=\"section\">\n\t\t\t\t\t\t<div class=\"elementor-container elementor-column-gap-default\">\n\t\t\t\t\t<div class=\"elementor-column elementor-col-100 elementor-top-column elementor-element elementor-element-ac883f8\" data-id=\"ac883f8\" data-element_type=\"column\">\n\t\t\t<div class=\"elementor-widget-wrap elementor-element-populated\">\n\t\t\t\t\t\t<div class=\"elementor-element elementor-element-0698edd elementor-widget elementor-widget-image-gallery\" data-id=\"0698edd\" data-element_type=\"widget\" data-widget_type=\"image-gallery.default\">\n\t\t\t\t<div class=\"elementor-widget-container\">\n\t\t\t\t\t\t\t<div class=\"elementor-image-gallery\">\n\t\t\t<div id='gallery-1' class='gallery galleryid-48 gallery-columns-2 gallery-size-full'><figure class='gallery-item'>\n\t\t\t<div class='gallery-icon landscape'>\n\t\t\t\t<a data-elementor-open-lightbox=\"yes\" data-elementor-lightbox-slideshow=\"0698edd\" data-elementor-lightbox-title=\"ADP_Satsuma_Card_01\" data-e-action-hash=\"#elementor-action%3Aaction%3Dlightbox%26settings%3DeyJpZCI6NDY4LCJ1cmwiOiJodHRwczpcL1wvd3d3LmRpcmVjdGV1ci1hcnRpc3RpcXVlLWZyZWVsYW5jZS5mclwvZ3JhcGhpc3RlXC93cC1jb250ZW50XC91cGxvYWRzXC8yMDE4XC8xMlwvY3JlYXRpb24taWRlbnRpdGUtdmlzdWVsbGUtbG9nby1ncmFwaGlzdGUtY2FydGUtZGUtdmlzaXRlLmpwZyIsInNsaWRlc2hvdyI6IjA2OThlZGQifQ%3D%3D\" href='https:\/\/www.directeur-artistique-freelance.fr\/graphiste\/wp-content\/uploads\/2018\/12\/creation-identite-visuelle-logo-graphiste-carte-de-visite.jpg'><img width=\"1920\" height=\"1440\" src=\"https:\/\/www.directeur-artistique-freelance.fr\/graphiste\/wp-content\/uploads\/2018\/12\/creation-identite-visuelle-logo-graphiste-carte-de-visite.jpg\" class=\"attachment-full size-full\" alt=\"\" decoding=\"async\" srcset=\"https:\/\/www.directeur-artistique-freelance.fr\/graphiste\/wp-content\/uploads\/2018\/12\/creation-identite-visuelle-logo-graphiste-carte-de-visite.jpg 1920w, https:\/\/www.directeur-artistique-freelance.fr\/graphiste\/wp-content\/uploads\/2018\/12\/creation-identite-visuelle-logo-graphiste-carte-de-visite-300x225.jpg 300w, https:\/\/www.directeur-artistique-freelance.fr\/graphiste\/wp-content\/uploads\/2018\/12\/creation-identite-visuelle-logo-graphiste-carte-de-visite-768x576.jpg 768w, https:\/\/www.directeur-artistique-freelance.fr\/graphiste\/wp-content\/uploads\/2018\/12\/creation-identite-visuelle-logo-graphiste-carte-de-visite-1024x768.jpg 1024w\" sizes=\"(max-width: 1920px) 100vw, 1920px\" \/><\/a>\n\t\t\t<\/div><\/figure><figure class='gallery-item'>\n\t\t\t<div class='gallery-icon landscape'>\n\t\t\t\t<a data-elementor-open-lightbox=\"yes\" data-elementor-lightbox-slideshow=\"0698edd\" data-elementor-lightbox-title=\"ADP_Sketch_01\" data-e-action-hash=\"#elementor-action%3Aaction%3Dlightbox%26settings%3DeyJpZCI6NDcxLCJ1cmwiOiJodHRwczpcL1wvd3d3LmRpcmVjdGV1ci1hcnRpc3RpcXVlLWZyZWVsYW5jZS5mclwvZ3JhcGhpc3RlXC93cC1jb250ZW50XC91cGxvYWRzXC8yMDE4XC8xMlwvY3JlYXRpb24taWxsc3V0cmF0aW9uLWRlc2lnbi1kZWNvcmF0aW9uLWlsbHVzdHJhdHJpY2UtdmVyc2FpbGxlcy5qcGciLCJzbGlkZXNob3ciOiIwNjk4ZWRkIn0%3D\" href='https:\/\/www.directeur-artistique-freelance.fr\/graphiste\/wp-content\/uploads\/2018\/12\/creation-illsutration-design-decoration-illustratrice-versailles.jpg'><img width=\"1920\" height=\"1440\" src=\"https:\/\/www.directeur-artistique-freelance.fr\/graphiste\/wp-content\/uploads\/2018\/12\/creation-illsutration-design-decoration-illustratrice-versailles.jpg\" class=\"attachment-full size-full\" alt=\"\" decoding=\"async\" srcset=\"https:\/\/www.directeur-artistique-freelance.fr\/graphiste\/wp-content\/uploads\/2018\/12\/creation-illsutration-design-decoration-illustratrice-versailles.jpg 1920w, https:\/\/www.directeur-artistique-freelance.fr\/graphiste\/wp-content\/uploads\/2018\/12\/creation-illsutration-design-decoration-illustratrice-versailles-300x225.jpg 300w, https:\/\/www.directeur-artistique-freelance.fr\/graphiste\/wp-content\/uploads\/2018\/12\/creation-illsutration-design-decoration-illustratrice-versailles-768x576.jpg 768w, https:\/\/www.directeur-artistique-freelance.fr\/graphiste\/wp-content\/uploads\/2018\/12\/creation-illsutration-design-decoration-illustratrice-versailles-1024x768.jpg 1024w\" sizes=\"(max-width: 1920px) 100vw, 1920px\" \/><\/a>\n\t\t\t<\/div><\/figure><figure class='gallery-item'>\n\t\t\t<div class='gallery-icon portrait'>\n\t\t\t\t<a data-elementor-open-lightbox=\"yes\" data-elementor-lightbox-slideshow=\"0698edd\" data-elementor-lightbox-title=\"ADP_Satsuma_CV_01\" data-e-action-hash=\"#elementor-action%3Aaction%3Dlightbox%26settings%3DeyJpZCI6NDY5LCJ1cmwiOiJodHRwczpcL1wvd3d3LmRpcmVjdGV1ci1hcnRpc3RpcXVlLWZyZWVsYW5jZS5mclwvZ3JhcGhpc3RlXC93cC1jb250ZW50XC91cGxvYWRzXC8yMDE4XC8xMlwvY3JlYXRpb24tbG9nby1ncmFwaGlzdGUtZGVzaWduLXR5cG9ncmFwaGllLWZyZWVsYW5jZS12ZXJzYWlsbGVzLmpwZyIsInNsaWRlc2hvdyI6IjA2OThlZGQifQ%3D%3D\" href='https:\/\/www.directeur-artistique-freelance.fr\/graphiste\/wp-content\/uploads\/2018\/12\/creation-logo-graphiste-design-typographie-freelance-versailles.jpg'><img loading=\"lazy\" width=\"1440\" height=\"1920\" src=\"https:\/\/www.directeur-artistique-freelance.fr\/graphiste\/wp-content\/uploads\/2018\/12\/creation-logo-graphiste-design-typographie-freelance-versailles.jpg\" class=\"attachment-full size-full\" alt=\"\" decoding=\"async\" srcset=\"https:\/\/www.directeur-artistique-freelance.fr\/graphiste\/wp-content\/uploads\/2018\/12\/creation-logo-graphiste-design-typographie-freelance-versailles.jpg 1440w, https:\/\/www.directeur-artistique-freelance.fr\/graphiste\/wp-content\/uploads\/2018\/12\/creation-logo-graphiste-design-typographie-freelance-versailles-225x300.jpg 225w, https:\/\/www.directeur-artistique-freelance.fr\/graphiste\/wp-content\/uploads\/2018\/12\/creation-logo-graphiste-design-typographie-freelance-versailles-768x1024.jpg 768w\" sizes=\"(max-width: 1440px) 100vw, 1440px\" \/><\/a>\n\t\t\t<\/div><\/figure><figure class='gallery-item'>\n\t\t\t<div class='gallery-icon portrait'>\n\t\t\t\t<a data-elementor-open-lightbox=\"yes\" data-elementor-lightbox-slideshow=\"0698edd\" data-elementor-lightbox-title=\"ADP_Satsuma_Poster\" data-e-action-hash=\"#elementor-action%3Aaction%3Dlightbox%26settings%3DeyJpZCI6NDcwLCJ1cmwiOiJodHRwczpcL1wvd3d3LmRpcmVjdGV1ci1hcnRpc3RpcXVlLWZyZWVsYW5jZS5mclwvZ3JhcGhpc3RlXC93cC1jb250ZW50XC91cGxvYWRzXC8yMDE4XC8xMlwvaWxsdXN0cmF0cmljZS1mcmVlbGFuY2UtY3JlYXRpb24tZ3JhcGhpcXVlLWRlc3Npbi1waWN0b2dyYW1tZS1kZWNvcmF0aW9uLmpwZyIsInNsaWRlc2hvdyI6IjA2OThlZGQifQ%3D%3D\" href='https:\/\/www.directeur-artistique-freelance.fr\/graphiste\/wp-content\/uploads\/2018\/12\/illustratrice-freelance-creation-graphique-dessin-pictogramme-decoration.jpg'><img loading=\"lazy\" width=\"1440\" height=\"1920\" src=\"https:\/\/www.directeur-artistique-freelance.fr\/graphiste\/wp-content\/uploads\/2018\/12\/illustratrice-freelance-creation-graphique-dessin-pictogramme-decoration.jpg\" class=\"attachment-full size-full\" alt=\"\" decoding=\"async\" srcset=\"https:\/\/www.directeur-artistique-freelance.fr\/graphiste\/wp-content\/uploads\/2018\/12\/illustratrice-freelance-creation-graphique-dessin-pictogramme-decoration.jpg 1440w, https:\/\/www.directeur-artistique-freelance.fr\/graphiste\/wp-content\/uploads\/2018\/12\/illustratrice-freelance-creation-graphique-dessin-pictogramme-decoration-225x300.jpg 225w, https:\/\/www.directeur-artistique-freelance.fr\/graphiste\/wp-content\/uploads\/2018\/12\/illustratrice-freelance-creation-graphique-dessin-pictogramme-decoration-768x1024.jpg 768w\" sizes=\"(max-width: 1440px) 100vw, 1440px\" \/><\/a>\n\t\t\t<\/div><\/figure><figure class='gallery-item'>\n\t\t\t<div class='gallery-icon landscape'>\n\t\t\t\t<a data-elementor-open-lightbox=\"yes\" data-elementor-lightbox-slideshow=\"0698edd\" data-elementor-lightbox-title=\"Leaflet d\u00e9coration int\u00e9rieur\" data-e-action-hash=\"#elementor-action%3Aaction%3Dlightbox%26settings%3DeyJpZCI6MTUwMiwidXJsIjoiaHR0cHM6XC9cL3d3dy5kaXJlY3RldXItYXJ0aXN0aXF1ZS1mcmVlbGFuY2UuZnJcL2dyYXBoaXN0ZVwvd3AtY29udGVudFwvdXBsb2Fkc1wvMjAxOVwvMTFcL2ZyZWUtbGFuY2UtcGFyaXMtc2FpbnQtZ2VybWFpbi1lbi1sYXllLmpwZyIsInNsaWRlc2hvdyI6IjA2OThlZGQifQ%3D%3D\" data-elementor-lightbox-description=\"D\u00e9coration, int\u00e9rieur, design, cr\u00e9ation, print, leaflet\" href='https:\/\/www.directeur-artistique-freelance.fr\/graphiste\/wp-content\/uploads\/2019\/11\/free-lance-paris-saint-germain-en-laye.jpg'><img loading=\"lazy\" width=\"1920\" height=\"960\" src=\"https:\/\/www.directeur-artistique-freelance.fr\/graphiste\/wp-content\/uploads\/2019\/11\/free-lance-paris-saint-germain-en-laye.jpg\" class=\"attachment-full size-full\" alt=\"Leaflet d\u00e9coration int\u00e9rieur\" decoding=\"async\" srcset=\"https:\/\/www.directeur-artistique-freelance.fr\/graphiste\/wp-content\/uploads\/2019\/11\/free-lance-paris-saint-germain-en-laye.jpg 1920w, https:\/\/www.directeur-artistique-freelance.fr\/graphiste\/wp-content\/uploads\/2019\/11\/free-lance-paris-saint-germain-en-laye-300x150.jpg 300w, https:\/\/www.directeur-artistique-freelance.fr\/graphiste\/wp-content\/uploads\/2019\/11\/free-lance-paris-saint-germain-en-laye-768x384.jpg 768w, https:\/\/www.directeur-artistique-freelance.fr\/graphiste\/wp-content\/uploads\/2019\/11\/free-lance-paris-saint-germain-en-laye-1024x512.jpg 1024w, https:\/\/www.directeur-artistique-freelance.fr\/graphiste\/wp-content\/uploads\/2019\/11\/free-lance-paris-saint-germain-en-laye-1568x784.jpg 1568w\" sizes=\"(max-width: 1920px) 100vw, 1920px\" \/><\/a>\n\t\t\t<\/div><\/figure><figure class='gallery-item'>\n\t\t\t<div class='gallery-icon landscape'>\n\t\t\t\t<a data-elementor-open-lightbox=\"yes\" data-elementor-lightbox-slideshow=\"0698edd\" data-elementor-lightbox-title=\"Illu_Karine_Barbet_Rennes_6\" data-e-action-hash=\"#elementor-action%3Aaction%3Dlightbox%26settings%3DeyJpZCI6MTUwNiwidXJsIjoiaHR0cHM6XC9cL3d3dy5kaXJlY3RldXItYXJ0aXN0aXF1ZS1mcmVlbGFuY2UuZnJcL2dyYXBoaXN0ZVwvd3AtY29udGVudFwvdXBsb2Fkc1wvMjAxOVwvMTFcL2lsbHVzdHJhdHJpY2UtZnJlZWxhbmNlLXNhaW50LWdlcm1haW4tZW4tbGF5ZS1kZXNzaW4tZW5jcmUtY291bGV1ci1kZWNvcmF0aW9uLmpwZyIsInNsaWRlc2hvdyI6IjA2OThlZGQifQ%3D%3D\" data-elementor-lightbox-description=\"D\u00e9coration, int\u00e9rieur, design, cr\u00e9ation, print, leaflet\" href='https:\/\/www.directeur-artistique-freelance.fr\/graphiste\/wp-content\/uploads\/2019\/11\/illustratrice-freelance-saint-germain-en-laye-dessin-encre-couleur-decoration.jpg'><img loading=\"lazy\" width=\"4096\" height=\"1714\" src=\"https:\/\/www.directeur-artistique-freelance.fr\/graphiste\/wp-content\/uploads\/2019\/11\/illustratrice-freelance-saint-germain-en-laye-dessin-encre-couleur-decoration.jpg\" class=\"attachment-full size-full\" alt=\"\" decoding=\"async\" srcset=\"https:\/\/www.directeur-artistique-freelance.fr\/graphiste\/wp-content\/uploads\/2019\/11\/illustratrice-freelance-saint-germain-en-laye-dessin-encre-couleur-decoration.jpg 4096w, https:\/\/www.directeur-artistique-freelance.fr\/graphiste\/wp-content\/uploads\/2019\/11\/illustratrice-freelance-saint-germain-en-laye-dessin-encre-couleur-decoration-300x126.jpg 300w, https:\/\/www.directeur-artistique-freelance.fr\/graphiste\/wp-content\/uploads\/2019\/11\/illustratrice-freelance-saint-germain-en-laye-dessin-encre-couleur-decoration-768x321.jpg 768w, https:\/\/www.directeur-artistique-freelance.fr\/graphiste\/wp-content\/uploads\/2019\/11\/illustratrice-freelance-saint-germain-en-laye-dessin-encre-couleur-decoration-1024x429.jpg 1024w, https:\/\/www.directeur-artistique-freelance.fr\/graphiste\/wp-content\/uploads\/2019\/11\/illustratrice-freelance-saint-germain-en-laye-dessin-encre-couleur-decoration-1568x656.jpg 1568w\" sizes=\"(max-width: 4096px) 100vw, 4096px\" \/><\/a>\n\t\t\t<\/div><\/figure><figure class='gallery-item'>\n\t\t\t<div class='gallery-icon landscape'>\n\t\t\t\t<a data-elementor-open-lightbox=\"yes\" data-elementor-lightbox-slideshow=\"0698edd\" data-elementor-lightbox-title=\"instagram\" data-e-action-hash=\"#elementor-action%3Aaction%3Dlightbox%26settings%3DeyJpZCI6MTUwOCwidXJsIjoiaHR0cHM6XC9cL3d3dy5kaXJlY3RldXItYXJ0aXN0aXF1ZS1mcmVlbGFuY2UuZnJcL2dyYXBoaXN0ZVwvd3AtY29udGVudFwvdXBsb2Fkc1wvMjAxOVwvMTFcL2NvbW11bml0eS1tYW5hZ2VyLWRlc2lnbi1wdWJsaWNpdGUtY29udGVzdC1jb25jb3Vycy1ncmFwaGlzbWUtZnJlZWxhbmNlLmpwZyIsInNsaWRlc2hvdyI6IjA2OThlZGQifQ%3D%3D\" data-elementor-lightbox-description=\"D\u00e9coration, int\u00e9rieur, design, cr\u00e9ation, print, leaflet\" href='https:\/\/www.directeur-artistique-freelance.fr\/graphiste\/wp-content\/uploads\/2019\/11\/community-manager-design-publicite-contest-concours-graphisme-freelance.jpg'><img loading=\"lazy\" width=\"1920\" height=\"1920\" src=\"https:\/\/www.directeur-artistique-freelance.fr\/graphiste\/wp-content\/uploads\/2019\/11\/community-manager-design-publicite-contest-concours-graphisme-freelance.jpg\" class=\"attachment-full size-full\" alt=\"\" decoding=\"async\" srcset=\"https:\/\/www.directeur-artistique-freelance.fr\/graphiste\/wp-content\/uploads\/2019\/11\/community-manager-design-publicite-contest-concours-graphisme-freelance.jpg 1920w, https:\/\/www.directeur-artistique-freelance.fr\/graphiste\/wp-content\/uploads\/2019\/11\/community-manager-design-publicite-contest-concours-graphisme-freelance-150x150.jpg 150w, https:\/\/www.directeur-artistique-freelance.fr\/graphiste\/wp-content\/uploads\/2019\/11\/community-manager-design-publicite-contest-concours-graphisme-freelance-300x300.jpg 300w, https:\/\/www.directeur-artistique-freelance.fr\/graphiste\/wp-content\/uploads\/2019\/11\/community-manager-design-publicite-contest-concours-graphisme-freelance-768x768.jpg 768w, https:\/\/www.directeur-artistique-freelance.fr\/graphiste\/wp-content\/uploads\/2019\/11\/community-manager-design-publicite-contest-concours-graphisme-freelance-1024x1024.jpg 1024w, https:\/\/www.directeur-artistique-freelance.fr\/graphiste\/wp-content\/uploads\/2019\/11\/community-manager-design-publicite-contest-concours-graphisme-freelance-1568x1568.jpg 1568w\" sizes=\"(max-width: 1920px) 100vw, 1920px\" \/><\/a>\n\t\t\t<\/div><\/figure><figure class='gallery-item'>\n\t\t\t<div class='gallery-icon landscape'>\n\t\t\t\t<a data-elementor-open-lightbox=\"yes\" data-elementor-lightbox-slideshow=\"0698edd\" data-elementor-lightbox-title=\"Leaflet-KB_2\" data-e-action-hash=\"#elementor-action%3Aaction%3Dlightbox%26settings%3DeyJpZCI6MTUxMCwidXJsIjoiaHR0cHM6XC9cL3d3dy5kaXJlY3RldXItYXJ0aXN0aXF1ZS1mcmVlbGFuY2UuZnJcL2dyYXBoaXN0ZVwvd3AtY29udGVudFwvdXBsb2Fkc1wvMjAxOVwvMTFcL2dyYXBoaXN0ZS1sZWFmbGV0LWRlY29yYXRpb24tcmVubmVzLmpwZyIsInNsaWRlc2hvdyI6IjA2OThlZGQifQ%3D%3D\" data-elementor-lightbox-description=\"D\u00e9coration, int\u00e9rieur, design, cr\u00e9ation, print, leaflet\" href='https:\/\/www.directeur-artistique-freelance.fr\/graphiste\/wp-content\/uploads\/2019\/11\/graphiste-leaflet-decoration-rennes.jpg'><img loading=\"lazy\" width=\"1440\" height=\"1440\" src=\"https:\/\/www.directeur-artistique-freelance.fr\/graphiste\/wp-content\/uploads\/2019\/11\/graphiste-leaflet-decoration-rennes.jpg\" class=\"attachment-full size-full\" alt=\"\" decoding=\"async\" srcset=\"https:\/\/www.directeur-artistique-freelance.fr\/graphiste\/wp-content\/uploads\/2019\/11\/graphiste-leaflet-decoration-rennes.jpg 1440w, https:\/\/www.directeur-artistique-freelance.fr\/graphiste\/wp-content\/uploads\/2019\/11\/graphiste-leaflet-decoration-rennes-150x150.jpg 150w, https:\/\/www.directeur-artistique-freelance.fr\/graphiste\/wp-content\/uploads\/2019\/11\/graphiste-leaflet-decoration-rennes-300x300.jpg 300w, https:\/\/www.directeur-artistique-freelance.fr\/graphiste\/wp-content\/uploads\/2019\/11\/graphiste-leaflet-decoration-rennes-768x768.jpg 768w, https:\/\/www.directeur-artistique-freelance.fr\/graphiste\/wp-content\/uploads\/2019\/11\/graphiste-leaflet-decoration-rennes-1024x1024.jpg 1024w\" sizes=\"(max-width: 1440px) 100vw, 1440px\" \/><\/a>\n\t\t\t<\/div><\/figure>\n\t\t<\/div>\n\t\t<\/div>\n\t\t\t\t\t\t<\/div>\n\t\t\t\t<\/div>\n\t\t\t\t\t<\/div>\n\t\t<\/div>\n\t\t\t\t\t<\/div>\n\t\t<\/section>\n\t\t\t\t<\/div>\n\t\t","protected":false},"excerpt":{"rendered":"<p>Client: Satsuma Date: Ao\u00fbt 13, 2017 Satsuma D\u00e9coration d&rsquo;int\u00e9rieur &amp; Agencement d&rsquo;espace Ma mission \u00e9tait de cr\u00e9er l\u2019identit\u00e9 visuelle pour Satsuma D\u00e9coration, alias Karine Barbet d\u00e9coratrice d\u2019int\u00e9rieur. J&rsquo;ai designer le logo, et tout l&rsquo;univers de Karine \u00e0 travers de nombres illustrations pour animer son site et ses r\u00e9seaux. J&rsquo;ai \u00e9galement r\u00e9alis\u00e9 la cr\u00e9ation et le [&hellip;]<\/p>\n","protected":false},"author":1,"featured_media":49,"comment_status":"open","ping_status":"open","sticky":false,"template":"","format":"standard","meta":{"footnotes":""},"categories":[3,5],"tags":[],"class_list":["post-48","post","type-post","status-publish","format-standard","has-post-thumbnail","hentry","category-identite-visuelle","category-illustrations"],"yoast_head":"<!-- This site is optimized with the Yoast SEO plugin v26.8 - https:\/\/yoast.com\/product\/yoast-seo-wordpress\/ -->\n<title>Satsuma D\u00e9coration - Graphiste Freelance<\/title>\n<meta name=\"robots\" content=\"index, follow, max-snippet:-1, max-image-preview:large, max-video-preview:-1\" \/>\n<link rel=\"canonical\" href=\"https:\/\/www.directeur-artistique-freelance.fr\/graphiste\/satsuma-decoration\/\" \/>\n<meta property=\"og:locale\" content=\"fr_FR\" \/>\n<meta property=\"og:type\" content=\"article\" \/>\n<meta property=\"og:title\" content=\"Satsuma D\u00e9coration - Graphiste Freelance\" \/>\n<meta property=\"og:description\" content=\"Client: Satsuma Date: Ao\u00fbt 13, 2017 Satsuma D\u00e9coration d&rsquo;int\u00e9rieur &amp; Agencement d&rsquo;espace Ma mission \u00e9tait de cr\u00e9er l\u2019identit\u00e9 visuelle pour Satsuma D\u00e9coration, alias Karine Barbet d\u00e9coratrice d\u2019int\u00e9rieur. J&rsquo;ai designer le logo, et tout l&rsquo;univers de Karine \u00e0 travers de nombres illustrations pour animer son site et ses r\u00e9seaux. J&rsquo;ai \u00e9galement r\u00e9alis\u00e9 la cr\u00e9ation et le [&hellip;]\" \/>\n<meta property=\"og:url\" content=\"https:\/\/www.directeur-artistique-freelance.fr\/graphiste\/satsuma-decoration\/\" \/>\n<meta property=\"og:site_name\" content=\"Graphiste Freelance\" \/>\n<meta property=\"article:publisher\" content=\"https:\/\/www.facebook.com\/annepieusserguesdherbicourt\/\" \/>\n<meta property=\"article:published_time\" content=\"2015-01-30T22:53:24+00:00\" \/>\n<meta property=\"article:modified_time\" content=\"2022-08-04T17:22:30+00:00\" \/>\n<meta property=\"og:image\" content=\"https:\/\/www.directeur-artistique-freelance.fr\/graphiste\/wp-content\/uploads\/2018\/11\/business-card-mockup-graphisme-design-identite-visuelle.jpg\" \/>\n\t<meta property=\"og:image:width\" content=\"1500\" \/>\n\t<meta property=\"og:image:height\" content=\"1080\" \/>\n\t<meta property=\"og:image:type\" content=\"image\/jpeg\" \/>\n<meta name=\"author\" content=\"Freelance\" \/>\n<meta name=\"twitter:card\" content=\"summary_large_image\" \/>\n<meta name=\"twitter:creator\" content=\"@Cheesenane\" \/>\n<meta name=\"twitter:site\" content=\"@Cheesenane\" \/>\n<meta name=\"twitter:label1\" content=\"\u00c9crit par\" \/>\n\t<meta name=\"twitter:data1\" content=\"Freelance\" \/>\n\t<meta name=\"twitter:label2\" content=\"Dur\u00e9e de lecture estim\u00e9e\" \/>\n\t<meta name=\"twitter:data2\" content=\"3 minutes\" \/>\n<script type=\"application\/ld+json\" class=\"yoast-schema-graph\">{\"@context\":\"https:\/\/schema.org\",\"@graph\":[{\"@type\":\"Article\",\"@id\":\"https:\/\/www.directeur-artistique-freelance.fr\/graphiste\/satsuma-decoration\/#article\",\"isPartOf\":{\"@id\":\"https:\/\/www.directeur-artistique-freelance.fr\/graphiste\/satsuma-decoration\/\"},\"author\":{\"name\":\"Freelance\",\"@id\":\"https:\/\/www.directeur-artistique-freelance.fr\/graphiste\/#\/schema\/person\/7a179c6e49ca4d029f1c0f9aac0b5e03\"},\"headline\":\"Satsuma D\u00e9coration\",\"datePublished\":\"2015-01-30T22:53:24+00:00\",\"dateModified\":\"2022-08-04T17:22:30+00:00\",\"mainEntityOfPage\":{\"@id\":\"https:\/\/www.directeur-artistique-freelance.fr\/graphiste\/satsuma-decoration\/\"},\"wordCount\":89,\"commentCount\":0,\"publisher\":{\"@id\":\"https:\/\/www.directeur-artistique-freelance.fr\/graphiste\/#organization\"},\"image\":{\"@id\":\"https:\/\/www.directeur-artistique-freelance.fr\/graphiste\/satsuma-decoration\/#primaryimage\"},\"thumbnailUrl\":\"https:\/\/www.directeur-artistique-freelance.fr\/graphiste\/wp-content\/uploads\/2018\/11\/business-card-mockup-graphisme-design-identite-visuelle.jpg\",\"articleSection\":[\"identit\u00e9 visuelle\",\"Illustrations\"],\"inLanguage\":\"fr-FR\",\"potentialAction\":[{\"@type\":\"CommentAction\",\"name\":\"Comment\",\"target\":[\"https:\/\/www.directeur-artistique-freelance.fr\/graphiste\/satsuma-decoration\/#respond\"]}]},{\"@type\":\"WebPage\",\"@id\":\"https:\/\/www.directeur-artistique-freelance.fr\/graphiste\/satsuma-decoration\/\",\"url\":\"https:\/\/www.directeur-artistique-freelance.fr\/graphiste\/satsuma-decoration\/\",\"name\":\"Satsuma D\u00e9coration - Graphiste Freelance\",\"isPartOf\":{\"@id\":\"https:\/\/www.directeur-artistique-freelance.fr\/graphiste\/#website\"},\"primaryImageOfPage\":{\"@id\":\"https:\/\/www.directeur-artistique-freelance.fr\/graphiste\/satsuma-decoration\/#primaryimage\"},\"image\":{\"@id\":\"https:\/\/www.directeur-artistique-freelance.fr\/graphiste\/satsuma-decoration\/#primaryimage\"},\"thumbnailUrl\":\"https:\/\/www.directeur-artistique-freelance.fr\/graphiste\/wp-content\/uploads\/2018\/11\/business-card-mockup-graphisme-design-identite-visuelle.jpg\",\"datePublished\":\"2015-01-30T22:53:24+00:00\",\"dateModified\":\"2022-08-04T17:22:30+00:00\",\"breadcrumb\":{\"@id\":\"https:\/\/www.directeur-artistique-freelance.fr\/graphiste\/satsuma-decoration\/#breadcrumb\"},\"inLanguage\":\"fr-FR\",\"potentialAction\":[{\"@type\":\"ReadAction\",\"target\":[\"https:\/\/www.directeur-artistique-freelance.fr\/graphiste\/satsuma-decoration\/\"]}]},{\"@type\":\"ImageObject\",\"inLanguage\":\"fr-FR\",\"@id\":\"https:\/\/www.directeur-artistique-freelance.fr\/graphiste\/satsuma-decoration\/#primaryimage\",\"url\":\"https:\/\/www.directeur-artistique-freelance.fr\/graphiste\/wp-content\/uploads\/2018\/11\/business-card-mockup-graphisme-design-identite-visuelle.jpg\",\"contentUrl\":\"https:\/\/www.directeur-artistique-freelance.fr\/graphiste\/wp-content\/uploads\/2018\/11\/business-card-mockup-graphisme-design-identite-visuelle.jpg\",\"width\":1500,\"height\":1080},{\"@type\":\"BreadcrumbList\",\"@id\":\"https:\/\/www.directeur-artistique-freelance.fr\/graphiste\/satsuma-decoration\/#breadcrumb\",\"itemListElement\":[{\"@type\":\"ListItem\",\"position\":1,\"name\":\"Accueil\",\"item\":\"https:\/\/www.directeur-artistique-freelance.fr\/graphiste\/\"},{\"@type\":\"ListItem\",\"position\":2,\"name\":\"Satsuma D\u00e9coration\"}]},{\"@type\":\"WebSite\",\"@id\":\"https:\/\/www.directeur-artistique-freelance.fr\/graphiste\/#website\",\"url\":\"https:\/\/www.directeur-artistique-freelance.fr\/graphiste\/\",\"name\":\"Graphiste Freelance\",\"description\":\"Saint Germain en Laye 78\",\"publisher\":{\"@id\":\"https:\/\/www.directeur-artistique-freelance.fr\/graphiste\/#organization\"},\"potentialAction\":[{\"@type\":\"SearchAction\",\"target\":{\"@type\":\"EntryPoint\",\"urlTemplate\":\"https:\/\/www.directeur-artistique-freelance.fr\/graphiste\/?s={search_term_string}\"},\"query-input\":{\"@type\":\"PropertyValueSpecification\",\"valueRequired\":true,\"valueName\":\"search_term_string\"}}],\"inLanguage\":\"fr-FR\"},{\"@type\":\"Organization\",\"@id\":\"https:\/\/www.directeur-artistique-freelance.fr\/graphiste\/#organization\",\"name\":\"Anne Pieussergues Dherbicourt\",\"url\":\"https:\/\/www.directeur-artistique-freelance.fr\/graphiste\/\",\"logo\":{\"@type\":\"ImageObject\",\"inLanguage\":\"fr-FR\",\"@id\":\"https:\/\/www.directeur-artistique-freelance.fr\/graphiste\/#\/schema\/logo\/image\/\",\"url\":\"https:\/\/www.directeur-artistique-freelance.fr\/graphiste\/wp-content\/uploads\/2019\/06\/graphiste-freelance-saint-germain-en-laye.png\",\"contentUrl\":\"https:\/\/www.directeur-artistique-freelance.fr\/graphiste\/wp-content\/uploads\/2019\/06\/graphiste-freelance-saint-germain-en-laye.png\",\"width\":667,\"height\":200,\"caption\":\"Anne Pieussergues Dherbicourt\"},\"image\":{\"@id\":\"https:\/\/www.directeur-artistique-freelance.fr\/graphiste\/#\/schema\/logo\/image\/\"},\"sameAs\":[\"https:\/\/www.facebook.com\/annepieusserguesdherbicourt\/\",\"https:\/\/x.com\/Cheesenane\",\"https:\/\/www.instagram.com\/anne_pieussergues_dherbicourt\/\",\"https:\/\/www.linkedin.com\/in\/anne-pieussergues-dherbicourt-61603812\/\",\"https:\/\/www.pinterest.fr\/cheesenane\/my-artwork\/\"]},{\"@type\":\"Person\",\"@id\":\"https:\/\/www.directeur-artistique-freelance.fr\/graphiste\/#\/schema\/person\/7a179c6e49ca4d029f1c0f9aac0b5e03\",\"name\":\"Freelance\",\"image\":{\"@type\":\"ImageObject\",\"inLanguage\":\"fr-FR\",\"@id\":\"https:\/\/www.directeur-artistique-freelance.fr\/graphiste\/#\/schema\/person\/image\/\",\"url\":\"https:\/\/www.directeur-artistique-freelance.fr\/graphiste\/wp-content\/litespeed\/avatar\/6f6844df38c3851153fa746d447a597e.jpg?ver=1777339941\",\"contentUrl\":\"https:\/\/www.directeur-artistique-freelance.fr\/graphiste\/wp-content\/litespeed\/avatar\/6f6844df38c3851153fa746d447a597e.jpg?ver=1777339941\",\"caption\":\"Freelance\"},\"url\":\"https:\/\/www.directeur-artistique-freelance.fr\/graphiste\/author\/freelance\/\"}]}<\/script>\n<!-- \/ Yoast SEO plugin. -->","yoast_head_json":{"title":"Satsuma D\u00e9coration - Graphiste Freelance","robots":{"index":"index","follow":"follow","max-snippet":"max-snippet:-1","max-image-preview":"max-image-preview:large","max-video-preview":"max-video-preview:-1"},"canonical":"https:\/\/www.directeur-artistique-freelance.fr\/graphiste\/satsuma-decoration\/","og_locale":"fr_FR","og_type":"article","og_title":"Satsuma D\u00e9coration - Graphiste Freelance","og_description":"Client: Satsuma Date: Ao\u00fbt 13, 2017 Satsuma D\u00e9coration d&rsquo;int\u00e9rieur &amp; Agencement d&rsquo;espace Ma mission \u00e9tait de cr\u00e9er l\u2019identit\u00e9 visuelle pour Satsuma D\u00e9coration, alias Karine Barbet d\u00e9coratrice d\u2019int\u00e9rieur. J&rsquo;ai designer le logo, et tout l&rsquo;univers de Karine \u00e0 travers de nombres illustrations pour animer son site et ses r\u00e9seaux. J&rsquo;ai \u00e9galement r\u00e9alis\u00e9 la cr\u00e9ation et le [&hellip;]","og_url":"https:\/\/www.directeur-artistique-freelance.fr\/graphiste\/satsuma-decoration\/","og_site_name":"Graphiste Freelance","article_publisher":"https:\/\/www.facebook.com\/annepieusserguesdherbicourt\/","article_published_time":"2015-01-30T22:53:24+00:00","article_modified_time":"2022-08-04T17:22:30+00:00","og_image":[{"width":1500,"height":1080,"url":"https:\/\/www.directeur-artistique-freelance.fr\/graphiste\/wp-content\/uploads\/2018\/11\/business-card-mockup-graphisme-design-identite-visuelle.jpg","type":"image\/jpeg"}],"author":"Freelance","twitter_card":"summary_large_image","twitter_creator":"@Cheesenane","twitter_site":"@Cheesenane","twitter_misc":{"\u00c9crit par":"Freelance","Dur\u00e9e de lecture estim\u00e9e":"3 minutes"},"schema":{"@context":"https:\/\/schema.org","@graph":[{"@type":"Article","@id":"https:\/\/www.directeur-artistique-freelance.fr\/graphiste\/satsuma-decoration\/#article","isPartOf":{"@id":"https:\/\/www.directeur-artistique-freelance.fr\/graphiste\/satsuma-decoration\/"},"author":{"name":"Freelance","@id":"https:\/\/www.directeur-artistique-freelance.fr\/graphiste\/#\/schema\/person\/7a179c6e49ca4d029f1c0f9aac0b5e03"},"headline":"Satsuma D\u00e9coration","datePublished":"2015-01-30T22:53:24+00:00","dateModified":"2022-08-04T17:22:30+00:00","mainEntityOfPage":{"@id":"https:\/\/www.directeur-artistique-freelance.fr\/graphiste\/satsuma-decoration\/"},"wordCount":89,"commentCount":0,"publisher":{"@id":"https:\/\/www.directeur-artistique-freelance.fr\/graphiste\/#organization"},"image":{"@id":"https:\/\/www.directeur-artistique-freelance.fr\/graphiste\/satsuma-decoration\/#primaryimage"},"thumbnailUrl":"https:\/\/www.directeur-artistique-freelance.fr\/graphiste\/wp-content\/uploads\/2018\/11\/business-card-mockup-graphisme-design-identite-visuelle.jpg","articleSection":["identit\u00e9 visuelle","Illustrations"],"inLanguage":"fr-FR","potentialAction":[{"@type":"CommentAction","name":"Comment","target":["https:\/\/www.directeur-artistique-freelance.fr\/graphiste\/satsuma-decoration\/#respond"]}]},{"@type":"WebPage","@id":"https:\/\/www.directeur-artistique-freelance.fr\/graphiste\/satsuma-decoration\/","url":"https:\/\/www.directeur-artistique-freelance.fr\/graphiste\/satsuma-decoration\/","name":"Satsuma D\u00e9coration - Graphiste Freelance","isPartOf":{"@id":"https:\/\/www.directeur-artistique-freelance.fr\/graphiste\/#website"},"primaryImageOfPage":{"@id":"https:\/\/www.directeur-artistique-freelance.fr\/graphiste\/satsuma-decoration\/#primaryimage"},"image":{"@id":"https:\/\/www.directeur-artistique-freelance.fr\/graphiste\/satsuma-decoration\/#primaryimage"},"thumbnailUrl":"https:\/\/www.directeur-artistique-freelance.fr\/graphiste\/wp-content\/uploads\/2018\/11\/business-card-mockup-graphisme-design-identite-visuelle.jpg","datePublished":"2015-01-30T22:53:24+00:00","dateModified":"2022-08-04T17:22:30+00:00","breadcrumb":{"@id":"https:\/\/www.directeur-artistique-freelance.fr\/graphiste\/satsuma-decoration\/#breadcrumb"},"inLanguage":"fr-FR","potentialAction":[{"@type":"ReadAction","target":["https:\/\/www.directeur-artistique-freelance.fr\/graphiste\/satsuma-decoration\/"]}]},{"@type":"ImageObject","inLanguage":"fr-FR","@id":"https:\/\/www.directeur-artistique-freelance.fr\/graphiste\/satsuma-decoration\/#primaryimage","url":"https:\/\/www.directeur-artistique-freelance.fr\/graphiste\/wp-content\/uploads\/2018\/11\/business-card-mockup-graphisme-design-identite-visuelle.jpg","contentUrl":"https:\/\/www.directeur-artistique-freelance.fr\/graphiste\/wp-content\/uploads\/2018\/11\/business-card-mockup-graphisme-design-identite-visuelle.jpg","width":1500,"height":1080},{"@type":"BreadcrumbList","@id":"https:\/\/www.directeur-artistique-freelance.fr\/graphiste\/satsuma-decoration\/#breadcrumb","itemListElement":[{"@type":"ListItem","position":1,"name":"Accueil","item":"https:\/\/www.directeur-artistique-freelance.fr\/graphiste\/"},{"@type":"ListItem","position":2,"name":"Satsuma D\u00e9coration"}]},{"@type":"WebSite","@id":"https:\/\/www.directeur-artistique-freelance.fr\/graphiste\/#website","url":"https:\/\/www.directeur-artistique-freelance.fr\/graphiste\/","name":"Graphiste Freelance","description":"Saint Germain en Laye 78","publisher":{"@id":"https:\/\/www.directeur-artistique-freelance.fr\/graphiste\/#organization"},"potentialAction":[{"@type":"SearchAction","target":{"@type":"EntryPoint","urlTemplate":"https:\/\/www.directeur-artistique-freelance.fr\/graphiste\/?s={search_term_string}"},"query-input":{"@type":"PropertyValueSpecification","valueRequired":true,"valueName":"search_term_string"}}],"inLanguage":"fr-FR"},{"@type":"Organization","@id":"https:\/\/www.directeur-artistique-freelance.fr\/graphiste\/#organization","name":"Anne Pieussergues Dherbicourt","url":"https:\/\/www.directeur-artistique-freelance.fr\/graphiste\/","logo":{"@type":"ImageObject","inLanguage":"fr-FR","@id":"https:\/\/www.directeur-artistique-freelance.fr\/graphiste\/#\/schema\/logo\/image\/","url":"https:\/\/www.directeur-artistique-freelance.fr\/graphiste\/wp-content\/uploads\/2019\/06\/graphiste-freelance-saint-germain-en-laye.png","contentUrl":"https:\/\/www.directeur-artistique-freelance.fr\/graphiste\/wp-content\/uploads\/2019\/06\/graphiste-freelance-saint-germain-en-laye.png","width":667,"height":200,"caption":"Anne Pieussergues Dherbicourt"},"image":{"@id":"https:\/\/www.directeur-artistique-freelance.fr\/graphiste\/#\/schema\/logo\/image\/"},"sameAs":["https:\/\/www.facebook.com\/annepieusserguesdherbicourt\/","https:\/\/x.com\/Cheesenane","https:\/\/www.instagram.com\/anne_pieussergues_dherbicourt\/","https:\/\/www.linkedin.com\/in\/anne-pieussergues-dherbicourt-61603812\/","https:\/\/www.pinterest.fr\/cheesenane\/my-artwork\/"]},{"@type":"Person","@id":"https:\/\/www.directeur-artistique-freelance.fr\/graphiste\/#\/schema\/person\/7a179c6e49ca4d029f1c0f9aac0b5e03","name":"Freelance","image":{"@type":"ImageObject","inLanguage":"fr-FR","@id":"https:\/\/www.directeur-artistique-freelance.fr\/graphiste\/#\/schema\/person\/image\/","url":"https:\/\/www.directeur-artistique-freelance.fr\/graphiste\/wp-content\/litespeed\/avatar\/6f6844df38c3851153fa746d447a597e.jpg?ver=1777339941","contentUrl":"https:\/\/www.directeur-artistique-freelance.fr\/graphiste\/wp-content\/litespeed\/avatar\/6f6844df38c3851153fa746d447a597e.jpg?ver=1777339941","caption":"Freelance"},"url":"https:\/\/www.directeur-artistique-freelance.fr\/graphiste\/author\/freelance\/"}]}},"_links":{"self":[{"href":"https:\/\/www.directeur-artistique-freelance.fr\/graphiste\/wp-json\/wp\/v2\/posts\/48","targetHints":{"allow":["GET"]}}],"collection":[{"href":"https:\/\/www.directeur-artistique-freelance.fr\/graphiste\/wp-json\/wp\/v2\/posts"}],"about":[{"href":"https:\/\/www.directeur-artistique-freelance.fr\/graphiste\/wp-json\/wp\/v2\/types\/post"}],"author":[{"embeddable":true,"href":"https:\/\/www.directeur-artistique-freelance.fr\/graphiste\/wp-json\/wp\/v2\/users\/1"}],"replies":[{"embeddable":true,"href":"https:\/\/www.directeur-artistique-freelance.fr\/graphiste\/wp-json\/wp\/v2\/comments?post=48"}],"version-history":[{"count":5,"href":"https:\/\/www.directeur-artistique-freelance.fr\/graphiste\/wp-json\/wp\/v2\/posts\/48\/revisions"}],"predecessor-version":[{"id":2961,"href":"https:\/\/www.directeur-artistique-freelance.fr\/graphiste\/wp-json\/wp\/v2\/posts\/48\/revisions\/2961"}],"wp:featuredmedia":[{"embeddable":true,"href":"https:\/\/www.directeur-artistique-freelance.fr\/graphiste\/wp-json\/wp\/v2\/media\/49"}],"wp:attachment":[{"href":"https:\/\/www.directeur-artistique-freelance.fr\/graphiste\/wp-json\/wp\/v2\/media?parent=48"}],"wp:term":[{"taxonomy":"category","embeddable":true,"href":"https:\/\/www.directeur-artistique-freelance.fr\/graphiste\/wp-json\/wp\/v2\/categories?post=48"},{"taxonomy":"post_tag","embeddable":true,"href":"https:\/\/www.directeur-artistique-freelance.fr\/graphiste\/wp-json\/wp\/v2\/tags?post=48"}],"curies":[{"name":"wp","href":"https:\/\/api.w.org\/{rel}","templated":true}]}}