{"id":4325,"date":"2025-08-19T16:11:29","date_gmt":"2025-08-19T14:11:29","guid":{"rendered":"https:\/\/www.directeur-artistique-freelance.fr\/graphiste\/?p=4325"},"modified":"2025-08-19T18:00:10","modified_gmt":"2025-08-19T16:00:10","slug":"citallios","status":"publish","type":"post","link":"https:\/\/www.directeur-artistique-freelance.fr\/graphiste\/citallios\/","title":{"rendered":"Citallios"},"content":{"rendered":"\t\t<div data-elementor-type=\"wp-post\" data-elementor-id=\"4325\" class=\"elementor elementor-4325\" data-elementor-post-type=\"post\">\n\t\t\t\t\t\t<section class=\"elementor-section elementor-top-section elementor-element elementor-element-3d7d6c8 elementor-section-boxed elementor-section-height-default elementor-section-height-default\" data-id=\"3d7d6c8\" data-element_type=\"section\">\n\t\t\t\t\t\t<div class=\"elementor-container elementor-column-gap-default\">\n\t\t\t\t\t<div class=\"elementor-column elementor-col-100 elementor-top-column elementor-element elementor-element-a0c8c3b\" data-id=\"a0c8c3b\" data-element_type=\"column\">\n\t\t\t<div class=\"elementor-widget-wrap elementor-element-populated\">\n\t\t\t\t\t\t<div class=\"elementor-element elementor-element-981e9e0 elementor-widget elementor-widget-image\" data-id=\"981e9e0\" data-element_type=\"widget\" data-widget_type=\"image.default\">\n\t\t\t\t<div class=\"elementor-widget-container\">\n\t\t\t\t\t\t\t\t\t\t\t\t\t\t\t<img fetchpriority=\"high\" decoding=\"async\" width=\"1920\" height=\"823\" src=\"https:\/\/www.directeur-artistique-freelance.fr\/graphiste\/wp-content\/uploads\/2025\/08\/bandeau-photo-jardin-citallios-rouget-de-lisle2.jpg\" class=\"attachment-full size-full wp-image-4333\" alt=\"\" srcset=\"https:\/\/www.directeur-artistique-freelance.fr\/graphiste\/wp-content\/uploads\/2025\/08\/bandeau-photo-jardin-citallios-rouget-de-lisle2.jpg 1920w, https:\/\/www.directeur-artistique-freelance.fr\/graphiste\/wp-content\/uploads\/2025\/08\/bandeau-photo-jardin-citallios-rouget-de-lisle2-300x129.jpg 300w, https:\/\/www.directeur-artistique-freelance.fr\/graphiste\/wp-content\/uploads\/2025\/08\/bandeau-photo-jardin-citallios-rouget-de-lisle2-1024x439.jpg 1024w, https:\/\/www.directeur-artistique-freelance.fr\/graphiste\/wp-content\/uploads\/2025\/08\/bandeau-photo-jardin-citallios-rouget-de-lisle2-768x329.jpg 768w, https:\/\/www.directeur-artistique-freelance.fr\/graphiste\/wp-content\/uploads\/2025\/08\/bandeau-photo-jardin-citallios-rouget-de-lisle2-1536x658.jpg 1536w\" sizes=\"(max-width: 1920px) 100vw, 1920px\" \/>\t\t\t\t\t\t\t\t\t\t\t\t\t\t\t<\/div>\n\t\t\t\t<\/div>\n\t\t\t\t\t<\/div>\n\t\t<\/div>\n\t\t\t\t\t<\/div>\n\t\t<\/section>\n\t\t\t\t<section class=\"elementor-section elementor-top-section elementor-element elementor-element-db349a3 elementor-section-boxed elementor-section-height-default elementor-section-height-default\" data-id=\"db349a3\" data-element_type=\"section\">\n\t\t\t\t\t\t<div class=\"elementor-container elementor-column-gap-default\">\n\t\t\t\t\t<div class=\"elementor-column elementor-col-100 elementor-top-column elementor-element elementor-element-9f8d269\" data-id=\"9f8d269\" data-element_type=\"column\">\n\t\t\t<div class=\"elementor-widget-wrap elementor-element-populated\">\n\t\t\t\t\t\t<div class=\"elementor-element elementor-element-4686186 elementor-align-start elementor-icon-list--layout-traditional elementor-list-item-link-full_width elementor-widget elementor-widget-icon-list\" data-id=\"4686186\" data-element_type=\"widget\" data-widget_type=\"icon-list.default\">\n\t\t\t\t<div class=\"elementor-widget-container\">\n\t\t\t\t\t\t\t<ul class=\"elementor-icon-list-items\">\n\t\t\t\t\t\t\t<li class=\"elementor-icon-list-item\">\n\t\t\t\t\t\t\t\t\t\t\t<span class=\"elementor-icon-list-icon\">\n\t\t\t\t\t\t\t<i aria-hidden=\"true\" class=\"fab fa-envira\"><\/i>\t\t\t\t\t\t<\/span>\n\t\t\t\t\t\t\t\t\t\t<span class=\"elementor-icon-list-text\">Client:\tCitallios<\/span>\n\t\t\t\t\t\t\t\t\t<\/li>\n\t\t\t\t\t\t\t\t<li class=\"elementor-icon-list-item\">\n\t\t\t\t\t\t\t\t\t\t\t<span class=\"elementor-icon-list-icon\">\n\t\t\t\t\t\t\t<i aria-hidden=\"true\" class=\"fas fa-calendar-alt\"><\/i>\t\t\t\t\t\t<\/span>\n\t\t\t\t\t\t\t\t\t\t<span class=\"elementor-icon-list-text\">2022-2025<\/span>\n\t\t\t\t\t\t\t\t\t<\/li>\n\t\t\t\t\t\t<\/ul>\n\t\t\t\t\t\t<\/div>\n\t\t\t\t<\/div>\n\t\t\t\t\t<\/div>\n\t\t<\/div>\n\t\t\t\t\t<\/div>\n\t\t<\/section>\n\t\t\t\t<section class=\"elementor-section elementor-top-section elementor-element elementor-element-73c071e elementor-section-boxed elementor-section-height-default elementor-section-height-default\" data-id=\"73c071e\" data-element_type=\"section\">\n\t\t\t\t\t\t<div class=\"elementor-container elementor-column-gap-default\">\n\t\t\t\t\t<div class=\"elementor-column elementor-col-100 elementor-top-column elementor-element elementor-element-6b1ff9c\" data-id=\"6b1ff9c\" data-element_type=\"column\">\n\t\t\t<div class=\"elementor-widget-wrap elementor-element-populated\">\n\t\t\t\t\t\t<div class=\"elementor-element elementor-element-1a911c0 elementor-widget elementor-widget-heading\" data-id=\"1a911c0\" data-element_type=\"widget\" data-widget_type=\"heading.default\">\n\t\t\t\t<div class=\"elementor-widget-container\">\n\t\t\t\t\t<h1 class=\"elementor-heading-title elementor-size-default\">Nouvelles illustrations pour l\u2019\u00c9coquartier Rouget-de-Lisle \u00e0 Poissy<\/h1>\t\t\t\t<\/div>\n\t\t\t\t<\/div>\n\t\t\t\t\t<\/div>\n\t\t<\/div>\n\t\t\t\t\t<\/div>\n\t\t<\/section>\n\t\t\t\t<section class=\"elementor-section elementor-top-section elementor-element elementor-element-4f14e6f elementor-section-boxed elementor-section-height-default elementor-section-height-default\" data-id=\"4f14e6f\" data-element_type=\"section\">\n\t\t\t\t\t\t<div class=\"elementor-container elementor-column-gap-default\">\n\t\t\t\t\t<div class=\"elementor-column elementor-col-100 elementor-top-column elementor-element elementor-element-29e591a\" data-id=\"29e591a\" data-element_type=\"column\">\n\t\t\t<div class=\"elementor-widget-wrap elementor-element-populated\">\n\t\t\t\t\t\t<div class=\"elementor-element elementor-element-9a4af3f elementor-widget elementor-widget-text-editor\" data-id=\"9a4af3f\" data-element_type=\"widget\" data-widget_type=\"text-editor.default\">\n\t\t\t\t<div class=\"elementor-widget-container\">\n\t\t\t\t\t\t\t\t\t<p class=\"p1\">J\u2019ai eu le plaisir de collaborer avec <b>CITALLIOS<\/b> dans le cadre du projet d\u2019am\u00e9nagement de l\u2019<b>\u00c9coquartier Rouget-de-Lisle<\/b> \u00e0 Poissy.<br \/>Situ\u00e9 sur une ancienne friche ferroviaire, ce futur quartier-jardin comptera \u00e0 terme plus de <b>2 200 logements<\/b> et s\u2019organisera autour du <b>parc Rouget-de-Lisle<\/b>, v\u00e9ritable poumon vert favorisant les mobilit\u00e9s douces et reliant le centre-ville aux quartiers voisins.<\/p><p class=\"p1\">Pour accompagner la pr\u00e9sentation du projet, j\u2019ai r\u00e9alis\u00e9 une s\u00e9rie d\u2019illustrations <b>aux crayons de couleur<\/b> repr\u00e9sentant la faune et la flore locales : oiseaux, insectes, petits mammif\u00e8res, arbres et v\u00e9g\u00e9taux.<br \/>Ces dessins mettent en lumi\u00e8re la richesse de la biodiversit\u00e9 int\u00e9gr\u00e9e au c\u0153ur du projet urbain.<\/p><p class=\"p1\">Un grand merci \u00e0 <b>CITALLIOS<\/b> et aux acteurs du projet pour leur confiance dans cette belle aventure graphique et environnementale.<\/p>\t\t\t\t\t\t\t\t<\/div>\n\t\t\t\t<\/div>\n\t\t\t\t\t<\/div>\n\t\t<\/div>\n\t\t\t\t\t<\/div>\n\t\t<\/section>\n\t\t\t\t<section class=\"elementor-section elementor-top-section elementor-element elementor-element-b5694fc elementor-section-boxed elementor-section-height-default elementor-section-height-default\" data-id=\"b5694fc\" data-element_type=\"section\">\n\t\t\t\t\t\t<div class=\"elementor-container elementor-column-gap-default\">\n\t\t\t\t\t<div class=\"elementor-column elementor-col-100 elementor-top-column elementor-element elementor-element-3af6e7e\" data-id=\"3af6e7e\" data-element_type=\"column\">\n\t\t\t<div class=\"elementor-widget-wrap elementor-element-populated\">\n\t\t\t\t\t\t<div class=\"elementor-element elementor-element-e4df0e0 elementor-widget elementor-widget-image\" data-id=\"e4df0e0\" data-element_type=\"widget\" data-widget_type=\"image.default\">\n\t\t\t\t<div class=\"elementor-widget-container\">\n\t\t\t\t\t\t\t\t\t\t\t\t\t\t\t<img decoding=\"async\" width=\"2560\" height=\"1097\" src=\"https:\/\/www.directeur-artistique-freelance.fr\/graphiste\/wp-content\/uploads\/2025\/08\/adp-triptyque-citallios_3animaux-scaled.jpg\" class=\"attachment-full size-full wp-image-4334\" alt=\"\" srcset=\"https:\/\/www.directeur-artistique-freelance.fr\/graphiste\/wp-content\/uploads\/2025\/08\/adp-triptyque-citallios_3animaux-scaled.jpg 2560w, https:\/\/www.directeur-artistique-freelance.fr\/graphiste\/wp-content\/uploads\/2025\/08\/adp-triptyque-citallios_3animaux-300x129.jpg 300w, https:\/\/www.directeur-artistique-freelance.fr\/graphiste\/wp-content\/uploads\/2025\/08\/adp-triptyque-citallios_3animaux-1024x439.jpg 1024w, https:\/\/www.directeur-artistique-freelance.fr\/graphiste\/wp-content\/uploads\/2025\/08\/adp-triptyque-citallios_3animaux-768x329.jpg 768w, https:\/\/www.directeur-artistique-freelance.fr\/graphiste\/wp-content\/uploads\/2025\/08\/adp-triptyque-citallios_3animaux-1536x658.jpg 1536w, https:\/\/www.directeur-artistique-freelance.fr\/graphiste\/wp-content\/uploads\/2025\/08\/adp-triptyque-citallios_3animaux-2048x878.jpg 2048w\" sizes=\"(max-width: 2560px) 100vw, 2560px\" \/>\t\t\t\t\t\t\t\t\t\t\t\t\t\t\t<\/div>\n\t\t\t\t<\/div>\n\t\t\t\t\t<\/div>\n\t\t<\/div>\n\t\t\t\t\t<\/div>\n\t\t<\/section>\n\t\t\t\t<section class=\"elementor-section elementor-top-section elementor-element elementor-element-996124e elementor-section-boxed elementor-section-height-default elementor-section-height-default\" data-id=\"996124e\" data-element_type=\"section\">\n\t\t\t\t\t\t<div class=\"elementor-container elementor-column-gap-default\">\n\t\t\t\t\t<div class=\"elementor-column elementor-col-100 elementor-top-column elementor-element elementor-element-e2bff7a\" data-id=\"e2bff7a\" data-element_type=\"column\">\n\t\t\t<div class=\"elementor-widget-wrap elementor-element-populated\">\n\t\t\t\t\t\t<div class=\"elementor-element elementor-element-d3ef4b0 elementor-widget elementor-widget-image\" data-id=\"d3ef4b0\" data-element_type=\"widget\" data-widget_type=\"image.default\">\n\t\t\t\t<div class=\"elementor-widget-container\">\n\t\t\t\t\t\t\t\t\t\t\t\t\t\t\t<img decoding=\"async\" width=\"2560\" height=\"1097\" src=\"https:\/\/www.directeur-artistique-freelance.fr\/graphiste\/wp-content\/uploads\/2025\/08\/adp-triptyque-citallios_3oiseaux-scaled.jpg\" class=\"attachment-full size-full wp-image-4339\" alt=\"\" srcset=\"https:\/\/www.directeur-artistique-freelance.fr\/graphiste\/wp-content\/uploads\/2025\/08\/adp-triptyque-citallios_3oiseaux-scaled.jpg 2560w, https:\/\/www.directeur-artistique-freelance.fr\/graphiste\/wp-content\/uploads\/2025\/08\/adp-triptyque-citallios_3oiseaux-300x129.jpg 300w, https:\/\/www.directeur-artistique-freelance.fr\/graphiste\/wp-content\/uploads\/2025\/08\/adp-triptyque-citallios_3oiseaux-1024x439.jpg 1024w, https:\/\/www.directeur-artistique-freelance.fr\/graphiste\/wp-content\/uploads\/2025\/08\/adp-triptyque-citallios_3oiseaux-768x329.jpg 768w, https:\/\/www.directeur-artistique-freelance.fr\/graphiste\/wp-content\/uploads\/2025\/08\/adp-triptyque-citallios_3oiseaux-1536x658.jpg 1536w, https:\/\/www.directeur-artistique-freelance.fr\/graphiste\/wp-content\/uploads\/2025\/08\/adp-triptyque-citallios_3oiseaux-2048x878.jpg 2048w\" sizes=\"(max-width: 2560px) 100vw, 2560px\" \/>\t\t\t\t\t\t\t\t\t\t\t\t\t\t\t<\/div>\n\t\t\t\t<\/div>\n\t\t\t\t\t<\/div>\n\t\t<\/div>\n\t\t\t\t\t<\/div>\n\t\t<\/section>\n\t\t\t\t<section class=\"elementor-section elementor-top-section elementor-element elementor-element-4b1c7bf elementor-section-boxed elementor-section-height-default elementor-section-height-default\" data-id=\"4b1c7bf\" data-element_type=\"section\">\n\t\t\t\t\t\t<div class=\"elementor-container elementor-column-gap-default\">\n\t\t\t\t\t<div class=\"elementor-column elementor-col-100 elementor-top-column elementor-element elementor-element-a377572\" data-id=\"a377572\" data-element_type=\"column\">\n\t\t\t<div class=\"elementor-widget-wrap elementor-element-populated\">\n\t\t\t\t\t\t<div class=\"elementor-element elementor-element-73d0752 elementor-widget elementor-widget-image\" data-id=\"73d0752\" data-element_type=\"widget\" data-widget_type=\"image.default\">\n\t\t\t\t<div class=\"elementor-widget-container\">\n\t\t\t\t\t\t\t\t\t\t\t\t\t\t\t<img loading=\"lazy\" decoding=\"async\" width=\"2560\" height=\"1097\" src=\"https:\/\/www.directeur-artistique-freelance.fr\/graphiste\/wp-content\/uploads\/2025\/08\/adp-triptyque-citallios_3arbre1-scaled.jpg\" class=\"attachment-full size-full wp-image-4335\" alt=\"\" srcset=\"https:\/\/www.directeur-artistique-freelance.fr\/graphiste\/wp-content\/uploads\/2025\/08\/adp-triptyque-citallios_3arbre1-scaled.jpg 2560w, https:\/\/www.directeur-artistique-freelance.fr\/graphiste\/wp-content\/uploads\/2025\/08\/adp-triptyque-citallios_3arbre1-300x129.jpg 300w, https:\/\/www.directeur-artistique-freelance.fr\/graphiste\/wp-content\/uploads\/2025\/08\/adp-triptyque-citallios_3arbre1-1024x439.jpg 1024w, https:\/\/www.directeur-artistique-freelance.fr\/graphiste\/wp-content\/uploads\/2025\/08\/adp-triptyque-citallios_3arbre1-768x329.jpg 768w, https:\/\/www.directeur-artistique-freelance.fr\/graphiste\/wp-content\/uploads\/2025\/08\/adp-triptyque-citallios_3arbre1-1536x658.jpg 1536w, https:\/\/www.directeur-artistique-freelance.fr\/graphiste\/wp-content\/uploads\/2025\/08\/adp-triptyque-citallios_3arbre1-2048x878.jpg 2048w\" sizes=\"(max-width: 2560px) 100vw, 2560px\" \/>\t\t\t\t\t\t\t\t\t\t\t\t\t\t\t<\/div>\n\t\t\t\t<\/div>\n\t\t\t\t\t<\/div>\n\t\t<\/div>\n\t\t\t\t\t<\/div>\n\t\t<\/section>\n\t\t\t\t<section class=\"elementor-section elementor-top-section elementor-element elementor-element-2a7c4fe elementor-section-boxed elementor-section-height-default elementor-section-height-default\" data-id=\"2a7c4fe\" data-element_type=\"section\">\n\t\t\t\t\t\t<div class=\"elementor-container elementor-column-gap-default\">\n\t\t\t\t\t<div class=\"elementor-column elementor-col-100 elementor-top-column elementor-element elementor-element-b5fb5fe\" data-id=\"b5fb5fe\" data-element_type=\"column\">\n\t\t\t<div class=\"elementor-widget-wrap elementor-element-populated\">\n\t\t\t\t\t\t<div class=\"elementor-element elementor-element-a6c2bdf elementor-widget elementor-widget-image\" data-id=\"a6c2bdf\" data-element_type=\"widget\" data-widget_type=\"image.default\">\n\t\t\t\t<div class=\"elementor-widget-container\">\n\t\t\t\t\t\t\t\t\t\t\t\t\t\t\t<img loading=\"lazy\" decoding=\"async\" width=\"2560\" height=\"1097\" src=\"https:\/\/www.directeur-artistique-freelance.fr\/graphiste\/wp-content\/uploads\/2025\/08\/adp-triptyque-citallios_3fleurs-scaled.jpg\" class=\"attachment-full size-full wp-image-4337\" alt=\"\" srcset=\"https:\/\/www.directeur-artistique-freelance.fr\/graphiste\/wp-content\/uploads\/2025\/08\/adp-triptyque-citallios_3fleurs-scaled.jpg 2560w, https:\/\/www.directeur-artistique-freelance.fr\/graphiste\/wp-content\/uploads\/2025\/08\/adp-triptyque-citallios_3fleurs-300x129.jpg 300w, https:\/\/www.directeur-artistique-freelance.fr\/graphiste\/wp-content\/uploads\/2025\/08\/adp-triptyque-citallios_3fleurs-1024x439.jpg 1024w, https:\/\/www.directeur-artistique-freelance.fr\/graphiste\/wp-content\/uploads\/2025\/08\/adp-triptyque-citallios_3fleurs-768x329.jpg 768w, https:\/\/www.directeur-artistique-freelance.fr\/graphiste\/wp-content\/uploads\/2025\/08\/adp-triptyque-citallios_3fleurs-1536x658.jpg 1536w, https:\/\/www.directeur-artistique-freelance.fr\/graphiste\/wp-content\/uploads\/2025\/08\/adp-triptyque-citallios_3fleurs-2048x878.jpg 2048w\" sizes=\"(max-width: 2560px) 100vw, 2560px\" \/>\t\t\t\t\t\t\t\t\t\t\t\t\t\t\t<\/div>\n\t\t\t\t<\/div>\n\t\t\t\t\t<\/div>\n\t\t<\/div>\n\t\t\t\t\t<\/div>\n\t\t<\/section>\n\t\t\t\t<section class=\"elementor-section elementor-top-section elementor-element elementor-element-b61c3e1 elementor-section-boxed elementor-section-height-default elementor-section-height-default\" data-id=\"b61c3e1\" data-element_type=\"section\">\n\t\t\t\t\t\t<div class=\"elementor-container elementor-column-gap-default\">\n\t\t\t\t\t<div class=\"elementor-column elementor-col-100 elementor-top-column elementor-element elementor-element-d893d7b\" data-id=\"d893d7b\" data-element_type=\"column\">\n\t\t\t<div class=\"elementor-widget-wrap elementor-element-populated\">\n\t\t\t\t\t\t<div class=\"elementor-element elementor-element-e467111 elementor-widget elementor-widget-image\" data-id=\"e467111\" data-element_type=\"widget\" data-widget_type=\"image.default\">\n\t\t\t\t<div class=\"elementor-widget-container\">\n\t\t\t\t\t\t\t\t\t\t\t\t\t\t\t<img loading=\"lazy\" decoding=\"async\" width=\"800\" height=\"343\" src=\"https:\/\/www.directeur-artistique-freelance.fr\/graphiste\/wp-content\/uploads\/2025\/08\/adp-triptyque-citallios_INSECTES_2-1024x439.jpg\" class=\"attachment-large size-large wp-image-4340\" alt=\"\" srcset=\"https:\/\/www.directeur-artistique-freelance.fr\/graphiste\/wp-content\/uploads\/2025\/08\/adp-triptyque-citallios_INSECTES_2-1024x439.jpg 1024w, https:\/\/www.directeur-artistique-freelance.fr\/graphiste\/wp-content\/uploads\/2025\/08\/adp-triptyque-citallios_INSECTES_2-300x129.jpg 300w, https:\/\/www.directeur-artistique-freelance.fr\/graphiste\/wp-content\/uploads\/2025\/08\/adp-triptyque-citallios_INSECTES_2-768x329.jpg 768w, https:\/\/www.directeur-artistique-freelance.fr\/graphiste\/wp-content\/uploads\/2025\/08\/adp-triptyque-citallios_INSECTES_2-1536x658.jpg 1536w, https:\/\/www.directeur-artistique-freelance.fr\/graphiste\/wp-content\/uploads\/2025\/08\/adp-triptyque-citallios_INSECTES_2-2048x878.jpg 2048w\" sizes=\"(max-width: 800px) 100vw, 800px\" \/>\t\t\t\t\t\t\t\t\t\t\t\t\t\t\t<\/div>\n\t\t\t\t<\/div>\n\t\t\t\t\t<\/div>\n\t\t<\/div>\n\t\t\t\t\t<\/div>\n\t\t<\/section>\n\t\t\t\t<section class=\"elementor-section elementor-top-section elementor-element elementor-element-5231a47 elementor-section-boxed elementor-section-height-default elementor-section-height-default\" data-id=\"5231a47\" data-element_type=\"section\">\n\t\t\t\t\t\t<div class=\"elementor-container elementor-column-gap-default\">\n\t\t\t\t\t<div class=\"elementor-column elementor-col-100 elementor-top-column elementor-element elementor-element-7d9b48b\" data-id=\"7d9b48b\" data-element_type=\"column\">\n\t\t\t<div class=\"elementor-widget-wrap elementor-element-populated\">\n\t\t\t\t\t\t<div class=\"elementor-element elementor-element-ce8302a elementor-widget elementor-widget-image\" data-id=\"ce8302a\" data-element_type=\"widget\" data-widget_type=\"image.default\">\n\t\t\t\t<div class=\"elementor-widget-container\">\n\t\t\t\t\t\t\t\t\t\t\t\t\t\t\t<img loading=\"lazy\" decoding=\"async\" width=\"2560\" height=\"1097\" src=\"https:\/\/www.directeur-artistique-freelance.fr\/graphiste\/wp-content\/uploads\/2025\/08\/adp-triptyque-citallios_3insectes-scaled.jpg\" class=\"attachment-full size-full wp-image-4338\" alt=\"\" srcset=\"https:\/\/www.directeur-artistique-freelance.fr\/graphiste\/wp-content\/uploads\/2025\/08\/adp-triptyque-citallios_3insectes-scaled.jpg 2560w, https:\/\/www.directeur-artistique-freelance.fr\/graphiste\/wp-content\/uploads\/2025\/08\/adp-triptyque-citallios_3insectes-300x129.jpg 300w, https:\/\/www.directeur-artistique-freelance.fr\/graphiste\/wp-content\/uploads\/2025\/08\/adp-triptyque-citallios_3insectes-1024x439.jpg 1024w, https:\/\/www.directeur-artistique-freelance.fr\/graphiste\/wp-content\/uploads\/2025\/08\/adp-triptyque-citallios_3insectes-768x329.jpg 768w, https:\/\/www.directeur-artistique-freelance.fr\/graphiste\/wp-content\/uploads\/2025\/08\/adp-triptyque-citallios_3insectes-1536x658.jpg 1536w, https:\/\/www.directeur-artistique-freelance.fr\/graphiste\/wp-content\/uploads\/2025\/08\/adp-triptyque-citallios_3insectes-2048x878.jpg 2048w\" sizes=\"(max-width: 2560px) 100vw, 2560px\" \/>\t\t\t\t\t\t\t\t\t\t\t\t\t\t\t<\/div>\n\t\t\t\t<\/div>\n\t\t\t\t\t<\/div>\n\t\t<\/div>\n\t\t\t\t\t<\/div>\n\t\t<\/section>\n\t\t\t\t<section class=\"elementor-section elementor-top-section elementor-element elementor-element-6ee5eec elementor-section-boxed elementor-section-height-default elementor-section-height-default\" data-id=\"6ee5eec\" data-element_type=\"section\">\n\t\t\t\t\t\t<div class=\"elementor-container elementor-column-gap-default\">\n\t\t\t\t\t<div class=\"elementor-column elementor-col-100 elementor-top-column elementor-element elementor-element-067240f\" data-id=\"067240f\" data-element_type=\"column\">\n\t\t\t<div class=\"elementor-widget-wrap elementor-element-populated\">\n\t\t\t\t\t\t<div class=\"elementor-element elementor-element-620ef06 elementor-widget elementor-widget-image\" data-id=\"620ef06\" data-element_type=\"widget\" data-widget_type=\"image.default\">\n\t\t\t\t<div class=\"elementor-widget-container\">\n\t\t\t\t\t\t\t\t\t\t\t\t\t\t\t<img loading=\"lazy\" decoding=\"async\" width=\"1920\" height=\"1516\" src=\"https:\/\/www.directeur-artistique-freelance.fr\/graphiste\/wp-content\/uploads\/2025\/08\/adp-panneau-citallios-parc-rouget-lisle-illustrations.jpg\" class=\"attachment-full size-full wp-image-4359\" alt=\"\" srcset=\"https:\/\/www.directeur-artistique-freelance.fr\/graphiste\/wp-content\/uploads\/2025\/08\/adp-panneau-citallios-parc-rouget-lisle-illustrations.jpg 1920w, https:\/\/www.directeur-artistique-freelance.fr\/graphiste\/wp-content\/uploads\/2025\/08\/adp-panneau-citallios-parc-rouget-lisle-illustrations-300x237.jpg 300w, https:\/\/www.directeur-artistique-freelance.fr\/graphiste\/wp-content\/uploads\/2025\/08\/adp-panneau-citallios-parc-rouget-lisle-illustrations-1024x809.jpg 1024w, https:\/\/www.directeur-artistique-freelance.fr\/graphiste\/wp-content\/uploads\/2025\/08\/adp-panneau-citallios-parc-rouget-lisle-illustrations-768x606.jpg 768w, https:\/\/www.directeur-artistique-freelance.fr\/graphiste\/wp-content\/uploads\/2025\/08\/adp-panneau-citallios-parc-rouget-lisle-illustrations-1536x1213.jpg 1536w\" sizes=\"(max-width: 1920px) 100vw, 1920px\" \/>\t\t\t\t\t\t\t\t\t\t\t\t\t\t\t<\/div>\n\t\t\t\t<\/div>\n\t\t\t\t\t<\/div>\n\t\t<\/div>\n\t\t\t\t\t<\/div>\n\t\t<\/section>\n\t\t\t\t<section class=\"elementor-section elementor-top-section elementor-element elementor-element-9876b45 elementor-section-boxed elementor-section-height-default elementor-section-height-default\" data-id=\"9876b45\" data-element_type=\"section\">\n\t\t\t\t\t\t<div class=\"elementor-container elementor-column-gap-default\">\n\t\t\t\t\t<div class=\"elementor-column elementor-col-100 elementor-top-column elementor-element elementor-element-f200836\" data-id=\"f200836\" data-element_type=\"column\">\n\t\t\t<div class=\"elementor-widget-wrap elementor-element-populated\">\n\t\t\t\t\t\t<div class=\"elementor-element elementor-element-b01c321 elementor-widget elementor-widget-image\" data-id=\"b01c321\" data-element_type=\"widget\" data-widget_type=\"image.default\">\n\t\t\t\t<div class=\"elementor-widget-container\">\n\t\t\t\t\t\t\t\t\t\t\t\t\t\t\t<img loading=\"lazy\" decoding=\"async\" width=\"1920\" height=\"1516\" src=\"https:\/\/www.directeur-artistique-freelance.fr\/graphiste\/wp-content\/uploads\/2025\/08\/adp-panneau-citallios-macrofaune-microfaune-illustrations.jpg\" class=\"attachment-full size-full wp-image-4358\" alt=\"\" srcset=\"https:\/\/www.directeur-artistique-freelance.fr\/graphiste\/wp-content\/uploads\/2025\/08\/adp-panneau-citallios-macrofaune-microfaune-illustrations.jpg 1920w, https:\/\/www.directeur-artistique-freelance.fr\/graphiste\/wp-content\/uploads\/2025\/08\/adp-panneau-citallios-macrofaune-microfaune-illustrations-300x237.jpg 300w, https:\/\/www.directeur-artistique-freelance.fr\/graphiste\/wp-content\/uploads\/2025\/08\/adp-panneau-citallios-macrofaune-microfaune-illustrations-1024x809.jpg 1024w, https:\/\/www.directeur-artistique-freelance.fr\/graphiste\/wp-content\/uploads\/2025\/08\/adp-panneau-citallios-macrofaune-microfaune-illustrations-768x606.jpg 768w, https:\/\/www.directeur-artistique-freelance.fr\/graphiste\/wp-content\/uploads\/2025\/08\/adp-panneau-citallios-macrofaune-microfaune-illustrations-1536x1213.jpg 1536w\" sizes=\"(max-width: 1920px) 100vw, 1920px\" \/>\t\t\t\t\t\t\t\t\t\t\t\t\t\t\t<\/div>\n\t\t\t\t<\/div>\n\t\t\t\t\t<\/div>\n\t\t<\/div>\n\t\t\t\t\t<\/div>\n\t\t<\/section>\n\t\t\t\t<section class=\"elementor-section elementor-top-section elementor-element elementor-element-5843470 elementor-section-boxed elementor-section-height-default elementor-section-height-default\" data-id=\"5843470\" data-element_type=\"section\">\n\t\t\t\t\t\t<div class=\"elementor-container elementor-column-gap-default\">\n\t\t\t\t\t<div class=\"elementor-column elementor-col-100 elementor-top-column elementor-element elementor-element-3d44ef9\" data-id=\"3d44ef9\" data-element_type=\"column\">\n\t\t\t<div class=\"elementor-widget-wrap elementor-element-populated\">\n\t\t\t\t\t\t<div class=\"elementor-element elementor-element-5e0e991 elementor-widget elementor-widget-spacer\" data-id=\"5e0e991\" data-element_type=\"widget\" data-widget_type=\"spacer.default\">\n\t\t\t\t<div class=\"elementor-widget-container\">\n\t\t\t\t\t\t\t<div class=\"elementor-spacer\">\n\t\t\t<div class=\"elementor-spacer-inner\"><\/div>\n\t\t<\/div>\n\t\t\t\t\t\t<\/div>\n\t\t\t\t<\/div>\n\t\t\t\t\t<\/div>\n\t\t<\/div>\n\t\t\t\t\t<\/div>\n\t\t<\/section>\n\t\t\t\t<\/div>\n\t\t","protected":false},"excerpt":{"rendered":"<p>Client: Citallios 2022-2025 Nouvelles illustrations pour l\u2019\u00c9coquartier Rouget-de-Lisle \u00e0 Poissy J\u2019ai eu le plaisir de collaborer avec CITALLIOS dans le cadre du projet d\u2019am\u00e9nagement de l\u2019\u00c9coquartier Rouget-de-Lisle \u00e0 Poissy.Situ\u00e9 sur une ancienne friche ferroviaire, ce futur quartier-jardin comptera \u00e0 terme plus de 2 200 logements et s\u2019organisera autour du parc Rouget-de-Lisle, v\u00e9ritable poumon vert favorisant [&hellip;]<\/p>\n","protected":false},"author":1,"featured_media":4327,"comment_status":"closed","ping_status":"closed","sticky":false,"template":"","format":"standard","meta":{"footnotes":""},"categories":[5],"tags":[],"class_list":["post-4325","post","type-post","status-publish","format-standard","has-post-thumbnail","hentry","category-illustrations"],"yoast_head":"<!-- This site is optimized with the Yoast SEO plugin v26.8 - https:\/\/yoast.com\/product\/yoast-seo-wordpress\/ -->\n<title>Citallios - Graphiste Freelance<\/title>\n<meta name=\"robots\" content=\"index, follow, max-snippet:-1, max-image-preview:large, max-video-preview:-1\" \/>\n<link rel=\"canonical\" href=\"https:\/\/www.directeur-artistique-freelance.fr\/graphiste\/citallios\/\" \/>\n<meta property=\"og:locale\" content=\"fr_FR\" \/>\n<meta property=\"og:type\" content=\"article\" \/>\n<meta property=\"og:title\" content=\"Citallios - Graphiste Freelance\" \/>\n<meta property=\"og:description\" content=\"Client: Citallios 2022-2025 Nouvelles illustrations pour l\u2019\u00c9coquartier Rouget-de-Lisle \u00e0 Poissy J\u2019ai eu le plaisir de collaborer avec CITALLIOS dans le cadre du projet d\u2019am\u00e9nagement de l\u2019\u00c9coquartier Rouget-de-Lisle \u00e0 Poissy.Situ\u00e9 sur une ancienne friche ferroviaire, ce futur quartier-jardin comptera \u00e0 terme plus de 2 200 logements et s\u2019organisera autour du parc Rouget-de-Lisle, v\u00e9ritable poumon vert favorisant [&hellip;]\" \/>\n<meta property=\"og:url\" content=\"https:\/\/www.directeur-artistique-freelance.fr\/graphiste\/citallios\/\" \/>\n<meta property=\"og:site_name\" content=\"Graphiste Freelance\" \/>\n<meta property=\"article:publisher\" content=\"https:\/\/www.facebook.com\/annepieusserguesdherbicourt\/\" \/>\n<meta property=\"article:published_time\" content=\"2025-08-19T14:11:29+00:00\" \/>\n<meta property=\"article:modified_time\" content=\"2025-08-19T16:00:10+00:00\" \/>\n<meta property=\"og:image\" content=\"https:\/\/www.directeur-artistique-freelance.fr\/graphiste\/wp-content\/uploads\/2025\/08\/adp-citallios-vignette-illustration.jpg\" \/>\n\t<meta property=\"og:image:width\" content=\"900\" \/>\n\t<meta property=\"og:image:height\" content=\"700\" \/>\n\t<meta property=\"og:image:type\" content=\"image\/jpeg\" \/>\n<meta name=\"author\" content=\"Freelance\" \/>\n<meta name=\"twitter:card\" content=\"summary_large_image\" \/>\n<meta name=\"twitter:creator\" content=\"@Cheesenane\" \/>\n<meta name=\"twitter:site\" content=\"@Cheesenane\" \/>\n<meta name=\"twitter:label1\" content=\"\u00c9crit par\" \/>\n\t<meta name=\"twitter:data1\" content=\"Freelance\" \/>\n\t<meta name=\"twitter:label2\" content=\"Dur\u00e9e de lecture estim\u00e9e\" \/>\n\t<meta name=\"twitter:data2\" content=\"3 minutes\" \/>\n<script type=\"application\/ld+json\" class=\"yoast-schema-graph\">{\"@context\":\"https:\/\/schema.org\",\"@graph\":[{\"@type\":\"Article\",\"@id\":\"https:\/\/www.directeur-artistique-freelance.fr\/graphiste\/citallios\/#article\",\"isPartOf\":{\"@id\":\"https:\/\/www.directeur-artistique-freelance.fr\/graphiste\/citallios\/\"},\"author\":{\"name\":\"Freelance\",\"@id\":\"https:\/\/www.directeur-artistique-freelance.fr\/graphiste\/#\/schema\/person\/7a179c6e49ca4d029f1c0f9aac0b5e03\"},\"headline\":\"Citallios\",\"datePublished\":\"2025-08-19T14:11:29+00:00\",\"dateModified\":\"2025-08-19T16:00:10+00:00\",\"mainEntityOfPage\":{\"@id\":\"https:\/\/www.directeur-artistique-freelance.fr\/graphiste\/citallios\/\"},\"wordCount\":147,\"publisher\":{\"@id\":\"https:\/\/www.directeur-artistique-freelance.fr\/graphiste\/#organization\"},\"image\":{\"@id\":\"https:\/\/www.directeur-artistique-freelance.fr\/graphiste\/citallios\/#primaryimage\"},\"thumbnailUrl\":\"https:\/\/www.directeur-artistique-freelance.fr\/graphiste\/wp-content\/uploads\/2025\/08\/adp-citallios-vignette-illustration.jpg\",\"articleSection\":[\"Illustrations\"],\"inLanguage\":\"fr-FR\"},{\"@type\":\"WebPage\",\"@id\":\"https:\/\/www.directeur-artistique-freelance.fr\/graphiste\/citallios\/\",\"url\":\"https:\/\/www.directeur-artistique-freelance.fr\/graphiste\/citallios\/\",\"name\":\"Citallios - Graphiste Freelance\",\"isPartOf\":{\"@id\":\"https:\/\/www.directeur-artistique-freelance.fr\/graphiste\/#website\"},\"primaryImageOfPage\":{\"@id\":\"https:\/\/www.directeur-artistique-freelance.fr\/graphiste\/citallios\/#primaryimage\"},\"image\":{\"@id\":\"https:\/\/www.directeur-artistique-freelance.fr\/graphiste\/citallios\/#primaryimage\"},\"thumbnailUrl\":\"https:\/\/www.directeur-artistique-freelance.fr\/graphiste\/wp-content\/uploads\/2025\/08\/adp-citallios-vignette-illustration.jpg\",\"datePublished\":\"2025-08-19T14:11:29+00:00\",\"dateModified\":\"2025-08-19T16:00:10+00:00\",\"breadcrumb\":{\"@id\":\"https:\/\/www.directeur-artistique-freelance.fr\/graphiste\/citallios\/#breadcrumb\"},\"inLanguage\":\"fr-FR\",\"potentialAction\":[{\"@type\":\"ReadAction\",\"target\":[\"https:\/\/www.directeur-artistique-freelance.fr\/graphiste\/citallios\/\"]}]},{\"@type\":\"ImageObject\",\"inLanguage\":\"fr-FR\",\"@id\":\"https:\/\/www.directeur-artistique-freelance.fr\/graphiste\/citallios\/#primaryimage\",\"url\":\"https:\/\/www.directeur-artistique-freelance.fr\/graphiste\/wp-content\/uploads\/2025\/08\/adp-citallios-vignette-illustration.jpg\",\"contentUrl\":\"https:\/\/www.directeur-artistique-freelance.fr\/graphiste\/wp-content\/uploads\/2025\/08\/adp-citallios-vignette-illustration.jpg\",\"width\":900,\"height\":700},{\"@type\":\"BreadcrumbList\",\"@id\":\"https:\/\/www.directeur-artistique-freelance.fr\/graphiste\/citallios\/#breadcrumb\",\"itemListElement\":[{\"@type\":\"ListItem\",\"position\":1,\"name\":\"Accueil\",\"item\":\"https:\/\/www.directeur-artistique-freelance.fr\/graphiste\/\"},{\"@type\":\"ListItem\",\"position\":2,\"name\":\"Citallios\"}]},{\"@type\":\"WebSite\",\"@id\":\"https:\/\/www.directeur-artistique-freelance.fr\/graphiste\/#website\",\"url\":\"https:\/\/www.directeur-artistique-freelance.fr\/graphiste\/\",\"name\":\"Graphiste Freelance\",\"description\":\"Saint Germain en Laye 78\",\"publisher\":{\"@id\":\"https:\/\/www.directeur-artistique-freelance.fr\/graphiste\/#organization\"},\"potentialAction\":[{\"@type\":\"SearchAction\",\"target\":{\"@type\":\"EntryPoint\",\"urlTemplate\":\"https:\/\/www.directeur-artistique-freelance.fr\/graphiste\/?s={search_term_string}\"},\"query-input\":{\"@type\":\"PropertyValueSpecification\",\"valueRequired\":true,\"valueName\":\"search_term_string\"}}],\"inLanguage\":\"fr-FR\"},{\"@type\":\"Organization\",\"@id\":\"https:\/\/www.directeur-artistique-freelance.fr\/graphiste\/#organization\",\"name\":\"Anne Pieussergues Dherbicourt\",\"url\":\"https:\/\/www.directeur-artistique-freelance.fr\/graphiste\/\",\"logo\":{\"@type\":\"ImageObject\",\"inLanguage\":\"fr-FR\",\"@id\":\"https:\/\/www.directeur-artistique-freelance.fr\/graphiste\/#\/schema\/logo\/image\/\",\"url\":\"https:\/\/www.directeur-artistique-freelance.fr\/graphiste\/wp-content\/uploads\/2019\/06\/graphiste-freelance-saint-germain-en-laye.png\",\"contentUrl\":\"https:\/\/www.directeur-artistique-freelance.fr\/graphiste\/wp-content\/uploads\/2019\/06\/graphiste-freelance-saint-germain-en-laye.png\",\"width\":667,\"height\":200,\"caption\":\"Anne Pieussergues Dherbicourt\"},\"image\":{\"@id\":\"https:\/\/www.directeur-artistique-freelance.fr\/graphiste\/#\/schema\/logo\/image\/\"},\"sameAs\":[\"https:\/\/www.facebook.com\/annepieusserguesdherbicourt\/\",\"https:\/\/x.com\/Cheesenane\",\"https:\/\/www.instagram.com\/anne_pieussergues_dherbicourt\/\",\"https:\/\/www.linkedin.com\/in\/anne-pieussergues-dherbicourt-61603812\/\",\"https:\/\/www.pinterest.fr\/cheesenane\/my-artwork\/\"]},{\"@type\":\"Person\",\"@id\":\"https:\/\/www.directeur-artistique-freelance.fr\/graphiste\/#\/schema\/person\/7a179c6e49ca4d029f1c0f9aac0b5e03\",\"name\":\"Freelance\",\"image\":{\"@type\":\"ImageObject\",\"inLanguage\":\"fr-FR\",\"@id\":\"https:\/\/www.directeur-artistique-freelance.fr\/graphiste\/#\/schema\/person\/image\/\",\"url\":\"https:\/\/www.directeur-artistique-freelance.fr\/graphiste\/wp-content\/litespeed\/avatar\/6f6844df38c3851153fa746d447a597e.jpg?ver=1777339941\",\"contentUrl\":\"https:\/\/www.directeur-artistique-freelance.fr\/graphiste\/wp-content\/litespeed\/avatar\/6f6844df38c3851153fa746d447a597e.jpg?ver=1777339941\",\"caption\":\"Freelance\"},\"url\":\"https:\/\/www.directeur-artistique-freelance.fr\/graphiste\/author\/freelance\/\"}]}<\/script>\n<!-- \/ Yoast SEO plugin. -->","yoast_head_json":{"title":"Citallios - Graphiste Freelance","robots":{"index":"index","follow":"follow","max-snippet":"max-snippet:-1","max-image-preview":"max-image-preview:large","max-video-preview":"max-video-preview:-1"},"canonical":"https:\/\/www.directeur-artistique-freelance.fr\/graphiste\/citallios\/","og_locale":"fr_FR","og_type":"article","og_title":"Citallios - Graphiste Freelance","og_description":"Client: Citallios 2022-2025 Nouvelles illustrations pour l\u2019\u00c9coquartier Rouget-de-Lisle \u00e0 Poissy J\u2019ai eu le plaisir de collaborer avec CITALLIOS dans le cadre du projet d\u2019am\u00e9nagement de l\u2019\u00c9coquartier Rouget-de-Lisle \u00e0 Poissy.Situ\u00e9 sur une ancienne friche ferroviaire, ce futur quartier-jardin comptera \u00e0 terme plus de 2 200 logements et s\u2019organisera autour du parc Rouget-de-Lisle, v\u00e9ritable poumon vert favorisant [&hellip;]","og_url":"https:\/\/www.directeur-artistique-freelance.fr\/graphiste\/citallios\/","og_site_name":"Graphiste Freelance","article_publisher":"https:\/\/www.facebook.com\/annepieusserguesdherbicourt\/","article_published_time":"2025-08-19T14:11:29+00:00","article_modified_time":"2025-08-19T16:00:10+00:00","og_image":[{"width":900,"height":700,"url":"https:\/\/www.directeur-artistique-freelance.fr\/graphiste\/wp-content\/uploads\/2025\/08\/adp-citallios-vignette-illustration.jpg","type":"image\/jpeg"}],"author":"Freelance","twitter_card":"summary_large_image","twitter_creator":"@Cheesenane","twitter_site":"@Cheesenane","twitter_misc":{"\u00c9crit par":"Freelance","Dur\u00e9e de lecture estim\u00e9e":"3 minutes"},"schema":{"@context":"https:\/\/schema.org","@graph":[{"@type":"Article","@id":"https:\/\/www.directeur-artistique-freelance.fr\/graphiste\/citallios\/#article","isPartOf":{"@id":"https:\/\/www.directeur-artistique-freelance.fr\/graphiste\/citallios\/"},"author":{"name":"Freelance","@id":"https:\/\/www.directeur-artistique-freelance.fr\/graphiste\/#\/schema\/person\/7a179c6e49ca4d029f1c0f9aac0b5e03"},"headline":"Citallios","datePublished":"2025-08-19T14:11:29+00:00","dateModified":"2025-08-19T16:00:10+00:00","mainEntityOfPage":{"@id":"https:\/\/www.directeur-artistique-freelance.fr\/graphiste\/citallios\/"},"wordCount":147,"publisher":{"@id":"https:\/\/www.directeur-artistique-freelance.fr\/graphiste\/#organization"},"image":{"@id":"https:\/\/www.directeur-artistique-freelance.fr\/graphiste\/citallios\/#primaryimage"},"thumbnailUrl":"https:\/\/www.directeur-artistique-freelance.fr\/graphiste\/wp-content\/uploads\/2025\/08\/adp-citallios-vignette-illustration.jpg","articleSection":["Illustrations"],"inLanguage":"fr-FR"},{"@type":"WebPage","@id":"https:\/\/www.directeur-artistique-freelance.fr\/graphiste\/citallios\/","url":"https:\/\/www.directeur-artistique-freelance.fr\/graphiste\/citallios\/","name":"Citallios - Graphiste Freelance","isPartOf":{"@id":"https:\/\/www.directeur-artistique-freelance.fr\/graphiste\/#website"},"primaryImageOfPage":{"@id":"https:\/\/www.directeur-artistique-freelance.fr\/graphiste\/citallios\/#primaryimage"},"image":{"@id":"https:\/\/www.directeur-artistique-freelance.fr\/graphiste\/citallios\/#primaryimage"},"thumbnailUrl":"https:\/\/www.directeur-artistique-freelance.fr\/graphiste\/wp-content\/uploads\/2025\/08\/adp-citallios-vignette-illustration.jpg","datePublished":"2025-08-19T14:11:29+00:00","dateModified":"2025-08-19T16:00:10+00:00","breadcrumb":{"@id":"https:\/\/www.directeur-artistique-freelance.fr\/graphiste\/citallios\/#breadcrumb"},"inLanguage":"fr-FR","potentialAction":[{"@type":"ReadAction","target":["https:\/\/www.directeur-artistique-freelance.fr\/graphiste\/citallios\/"]}]},{"@type":"ImageObject","inLanguage":"fr-FR","@id":"https:\/\/www.directeur-artistique-freelance.fr\/graphiste\/citallios\/#primaryimage","url":"https:\/\/www.directeur-artistique-freelance.fr\/graphiste\/wp-content\/uploads\/2025\/08\/adp-citallios-vignette-illustration.jpg","contentUrl":"https:\/\/www.directeur-artistique-freelance.fr\/graphiste\/wp-content\/uploads\/2025\/08\/adp-citallios-vignette-illustration.jpg","width":900,"height":700},{"@type":"BreadcrumbList","@id":"https:\/\/www.directeur-artistique-freelance.fr\/graphiste\/citallios\/#breadcrumb","itemListElement":[{"@type":"ListItem","position":1,"name":"Accueil","item":"https:\/\/www.directeur-artistique-freelance.fr\/graphiste\/"},{"@type":"ListItem","position":2,"name":"Citallios"}]},{"@type":"WebSite","@id":"https:\/\/www.directeur-artistique-freelance.fr\/graphiste\/#website","url":"https:\/\/www.directeur-artistique-freelance.fr\/graphiste\/","name":"Graphiste Freelance","description":"Saint Germain en Laye 78","publisher":{"@id":"https:\/\/www.directeur-artistique-freelance.fr\/graphiste\/#organization"},"potentialAction":[{"@type":"SearchAction","target":{"@type":"EntryPoint","urlTemplate":"https:\/\/www.directeur-artistique-freelance.fr\/graphiste\/?s={search_term_string}"},"query-input":{"@type":"PropertyValueSpecification","valueRequired":true,"valueName":"search_term_string"}}],"inLanguage":"fr-FR"},{"@type":"Organization","@id":"https:\/\/www.directeur-artistique-freelance.fr\/graphiste\/#organization","name":"Anne Pieussergues Dherbicourt","url":"https:\/\/www.directeur-artistique-freelance.fr\/graphiste\/","logo":{"@type":"ImageObject","inLanguage":"fr-FR","@id":"https:\/\/www.directeur-artistique-freelance.fr\/graphiste\/#\/schema\/logo\/image\/","url":"https:\/\/www.directeur-artistique-freelance.fr\/graphiste\/wp-content\/uploads\/2019\/06\/graphiste-freelance-saint-germain-en-laye.png","contentUrl":"https:\/\/www.directeur-artistique-freelance.fr\/graphiste\/wp-content\/uploads\/2019\/06\/graphiste-freelance-saint-germain-en-laye.png","width":667,"height":200,"caption":"Anne Pieussergues Dherbicourt"},"image":{"@id":"https:\/\/www.directeur-artistique-freelance.fr\/graphiste\/#\/schema\/logo\/image\/"},"sameAs":["https:\/\/www.facebook.com\/annepieusserguesdherbicourt\/","https:\/\/x.com\/Cheesenane","https:\/\/www.instagram.com\/anne_pieussergues_dherbicourt\/","https:\/\/www.linkedin.com\/in\/anne-pieussergues-dherbicourt-61603812\/","https:\/\/www.pinterest.fr\/cheesenane\/my-artwork\/"]},{"@type":"Person","@id":"https:\/\/www.directeur-artistique-freelance.fr\/graphiste\/#\/schema\/person\/7a179c6e49ca4d029f1c0f9aac0b5e03","name":"Freelance","image":{"@type":"ImageObject","inLanguage":"fr-FR","@id":"https:\/\/www.directeur-artistique-freelance.fr\/graphiste\/#\/schema\/person\/image\/","url":"https:\/\/www.directeur-artistique-freelance.fr\/graphiste\/wp-content\/litespeed\/avatar\/6f6844df38c3851153fa746d447a597e.jpg?ver=1777339941","contentUrl":"https:\/\/www.directeur-artistique-freelance.fr\/graphiste\/wp-content\/litespeed\/avatar\/6f6844df38c3851153fa746d447a597e.jpg?ver=1777339941","caption":"Freelance"},"url":"https:\/\/www.directeur-artistique-freelance.fr\/graphiste\/author\/freelance\/"}]}},"_links":{"self":[{"href":"https:\/\/www.directeur-artistique-freelance.fr\/graphiste\/wp-json\/wp\/v2\/posts\/4325","targetHints":{"allow":["GET"]}}],"collection":[{"href":"https:\/\/www.directeur-artistique-freelance.fr\/graphiste\/wp-json\/wp\/v2\/posts"}],"about":[{"href":"https:\/\/www.directeur-artistique-freelance.fr\/graphiste\/wp-json\/wp\/v2\/types\/post"}],"author":[{"embeddable":true,"href":"https:\/\/www.directeur-artistique-freelance.fr\/graphiste\/wp-json\/wp\/v2\/users\/1"}],"replies":[{"embeddable":true,"href":"https:\/\/www.directeur-artistique-freelance.fr\/graphiste\/wp-json\/wp\/v2\/comments?post=4325"}],"version-history":[{"count":22,"href":"https:\/\/www.directeur-artistique-freelance.fr\/graphiste\/wp-json\/wp\/v2\/posts\/4325\/revisions"}],"predecessor-version":[{"id":4362,"href":"https:\/\/www.directeur-artistique-freelance.fr\/graphiste\/wp-json\/wp\/v2\/posts\/4325\/revisions\/4362"}],"wp:featuredmedia":[{"embeddable":true,"href":"https:\/\/www.directeur-artistique-freelance.fr\/graphiste\/wp-json\/wp\/v2\/media\/4327"}],"wp:attachment":[{"href":"https:\/\/www.directeur-artistique-freelance.fr\/graphiste\/wp-json\/wp\/v2\/media?parent=4325"}],"wp:term":[{"taxonomy":"category","embeddable":true,"href":"https:\/\/www.directeur-artistique-freelance.fr\/graphiste\/wp-json\/wp\/v2\/categories?post=4325"},{"taxonomy":"post_tag","embeddable":true,"href":"https:\/\/www.directeur-artistique-freelance.fr\/graphiste\/wp-json\/wp\/v2\/tags?post=4325"}],"curies":[{"name":"wp","href":"https:\/\/api.w.org\/{rel}","templated":true}]}}