{"id":41,"date":"2017-07-30T23:49:41","date_gmt":"2017-07-30T21:49:41","guid":{"rendered":"http:\/\/www.directeur-artistique-freelance.fr\/graphiste\/?p=41"},"modified":"2022-08-04T18:15:25","modified_gmt":"2022-08-04T16:15:25","slug":"tidoo","status":"publish","type":"post","link":"https:\/\/www.directeur-artistique-freelance.fr\/graphiste\/tidoo\/","title":{"rendered":"TIDOO"},"content":{"rendered":"\t\t<div data-elementor-type=\"wp-post\" data-elementor-id=\"41\" class=\"elementor elementor-41\" data-elementor-post-type=\"post\">\n\t\t\t\t\t\t<section class=\"elementor-section elementor-top-section elementor-element elementor-element-c26f901 elementor-section-boxed elementor-section-height-default elementor-section-height-default\" data-id=\"c26f901\" data-element_type=\"section\">\n\t\t\t\t\t\t<div class=\"elementor-container elementor-column-gap-default\">\n\t\t\t\t\t<div class=\"elementor-column elementor-col-100 elementor-top-column elementor-element elementor-element-f246435\" data-id=\"f246435\" data-element_type=\"column\">\n\t\t\t<div class=\"elementor-widget-wrap elementor-element-populated\">\n\t\t\t\t\t\t<div class=\"elementor-element elementor-element-4d0e16f elementor-widget elementor-widget-image\" data-id=\"4d0e16f\" data-element_type=\"widget\" data-widget_type=\"image.default\">\n\t\t\t\t<div class=\"elementor-widget-container\">\n\t\t\t\t\t\t\t\t\t\t\t\t\t\t\t<img fetchpriority=\"high\" decoding=\"async\" width=\"1920\" height=\"880\" src=\"https:\/\/www.directeur-artistique-freelance.fr\/graphiste\/wp-content\/uploads\/2017\/07\/bandeau-web-graphiste-internet-communication-design.jpg\" class=\"attachment-full size-full wp-image-406\" alt=\"\" srcset=\"https:\/\/www.directeur-artistique-freelance.fr\/graphiste\/wp-content\/uploads\/2017\/07\/bandeau-web-graphiste-internet-communication-design.jpg 1920w, https:\/\/www.directeur-artistique-freelance.fr\/graphiste\/wp-content\/uploads\/2017\/07\/bandeau-web-graphiste-internet-communication-design-300x138.jpg 300w, https:\/\/www.directeur-artistique-freelance.fr\/graphiste\/wp-content\/uploads\/2017\/07\/bandeau-web-graphiste-internet-communication-design-768x352.jpg 768w, https:\/\/www.directeur-artistique-freelance.fr\/graphiste\/wp-content\/uploads\/2017\/07\/bandeau-web-graphiste-internet-communication-design-1024x469.jpg 1024w\" sizes=\"(max-width: 1920px) 100vw, 1920px\" \/>\t\t\t\t\t\t\t\t\t\t\t\t\t\t\t<\/div>\n\t\t\t\t<\/div>\n\t\t\t\t\t<\/div>\n\t\t<\/div>\n\t\t\t\t\t<\/div>\n\t\t<\/section>\n\t\t\t\t<section class=\"elementor-section elementor-top-section elementor-element elementor-element-d95898b elementor-section-boxed elementor-section-height-default elementor-section-height-default\" data-id=\"d95898b\" data-element_type=\"section\">\n\t\t\t\t\t\t<div class=\"elementor-container elementor-column-gap-default\">\n\t\t\t\t\t<div class=\"elementor-column elementor-col-100 elementor-top-column elementor-element elementor-element-078c711\" data-id=\"078c711\" data-element_type=\"column\">\n\t\t\t<div class=\"elementor-widget-wrap elementor-element-populated\">\n\t\t\t\t\t\t<div class=\"elementor-element elementor-element-823c1bc elementor-align-start elementor-icon-list--layout-traditional elementor-list-item-link-full_width elementor-widget elementor-widget-icon-list\" data-id=\"823c1bc\" data-element_type=\"widget\" data-widget_type=\"icon-list.default\">\n\t\t\t\t<div class=\"elementor-widget-container\">\n\t\t\t\t\t\t\t<ul class=\"elementor-icon-list-items\">\n\t\t\t\t\t\t\t<li class=\"elementor-icon-list-item\">\n\t\t\t\t\t\t\t\t\t\t\t<a href=\"http:\/\/tidoo.eu\/\" target=\"_blank\">\n\n\t\t\t\t\t\t\t\t\t\t\t\t<span class=\"elementor-icon-list-icon\">\n\t\t\t\t\t\t\t\t\t\t\t\t\t\t\t\t<i class=\"fa fa-envira\" aria-hidden=\"true\"><\/i>\n\t\t\t\t\t\t\t\t\t\t\t\t\t<\/span>\n\t\t\t\t\t\t\t\t\t\t<span class=\"elementor-icon-list-text\">Client:\tTidoo<\/span>\n\t\t\t\t\t\t\t\t\t\t\t<\/a>\n\t\t\t\t\t\t\t\t\t<\/li>\n\t\t\t\t\t\t\t\t<li class=\"elementor-icon-list-item\">\n\t\t\t\t\t\t\t\t\t\t\t<span class=\"elementor-icon-list-icon\">\n\t\t\t\t\t\t\t\t\t\t\t\t\t\t\t\t<i class=\"fa fa-calendar\" aria-hidden=\"true\"><\/i>\n\t\t\t\t\t\t\t\t\t\t\t\t\t<\/span>\n\t\t\t\t\t\t\t\t\t\t<span class=\"elementor-icon-list-text\"> Date:\tao\u00fbt 19, 2017<\/span>\n\t\t\t\t\t\t\t\t\t<\/li>\n\t\t\t\t\t\t<\/ul>\n\t\t\t\t\t\t<\/div>\n\t\t\t\t<\/div>\n\t\t\t\t<div class=\"elementor-element elementor-element-b7626e2 elementor-widget elementor-widget-heading\" data-id=\"b7626e2\" data-element_type=\"widget\" data-widget_type=\"heading.default\">\n\t\t\t\t<div class=\"elementor-widget-container\">\n\t\t\t\t\t<h3 class=\"elementor-heading-title elementor-size-default\">Tidoo<\/h3>\t\t\t\t<\/div>\n\t\t\t\t<\/div>\n\t\t\t\t<div class=\"elementor-element elementor-element-24f05d1 elementor-widget elementor-widget-text-editor\" data-id=\"24f05d1\" data-element_type=\"widget\" data-widget_type=\"text-editor.default\">\n\t\t\t\t<div class=\"elementor-widget-container\">\n\t\t\t\t\t\t\t\t\t<p>Les couches et culottes bio<\/p>\t\t\t\t\t\t\t\t<\/div>\n\t\t\t\t<\/div>\n\t\t\t\t<section class=\"elementor-section elementor-inner-section elementor-element elementor-element-94eadd2 elementor-section-boxed elementor-section-height-default elementor-section-height-default\" data-id=\"94eadd2\" data-element_type=\"section\">\n\t\t\t\t\t\t<div class=\"elementor-container elementor-column-gap-default\">\n\t\t\t\t\t<div class=\"elementor-column elementor-col-100 elementor-inner-column elementor-element elementor-element-a567fd6\" data-id=\"a567fd6\" data-element_type=\"column\">\n\t\t\t<div class=\"elementor-widget-wrap elementor-element-populated\">\n\t\t\t\t\t\t<div class=\"elementor-element elementor-element-3bda7a3 elementor-widget elementor-widget-text-editor\" data-id=\"3bda7a3\" data-element_type=\"widget\" data-widget_type=\"text-editor.default\">\n\t\t\t\t<div class=\"elementor-widget-container\">\n\t\t\t\t\t\t\t\t\t<p>Gamme de soins bio pour b\u00e9b\u00e9 made in France.<br \/>Pour cette marque j\u2019ai d\u2019abord re-design\u00e9 l\u2019identit\u00e9 visuelle Tidoo\u00ae Care. Ensuite j\u2019ai d\u00e9velopp\u00e9 tous les packagings de la gamme.<br \/>Puis j\u2019ai cr\u00e9\u00e9 les outils de communication li\u00e9s \u00e0 la gamme : annonces presse, \u00e9tiquettes, PLV, fiches, leaflets, coupons, etc\u2026<br \/>J\u2019ai \u00e9galement d\u00e9velopp\u00e9 de nombreux outils pour la marque Tidoo\u00ae pour leur produits couches et culottes d\u2019apprentissage : annonce presse, \u00e9tiquettes, PLV, fiches, leaflets, coupons, etc\u2026<\/p>\t\t\t\t\t\t\t\t<\/div>\n\t\t\t\t<\/div>\n\t\t\t\t\t<\/div>\n\t\t<\/div>\n\t\t\t\t\t<\/div>\n\t\t<\/section>\n\t\t\t\t\t<\/div>\n\t\t<\/div>\n\t\t\t\t\t<\/div>\n\t\t<\/section>\n\t\t\t\t<section class=\"elementor-section elementor-top-section elementor-element elementor-element-1e4f666 elementor-section-boxed elementor-section-height-default elementor-section-height-default\" data-id=\"1e4f666\" data-element_type=\"section\">\n\t\t\t\t\t\t<div class=\"elementor-container elementor-column-gap-default\">\n\t\t\t\t\t<div class=\"elementor-column elementor-col-100 elementor-top-column elementor-element elementor-element-967990b\" data-id=\"967990b\" data-element_type=\"column\">\n\t\t\t<div class=\"elementor-widget-wrap elementor-element-populated\">\n\t\t\t\t\t\t<div class=\"elementor-element elementor-element-9d5ab82 elementor-widget elementor-widget-image-gallery\" data-id=\"9d5ab82\" data-element_type=\"widget\" data-widget_type=\"image-gallery.default\">\n\t\t\t\t<div class=\"elementor-widget-container\">\n\t\t\t\t\t\t\t<div class=\"elementor-image-gallery\">\n\t\t\t<div id='gallery-1' class='gallery galleryid-41 gallery-columns-2 gallery-size-full'><figure class='gallery-item'>\n\t\t\t<div class='gallery-icon landscape'>\n\t\t\t\t<a data-elementor-open-lightbox=\"yes\" data-elementor-lightbox-slideshow=\"9d5ab82\" data-elementor-lightbox-title=\"TIDOO-BANDEAU_V3\" data-e-action-hash=\"#elementor-action%3Aaction%3Dlightbox%26settings%3DeyJpZCI6NDA1LCJ1cmwiOiJodHRwczpcL1wvd3d3LmRpcmVjdGV1ci1hcnRpc3RpcXVlLWZyZWVsYW5jZS5mclwvZ3JhcGhpc3RlXC93cC1jb250ZW50XC91cGxvYWRzXC8yMDE3XC8wN1wvcGhvdG9tb250YWdlLXdlYi1pbnRlcm5ldC1jb21tdW5pY2F0aW9uLXJlc2VhdS1wdWIuanBnIiwic2xpZGVzaG93IjoiOWQ1YWI4MiJ9\" href='https:\/\/www.directeur-artistique-freelance.fr\/graphiste\/wp-content\/uploads\/2017\/07\/photomontage-web-internet-communication-reseau-pub.jpg'><img width=\"1200\" height=\"960\" src=\"https:\/\/www.directeur-artistique-freelance.fr\/graphiste\/wp-content\/uploads\/2017\/07\/photomontage-web-internet-communication-reseau-pub.jpg\" class=\"attachment-full size-full\" alt=\"\" decoding=\"async\" srcset=\"https:\/\/www.directeur-artistique-freelance.fr\/graphiste\/wp-content\/uploads\/2017\/07\/photomontage-web-internet-communication-reseau-pub.jpg 1200w, https:\/\/www.directeur-artistique-freelance.fr\/graphiste\/wp-content\/uploads\/2017\/07\/photomontage-web-internet-communication-reseau-pub-300x240.jpg 300w, https:\/\/www.directeur-artistique-freelance.fr\/graphiste\/wp-content\/uploads\/2017\/07\/photomontage-web-internet-communication-reseau-pub-768x614.jpg 768w, https:\/\/www.directeur-artistique-freelance.fr\/graphiste\/wp-content\/uploads\/2017\/07\/photomontage-web-internet-communication-reseau-pub-1024x819.jpg 1024w\" sizes=\"(max-width: 1200px) 100vw, 1200px\" \/><\/a>\n\t\t\t<\/div><\/figure><figure class='gallery-item'>\n\t\t\t<div class='gallery-icon landscape'>\n\t\t\t\t<a data-elementor-open-lightbox=\"yes\" data-elementor-lightbox-slideshow=\"9d5ab82\" data-elementor-lightbox-title=\"ADP_Tidoo_3volets_02b\" data-e-action-hash=\"#elementor-action%3Aaction%3Dlightbox%26settings%3DeyJpZCI6NDQ0LCJ1cmwiOiJodHRwczpcL1wvd3d3LmRpcmVjdGV1ci1hcnRpc3RpcXVlLWZyZWVsYW5jZS5mclwvZ3JhcGhpc3RlXC93cC1jb250ZW50XC91cGxvYWRzXC8yMDE4XC8xMlwvcHJpbnQtbGVhZmxldC1ncmFwaGlzdGUtM3ZvbGV0cy1kZXBsaWFudC1jcmVhdGlvbi1wcmludC1mcmVlbGFuY2UtcG9pc3N5LmpwZyIsInNsaWRlc2hvdyI6IjlkNWFiODIifQ%3D%3D\" href='https:\/\/www.directeur-artistique-freelance.fr\/graphiste\/wp-content\/uploads\/2018\/12\/print-leaflet-graphiste-3volets-depliant-creation-print-freelance-poissy.jpg'><img width=\"1920\" height=\"1440\" src=\"https:\/\/www.directeur-artistique-freelance.fr\/graphiste\/wp-content\/uploads\/2018\/12\/print-leaflet-graphiste-3volets-depliant-creation-print-freelance-poissy.jpg\" class=\"attachment-full size-full\" alt=\"\" decoding=\"async\" srcset=\"https:\/\/www.directeur-artistique-freelance.fr\/graphiste\/wp-content\/uploads\/2018\/12\/print-leaflet-graphiste-3volets-depliant-creation-print-freelance-poissy.jpg 1920w, https:\/\/www.directeur-artistique-freelance.fr\/graphiste\/wp-content\/uploads\/2018\/12\/print-leaflet-graphiste-3volets-depliant-creation-print-freelance-poissy-300x225.jpg 300w, https:\/\/www.directeur-artistique-freelance.fr\/graphiste\/wp-content\/uploads\/2018\/12\/print-leaflet-graphiste-3volets-depliant-creation-print-freelance-poissy-768x576.jpg 768w, https:\/\/www.directeur-artistique-freelance.fr\/graphiste\/wp-content\/uploads\/2018\/12\/print-leaflet-graphiste-3volets-depliant-creation-print-freelance-poissy-1024x768.jpg 1024w\" sizes=\"(max-width: 1920px) 100vw, 1920px\" \/><\/a>\n\t\t\t<\/div><\/figure><figure class='gallery-item'>\n\t\t\t<div class='gallery-icon landscape'>\n\t\t\t\t<a data-elementor-open-lightbox=\"yes\" data-elementor-lightbox-slideshow=\"9d5ab82\" data-elementor-lightbox-title=\"ADP_Tidoo_3volets_01b\" data-e-action-hash=\"#elementor-action%3Aaction%3Dlightbox%26settings%3DeyJpZCI6NDQzLCJ1cmwiOiJodHRwczpcL1wvd3d3LmRpcmVjdGV1ci1hcnRpc3RpcXVlLWZyZWVsYW5jZS5mclwvZ3JhcGhpc3RlXC93cC1jb250ZW50XC91cGxvYWRzXC8yMDE4XC8xMlwvY3JlYXRpb24tbGVhZmxldC1ncmFwaGlzdGUtZGVzaWduLXB1YmxpY2l0ZS1wcmludC1jaGF0b3UuanBnIiwic2xpZGVzaG93IjoiOWQ1YWI4MiJ9\" href='https:\/\/www.directeur-artistique-freelance.fr\/graphiste\/wp-content\/uploads\/2018\/12\/creation-leaflet-graphiste-design-publicite-print-chatou.jpg'><img loading=\"lazy\" width=\"1920\" height=\"1440\" src=\"https:\/\/www.directeur-artistique-freelance.fr\/graphiste\/wp-content\/uploads\/2018\/12\/creation-leaflet-graphiste-design-publicite-print-chatou.jpg\" class=\"attachment-full size-full\" alt=\"\" decoding=\"async\" srcset=\"https:\/\/www.directeur-artistique-freelance.fr\/graphiste\/wp-content\/uploads\/2018\/12\/creation-leaflet-graphiste-design-publicite-print-chatou.jpg 1920w, https:\/\/www.directeur-artistique-freelance.fr\/graphiste\/wp-content\/uploads\/2018\/12\/creation-leaflet-graphiste-design-publicite-print-chatou-300x225.jpg 300w, https:\/\/www.directeur-artistique-freelance.fr\/graphiste\/wp-content\/uploads\/2018\/12\/creation-leaflet-graphiste-design-publicite-print-chatou-768x576.jpg 768w, https:\/\/www.directeur-artistique-freelance.fr\/graphiste\/wp-content\/uploads\/2018\/12\/creation-leaflet-graphiste-design-publicite-print-chatou-1024x768.jpg 1024w\" sizes=\"(max-width: 1920px) 100vw, 1920px\" \/><\/a>\n\t\t\t<\/div><\/figure><figure class='gallery-item'>\n\t\t\t<div class='gallery-icon landscape'>\n\t\t\t\t<a data-elementor-open-lightbox=\"yes\" data-elementor-lightbox-slideshow=\"9d5ab82\" data-elementor-lightbox-title=\"ADP_Tidoo_APbiocontact_02b\" data-e-action-hash=\"#elementor-action%3Aaction%3Dlightbox%26settings%3DeyJpZCI6NDQyLCJ1cmwiOiJodHRwczpcL1wvd3d3LmRpcmVjdGV1ci1hcnRpc3RpcXVlLWZyZWVsYW5jZS5mclwvZ3JhcGhpc3RlXC93cC1jb250ZW50XC91cGxvYWRzXC8yMDE4XC8xMlwvcHVibGljaXRlLW1hZ2F6aW5lLWNyZWF0aW9uLWdyYXBoaXRlLWZyZWVsYW5jZS1yZXVpbGxtYWxtYWlzb24uanBnIiwic2xpZGVzaG93IjoiOWQ1YWI4MiJ9\" href='https:\/\/www.directeur-artistique-freelance.fr\/graphiste\/wp-content\/uploads\/2018\/12\/publicite-magazine-creation-graphite-freelance-reuillmalmaison.jpg'><img loading=\"lazy\" width=\"1920\" height=\"1280\" src=\"https:\/\/www.directeur-artistique-freelance.fr\/graphiste\/wp-content\/uploads\/2018\/12\/publicite-magazine-creation-graphite-freelance-reuillmalmaison.jpg\" class=\"attachment-full size-full\" alt=\"\" decoding=\"async\" srcset=\"https:\/\/www.directeur-artistique-freelance.fr\/graphiste\/wp-content\/uploads\/2018\/12\/publicite-magazine-creation-graphite-freelance-reuillmalmaison.jpg 1920w, https:\/\/www.directeur-artistique-freelance.fr\/graphiste\/wp-content\/uploads\/2018\/12\/publicite-magazine-creation-graphite-freelance-reuillmalmaison-300x200.jpg 300w, https:\/\/www.directeur-artistique-freelance.fr\/graphiste\/wp-content\/uploads\/2018\/12\/publicite-magazine-creation-graphite-freelance-reuillmalmaison-768x512.jpg 768w, https:\/\/www.directeur-artistique-freelance.fr\/graphiste\/wp-content\/uploads\/2018\/12\/publicite-magazine-creation-graphite-freelance-reuillmalmaison-1024x683.jpg 1024w\" sizes=\"(max-width: 1920px) 100vw, 1920px\" \/><\/a>\n\t\t\t<\/div><\/figure><figure class='gallery-item'>\n\t\t\t<div class='gallery-icon landscape'>\n\t\t\t\t<a data-elementor-open-lightbox=\"yes\" data-elementor-lightbox-slideshow=\"9d5ab82\" data-elementor-lightbox-title=\"ADP_Tidoo_Coupon_02\" data-e-action-hash=\"#elementor-action%3Aaction%3Dlightbox%26settings%3DeyJpZCI6NDQwLCJ1cmwiOiJodHRwczpcL1wvd3d3LmRpcmVjdGV1ci1hcnRpc3RpcXVlLWZyZWVsYW5jZS5mclwvZ3JhcGhpc3RlXC93cC1jb250ZW50XC91cGxvYWRzXC8yMDE4XC8xMlwvYm9uLXJlZHVjdGlvbi1jcmVhdGlvbi1jb3Vwb24tcGFja2FnaW5nLWdyYXBoaXN0ZS1mcmVlbGFuY2UtNzguanBnIiwic2xpZGVzaG93IjoiOWQ1YWI4MiJ9\" href='https:\/\/www.directeur-artistique-freelance.fr\/graphiste\/wp-content\/uploads\/2018\/12\/bon-reduction-creation-coupon-packaging-graphiste-freelance-78.jpg'><img loading=\"lazy\" width=\"1920\" height=\"1440\" src=\"https:\/\/www.directeur-artistique-freelance.fr\/graphiste\/wp-content\/uploads\/2018\/12\/bon-reduction-creation-coupon-packaging-graphiste-freelance-78.jpg\" class=\"attachment-full size-full\" alt=\"\" decoding=\"async\" srcset=\"https:\/\/www.directeur-artistique-freelance.fr\/graphiste\/wp-content\/uploads\/2018\/12\/bon-reduction-creation-coupon-packaging-graphiste-freelance-78.jpg 1920w, https:\/\/www.directeur-artistique-freelance.fr\/graphiste\/wp-content\/uploads\/2018\/12\/bon-reduction-creation-coupon-packaging-graphiste-freelance-78-300x225.jpg 300w, https:\/\/www.directeur-artistique-freelance.fr\/graphiste\/wp-content\/uploads\/2018\/12\/bon-reduction-creation-coupon-packaging-graphiste-freelance-78-768x576.jpg 768w, https:\/\/www.directeur-artistique-freelance.fr\/graphiste\/wp-content\/uploads\/2018\/12\/bon-reduction-creation-coupon-packaging-graphiste-freelance-78-1024x768.jpg 1024w\" sizes=\"(max-width: 1920px) 100vw, 1920px\" \/><\/a>\n\t\t\t<\/div><\/figure><figure class='gallery-item'>\n\t\t\t<div class='gallery-icon landscape'>\n\t\t\t\t<a data-elementor-open-lightbox=\"yes\" data-elementor-lightbox-slideshow=\"9d5ab82\" data-elementor-lightbox-title=\"ADP_TIdooAP_08\" data-e-action-hash=\"#elementor-action%3Aaction%3Dlightbox%26settings%3DeyJpZCI6NDM4LCJ1cmwiOiJodHRwczpcL1wvd3d3LmRpcmVjdGV1ci1hcnRpc3RpcXVlLWZyZWVsYW5jZS5mclwvZ3JhcGhpc3RlXC93cC1jb250ZW50XC91cGxvYWRzXC8yMDE4XC8xMlwvY3JlYXRpb24tcHVibGljaXRlLW1hZ2F6aW5lLWNvbW11bmljYXRpb24tYnJhbmRpbmctcGFja2FnaW5nLWVuZmFudC5qcGciLCJzbGlkZXNob3ciOiI5ZDVhYjgyIn0%3D\" href='https:\/\/www.directeur-artistique-freelance.fr\/graphiste\/wp-content\/uploads\/2018\/12\/creation-publicite-magazine-communication-branding-packaging-enfant.jpg'><img loading=\"lazy\" width=\"1920\" height=\"1280\" src=\"https:\/\/www.directeur-artistique-freelance.fr\/graphiste\/wp-content\/uploads\/2018\/12\/creation-publicite-magazine-communication-branding-packaging-enfant.jpg\" class=\"attachment-full size-full\" alt=\"\" decoding=\"async\" srcset=\"https:\/\/www.directeur-artistique-freelance.fr\/graphiste\/wp-content\/uploads\/2018\/12\/creation-publicite-magazine-communication-branding-packaging-enfant.jpg 1920w, https:\/\/www.directeur-artistique-freelance.fr\/graphiste\/wp-content\/uploads\/2018\/12\/creation-publicite-magazine-communication-branding-packaging-enfant-300x200.jpg 300w, https:\/\/www.directeur-artistique-freelance.fr\/graphiste\/wp-content\/uploads\/2018\/12\/creation-publicite-magazine-communication-branding-packaging-enfant-768x512.jpg 768w, https:\/\/www.directeur-artistique-freelance.fr\/graphiste\/wp-content\/uploads\/2018\/12\/creation-publicite-magazine-communication-branding-packaging-enfant-1024x683.jpg 1024w\" sizes=\"(max-width: 1920px) 100vw, 1920px\" \/><\/a>\n\t\t\t<\/div><\/figure><figure class='gallery-item'>\n\t\t\t<div class='gallery-icon landscape'>\n\t\t\t\t<a data-elementor-open-lightbox=\"yes\" data-elementor-lightbox-slideshow=\"9d5ab82\" data-elementor-lightbox-title=\"ADP_TIdooAP_07\" data-e-action-hash=\"#elementor-action%3Aaction%3Dlightbox%26settings%3DeyJpZCI6NDM3LCJ1cmwiOiJodHRwczpcL1wvd3d3LmRpcmVjdGV1ci1hcnRpc3RpcXVlLWZyZWVsYW5jZS5mclwvZ3JhcGhpc3RlXC93cC1jb250ZW50XC91cGxvYWRzXC8yMDE4XC8xMlwvcHVibGljaXRlLW1hZ2F6aW5lLWNvbW11bmljYXRpb24tcGFja2FnaW5nLWJpby1mcmVlbGFuY2UuanBnIiwic2xpZGVzaG93IjoiOWQ1YWI4MiJ9\" href='https:\/\/www.directeur-artistique-freelance.fr\/graphiste\/wp-content\/uploads\/2018\/12\/publicite-magazine-communication-packaging-bio-freelance.jpg'><img loading=\"lazy\" width=\"1920\" height=\"1280\" src=\"https:\/\/www.directeur-artistique-freelance.fr\/graphiste\/wp-content\/uploads\/2018\/12\/publicite-magazine-communication-packaging-bio-freelance.jpg\" class=\"attachment-full size-full\" alt=\"\" decoding=\"async\" srcset=\"https:\/\/www.directeur-artistique-freelance.fr\/graphiste\/wp-content\/uploads\/2018\/12\/publicite-magazine-communication-packaging-bio-freelance.jpg 1920w, https:\/\/www.directeur-artistique-freelance.fr\/graphiste\/wp-content\/uploads\/2018\/12\/publicite-magazine-communication-packaging-bio-freelance-300x200.jpg 300w, https:\/\/www.directeur-artistique-freelance.fr\/graphiste\/wp-content\/uploads\/2018\/12\/publicite-magazine-communication-packaging-bio-freelance-768x512.jpg 768w, https:\/\/www.directeur-artistique-freelance.fr\/graphiste\/wp-content\/uploads\/2018\/12\/publicite-magazine-communication-packaging-bio-freelance-1024x683.jpg 1024w\" sizes=\"(max-width: 1920px) 100vw, 1920px\" \/><\/a>\n\t\t\t<\/div><\/figure><figure class='gallery-item'>\n\t\t\t<div class='gallery-icon landscape'>\n\t\t\t\t<a data-elementor-open-lightbox=\"yes\" data-elementor-lightbox-slideshow=\"9d5ab82\" data-elementor-lightbox-title=\"ADP_TIdooAP_06\" data-e-action-hash=\"#elementor-action%3Aaction%3Dlightbox%26settings%3DeyJpZCI6NDM2LCJ1cmwiOiJodHRwczpcL1wvd3d3LmRpcmVjdGV1ci1hcnRpc3RpcXVlLWZyZWVsYW5jZS5mclwvZ3JhcGhpc3RlXC93cC1jb250ZW50XC91cGxvYWRzXC8yMDE4XC8xMlwvY29tbXVuaWNhdGlvbi1hbm5vbmNlLXByZXNzZS1tYWdhemluZS1wdWJsaWNpdGUtZ3JhcGhpc3RlLWZyZWVsYW5jZS1wcmludC5qcGciLCJzbGlkZXNob3ciOiI5ZDVhYjgyIn0%3D\" href='https:\/\/www.directeur-artistique-freelance.fr\/graphiste\/wp-content\/uploads\/2018\/12\/communication-annonce-presse-magazine-publicite-graphiste-freelance-print.jpg'><img loading=\"lazy\" width=\"1920\" height=\"1280\" src=\"https:\/\/www.directeur-artistique-freelance.fr\/graphiste\/wp-content\/uploads\/2018\/12\/communication-annonce-presse-magazine-publicite-graphiste-freelance-print.jpg\" class=\"attachment-full size-full\" alt=\"\" decoding=\"async\" srcset=\"https:\/\/www.directeur-artistique-freelance.fr\/graphiste\/wp-content\/uploads\/2018\/12\/communication-annonce-presse-magazine-publicite-graphiste-freelance-print.jpg 1920w, https:\/\/www.directeur-artistique-freelance.fr\/graphiste\/wp-content\/uploads\/2018\/12\/communication-annonce-presse-magazine-publicite-graphiste-freelance-print-300x200.jpg 300w, https:\/\/www.directeur-artistique-freelance.fr\/graphiste\/wp-content\/uploads\/2018\/12\/communication-annonce-presse-magazine-publicite-graphiste-freelance-print-768x512.jpg 768w, https:\/\/www.directeur-artistique-freelance.fr\/graphiste\/wp-content\/uploads\/2018\/12\/communication-annonce-presse-magazine-publicite-graphiste-freelance-print-1024x683.jpg 1024w\" sizes=\"(max-width: 1920px) 100vw, 1920px\" \/><\/a>\n\t\t\t<\/div><\/figure><figure class='gallery-item'>\n\t\t\t<div class='gallery-icon landscape'>\n\t\t\t\t<a data-elementor-open-lightbox=\"yes\" data-elementor-lightbox-slideshow=\"9d5ab82\" data-elementor-lightbox-title=\"ADP_TIdooAP_05\" data-e-action-hash=\"#elementor-action%3Aaction%3Dlightbox%26settings%3DeyJpZCI6NDM1LCJ1cmwiOiJodHRwczpcL1wvd3d3LmRpcmVjdGV1ci1hcnRpc3RpcXVlLWZyZWVsYW5jZS5mclwvZ3JhcGhpc3RlXC93cC1jb250ZW50XC91cGxvYWRzXC8yMDE4XC8xMlwvcHVibGljaXRlLWFubm9uY2UtcHJlc3NlLWNvbW11bmljYXRpb24tZ3JhcGhpc3RlLXByZXNzZS1mcmVlbGFuY2UuanBnIiwic2xpZGVzaG93IjoiOWQ1YWI4MiJ9\" href='https:\/\/www.directeur-artistique-freelance.fr\/graphiste\/wp-content\/uploads\/2018\/12\/publicite-annonce-presse-communication-graphiste-presse-freelance.jpg'><img loading=\"lazy\" width=\"1920\" height=\"1280\" src=\"https:\/\/www.directeur-artistique-freelance.fr\/graphiste\/wp-content\/uploads\/2018\/12\/publicite-annonce-presse-communication-graphiste-presse-freelance.jpg\" class=\"attachment-full size-full\" alt=\"\" decoding=\"async\" srcset=\"https:\/\/www.directeur-artistique-freelance.fr\/graphiste\/wp-content\/uploads\/2018\/12\/publicite-annonce-presse-communication-graphiste-presse-freelance.jpg 1920w, https:\/\/www.directeur-artistique-freelance.fr\/graphiste\/wp-content\/uploads\/2018\/12\/publicite-annonce-presse-communication-graphiste-presse-freelance-300x200.jpg 300w, https:\/\/www.directeur-artistique-freelance.fr\/graphiste\/wp-content\/uploads\/2018\/12\/publicite-annonce-presse-communication-graphiste-presse-freelance-768x512.jpg 768w, https:\/\/www.directeur-artistique-freelance.fr\/graphiste\/wp-content\/uploads\/2018\/12\/publicite-annonce-presse-communication-graphiste-presse-freelance-1024x683.jpg 1024w\" sizes=\"(max-width: 1920px) 100vw, 1920px\" \/><\/a>\n\t\t\t<\/div><\/figure><figure class='gallery-item'>\n\t\t\t<div class='gallery-icon landscape'>\n\t\t\t\t<a data-elementor-open-lightbox=\"yes\" data-elementor-lightbox-slideshow=\"9d5ab82\" data-elementor-lightbox-title=\"ADP_TIdooAP_04\" data-e-action-hash=\"#elementor-action%3Aaction%3Dlightbox%26settings%3DeyJpZCI6NDM0LCJ1cmwiOiJodHRwczpcL1wvd3d3LmRpcmVjdGV1ci1hcnRpc3RpcXVlLWZyZWVsYW5jZS5mclwvZ3JhcGhpc3RlXC93cC1jb250ZW50XC91cGxvYWRzXC8yMDE4XC8xMlwvcHViLWFubm9uY2UtcHJlc3NlLWdyYXBoaXNtZS1waG90b29udGFnZS1wdWJsaWNpdGUtbWFnYXppbmUtZnJlZWxhbmNlLXl2ZWxpbmVzLmpwZyIsInNsaWRlc2hvdyI6IjlkNWFiODIifQ%3D%3D\" href='https:\/\/www.directeur-artistique-freelance.fr\/graphiste\/wp-content\/uploads\/2018\/12\/pub-annonce-presse-graphisme-photoontage-publicite-magazine-freelance-yvelines.jpg'><img loading=\"lazy\" width=\"1920\" height=\"1280\" src=\"https:\/\/www.directeur-artistique-freelance.fr\/graphiste\/wp-content\/uploads\/2018\/12\/pub-annonce-presse-graphisme-photoontage-publicite-magazine-freelance-yvelines.jpg\" class=\"attachment-full size-full\" alt=\"\" decoding=\"async\" srcset=\"https:\/\/www.directeur-artistique-freelance.fr\/graphiste\/wp-content\/uploads\/2018\/12\/pub-annonce-presse-graphisme-photoontage-publicite-magazine-freelance-yvelines.jpg 1920w, https:\/\/www.directeur-artistique-freelance.fr\/graphiste\/wp-content\/uploads\/2018\/12\/pub-annonce-presse-graphisme-photoontage-publicite-magazine-freelance-yvelines-300x200.jpg 300w, https:\/\/www.directeur-artistique-freelance.fr\/graphiste\/wp-content\/uploads\/2018\/12\/pub-annonce-presse-graphisme-photoontage-publicite-magazine-freelance-yvelines-768x512.jpg 768w, https:\/\/www.directeur-artistique-freelance.fr\/graphiste\/wp-content\/uploads\/2018\/12\/pub-annonce-presse-graphisme-photoontage-publicite-magazine-freelance-yvelines-1024x683.jpg 1024w\" sizes=\"(max-width: 1920px) 100vw, 1920px\" \/><\/a>\n\t\t\t<\/div><\/figure><figure class='gallery-item'>\n\t\t\t<div class='gallery-icon landscape'>\n\t\t\t\t<a data-elementor-open-lightbox=\"yes\" data-elementor-lightbox-slideshow=\"9d5ab82\" data-elementor-lightbox-title=\"ADP_TidooAP_03\" data-e-action-hash=\"#elementor-action%3Aaction%3Dlightbox%26settings%3DeyJpZCI6NDMzLCJ1cmwiOiJodHRwczpcL1wvd3d3LmRpcmVjdGV1ci1hcnRpc3RpcXVlLWZyZWVsYW5jZS5mclwvZ3JhcGhpc3RlXC93cC1jb250ZW50XC91cGxvYWRzXC8yMDE4XC8xMlwvcHVibGljaXRlLWFubm9uY2UtcHJlc3NlLW1hZ2F6aW5lLXBob3RvbW9udGFnZS1hZHZlcnQtYWQtY29tbXVuaWNhdGlvbi03OC5qcGciLCJzbGlkZXNob3ciOiI5ZDVhYjgyIn0%3D\" href='https:\/\/www.directeur-artistique-freelance.fr\/graphiste\/wp-content\/uploads\/2018\/12\/publicite-annonce-presse-magazine-photomontage-advert-ad-communication-78.jpg'><img loading=\"lazy\" width=\"1920\" height=\"1280\" src=\"https:\/\/www.directeur-artistique-freelance.fr\/graphiste\/wp-content\/uploads\/2018\/12\/publicite-annonce-presse-magazine-photomontage-advert-ad-communication-78.jpg\" class=\"attachment-full size-full\" alt=\"\" decoding=\"async\" srcset=\"https:\/\/www.directeur-artistique-freelance.fr\/graphiste\/wp-content\/uploads\/2018\/12\/publicite-annonce-presse-magazine-photomontage-advert-ad-communication-78.jpg 1920w, https:\/\/www.directeur-artistique-freelance.fr\/graphiste\/wp-content\/uploads\/2018\/12\/publicite-annonce-presse-magazine-photomontage-advert-ad-communication-78-300x200.jpg 300w, https:\/\/www.directeur-artistique-freelance.fr\/graphiste\/wp-content\/uploads\/2018\/12\/publicite-annonce-presse-magazine-photomontage-advert-ad-communication-78-768x512.jpg 768w, https:\/\/www.directeur-artistique-freelance.fr\/graphiste\/wp-content\/uploads\/2018\/12\/publicite-annonce-presse-magazine-photomontage-advert-ad-communication-78-1024x683.jpg 1024w\" sizes=\"(max-width: 1920px) 100vw, 1920px\" \/><\/a>\n\t\t\t<\/div><\/figure><figure class='gallery-item'>\n\t\t\t<div class='gallery-icon landscape'>\n\t\t\t\t<a data-elementor-open-lightbox=\"yes\" data-elementor-lightbox-slideshow=\"9d5ab82\" data-elementor-lightbox-title=\"ADP_Tidoo_Encart_01\" data-e-action-hash=\"#elementor-action%3Aaction%3Dlightbox%26settings%3DeyJpZCI6NDMxLCJ1cmwiOiJodHRwczpcL1wvd3d3LmRpcmVjdGV1ci1hcnRpc3RpcXVlLWZyZWVsYW5jZS5mclwvZ3JhcGhpc3RlXC93cC1jb250ZW50XC91cGxvYWRzXC8yMDE4XC8xMlwvZ3JhcGhpc3RlLWZyZWVsYW5jZS1wcmludC1sZWFmbGV0LWZseWVyLWNyZWF0aW9uLWJyYW5kaW5nLmpwZyIsInNsaWRlc2hvdyI6IjlkNWFiODIifQ%3D%3D\" href='https:\/\/www.directeur-artistique-freelance.fr\/graphiste\/wp-content\/uploads\/2018\/12\/graphiste-freelance-print-leaflet-flyer-creation-branding.jpg'><img loading=\"lazy\" width=\"1920\" height=\"1440\" src=\"https:\/\/www.directeur-artistique-freelance.fr\/graphiste\/wp-content\/uploads\/2018\/12\/graphiste-freelance-print-leaflet-flyer-creation-branding.jpg\" class=\"attachment-full size-full\" alt=\"\" decoding=\"async\" srcset=\"https:\/\/www.directeur-artistique-freelance.fr\/graphiste\/wp-content\/uploads\/2018\/12\/graphiste-freelance-print-leaflet-flyer-creation-branding.jpg 1920w, https:\/\/www.directeur-artistique-freelance.fr\/graphiste\/wp-content\/uploads\/2018\/12\/graphiste-freelance-print-leaflet-flyer-creation-branding-300x225.jpg 300w, https:\/\/www.directeur-artistique-freelance.fr\/graphiste\/wp-content\/uploads\/2018\/12\/graphiste-freelance-print-leaflet-flyer-creation-branding-768x576.jpg 768w, https:\/\/www.directeur-artistique-freelance.fr\/graphiste\/wp-content\/uploads\/2018\/12\/graphiste-freelance-print-leaflet-flyer-creation-branding-1024x768.jpg 1024w\" sizes=\"(max-width: 1920px) 100vw, 1920px\" \/><\/a>\n\t\t\t<\/div><\/figure><figure class='gallery-item'>\n\t\t\t<div class='gallery-icon landscape'>\n\t\t\t\t<a data-elementor-open-lightbox=\"yes\" data-elementor-lightbox-slideshow=\"9d5ab82\" data-elementor-lightbox-title=\"ADP_Tidoo_toise\" data-e-action-hash=\"#elementor-action%3Aaction%3Dlightbox%26settings%3DeyJpZCI6NDMyLCJ1cmwiOiJodHRwczpcL1wvd3d3LmRpcmVjdGV1ci1hcnRpc3RpcXVlLWZyZWVsYW5jZS5mclwvZ3JhcGhpc3RlXC93cC1jb250ZW50XC91cGxvYWRzXC8yMDE4XC8xMlwvY3JlYXRpb24tc3RpY2tlci1lbmZhbnQtZ3JhcGhpc3RlLWRlc2lnbi1vYmpldC1wdWJsaWNpdGFpcmUtY29tbXVuaWNhdGlvbi1nb29kaWVzLmpwZyIsInNsaWRlc2hvdyI6IjlkNWFiODIifQ%3D%3D\" href='https:\/\/www.directeur-artistique-freelance.fr\/graphiste\/wp-content\/uploads\/2018\/12\/creation-sticker-enfant-graphiste-design-objet-publicitaire-communication-goodies.jpg'><img loading=\"lazy\" width=\"1920\" height=\"1647\" src=\"https:\/\/www.directeur-artistique-freelance.fr\/graphiste\/wp-content\/uploads\/2018\/12\/creation-sticker-enfant-graphiste-design-objet-publicitaire-communication-goodies.jpg\" class=\"attachment-full size-full\" alt=\"\" decoding=\"async\" srcset=\"https:\/\/www.directeur-artistique-freelance.fr\/graphiste\/wp-content\/uploads\/2018\/12\/creation-sticker-enfant-graphiste-design-objet-publicitaire-communication-goodies.jpg 1920w, https:\/\/www.directeur-artistique-freelance.fr\/graphiste\/wp-content\/uploads\/2018\/12\/creation-sticker-enfant-graphiste-design-objet-publicitaire-communication-goodies-300x257.jpg 300w, https:\/\/www.directeur-artistique-freelance.fr\/graphiste\/wp-content\/uploads\/2018\/12\/creation-sticker-enfant-graphiste-design-objet-publicitaire-communication-goodies-768x659.jpg 768w, https:\/\/www.directeur-artistique-freelance.fr\/graphiste\/wp-content\/uploads\/2018\/12\/creation-sticker-enfant-graphiste-design-objet-publicitaire-communication-goodies-1024x878.jpg 1024w\" sizes=\"(max-width: 1920px) 100vw, 1920px\" \/><\/a>\n\t\t\t<\/div><\/figure><figure class='gallery-item'>\n\t\t\t<div class='gallery-icon landscape'>\n\t\t\t\t<a data-elementor-open-lightbox=\"yes\" data-elementor-lightbox-slideshow=\"9d5ab82\" data-elementor-lightbox-title=\"ADP_Tidoo_APbiocontact_01\" data-e-action-hash=\"#elementor-action%3Aaction%3Dlightbox%26settings%3DeyJpZCI6NDI4LCJ1cmwiOiJodHRwczpcL1wvd3d3LmRpcmVjdGV1ci1hcnRpc3RpcXVlLWZyZWVsYW5jZS5mclwvZ3JhcGhpc3RlXC93cC1jb250ZW50XC91cGxvYWRzXC8yMDE4XC8xMlwvZ3JhcGhpc21lLXB1YmxpY2l0ZS1wdWItbWFnLW1hZ2F6aW5lLWZyZWVsYW5jZS1jb21tdW5pY2F0aW9uLmpwZyIsInNsaWRlc2hvdyI6IjlkNWFiODIifQ%3D%3D\" href='https:\/\/www.directeur-artistique-freelance.fr\/graphiste\/wp-content\/uploads\/2018\/12\/graphisme-publicite-pub-mag-magazine-freelance-communication.jpg'><img loading=\"lazy\" width=\"1920\" height=\"1280\" src=\"https:\/\/www.directeur-artistique-freelance.fr\/graphiste\/wp-content\/uploads\/2018\/12\/graphisme-publicite-pub-mag-magazine-freelance-communication.jpg\" class=\"attachment-full size-full\" alt=\"\" decoding=\"async\" srcset=\"https:\/\/www.directeur-artistique-freelance.fr\/graphiste\/wp-content\/uploads\/2018\/12\/graphisme-publicite-pub-mag-magazine-freelance-communication.jpg 1920w, https:\/\/www.directeur-artistique-freelance.fr\/graphiste\/wp-content\/uploads\/2018\/12\/graphisme-publicite-pub-mag-magazine-freelance-communication-300x200.jpg 300w, https:\/\/www.directeur-artistique-freelance.fr\/graphiste\/wp-content\/uploads\/2018\/12\/graphisme-publicite-pub-mag-magazine-freelance-communication-768x512.jpg 768w, https:\/\/www.directeur-artistique-freelance.fr\/graphiste\/wp-content\/uploads\/2018\/12\/graphisme-publicite-pub-mag-magazine-freelance-communication-1024x683.jpg 1024w\" sizes=\"(max-width: 1920px) 100vw, 1920px\" \/><\/a>\n\t\t\t<\/div><\/figure><figure class='gallery-item'>\n\t\t\t<div class='gallery-icon landscape'>\n\t\t\t\t<a data-elementor-open-lightbox=\"yes\" data-elementor-lightbox-slideshow=\"9d5ab82\" data-elementor-lightbox-title=\"ADP_Tidoo_4x3\" data-e-action-hash=\"#elementor-action%3Aaction%3Dlightbox%26settings%3DeyJpZCI6NDI3LCJ1cmwiOiJodHRwczpcL1wvd3d3LmRpcmVjdGV1ci1hcnRpc3RpcXVlLWZyZWVsYW5jZS5mclwvZ3JhcGhpc3RlXC93cC1jb250ZW50XC91cGxvYWRzXC8yMDE4XC8xMlwvcHVibGljaXRlLWNvbW11bmljYXRpb24tNHgzLWdyYXBoaXN0ZS1mcmVlbGFuY2UteXZlbGluZXMtNzguanBnIiwic2xpZGVzaG93IjoiOWQ1YWI4MiJ9\" href='https:\/\/www.directeur-artistique-freelance.fr\/graphiste\/wp-content\/uploads\/2018\/12\/publicite-communication-4x3-graphiste-freelance-yvelines-78.jpg'><img loading=\"lazy\" width=\"1920\" height=\"1440\" src=\"https:\/\/www.directeur-artistique-freelance.fr\/graphiste\/wp-content\/uploads\/2018\/12\/publicite-communication-4x3-graphiste-freelance-yvelines-78.jpg\" class=\"attachment-full size-full\" alt=\"\" decoding=\"async\" srcset=\"https:\/\/www.directeur-artistique-freelance.fr\/graphiste\/wp-content\/uploads\/2018\/12\/publicite-communication-4x3-graphiste-freelance-yvelines-78.jpg 1920w, https:\/\/www.directeur-artistique-freelance.fr\/graphiste\/wp-content\/uploads\/2018\/12\/publicite-communication-4x3-graphiste-freelance-yvelines-78-300x225.jpg 300w, https:\/\/www.directeur-artistique-freelance.fr\/graphiste\/wp-content\/uploads\/2018\/12\/publicite-communication-4x3-graphiste-freelance-yvelines-78-768x576.jpg 768w, https:\/\/www.directeur-artistique-freelance.fr\/graphiste\/wp-content\/uploads\/2018\/12\/publicite-communication-4x3-graphiste-freelance-yvelines-78-1024x768.jpg 1024w\" sizes=\"(max-width: 1920px) 100vw, 1920px\" \/><\/a>\n\t\t\t<\/div><\/figure><figure class='gallery-item'>\n\t\t\t<div class='gallery-icon landscape'>\n\t\t\t\t<a data-elementor-open-lightbox=\"yes\" data-elementor-lightbox-slideshow=\"9d5ab82\" data-elementor-lightbox-title=\"ADP_Tidoo_4x3_02b\" data-e-action-hash=\"#elementor-action%3Aaction%3Dlightbox%26settings%3DeyJpZCI6NDQxLCJ1cmwiOiJodHRwczpcL1wvd3d3LmRpcmVjdGV1ci1hcnRpc3RpcXVlLWZyZWVsYW5jZS5mclwvZ3JhcGhpc3RlXC93cC1jb250ZW50XC91cGxvYWRzXC8yMDE4XC8xMlwvcHVibGljaXRlLWNyZWF0aW9uLTR4My1ncmFwaGlzdGUtZnJlZWxhbmNlLXBhY2thZ2luZy12ZXJzYWlsbGVzLmpwZyIsInNsaWRlc2hvdyI6IjlkNWFiODIifQ%3D%3D\" href='https:\/\/www.directeur-artistique-freelance.fr\/graphiste\/wp-content\/uploads\/2018\/12\/publicite-creation-4x3-graphiste-freelance-packaging-versailles.jpg'><img loading=\"lazy\" width=\"1920\" height=\"1440\" src=\"https:\/\/www.directeur-artistique-freelance.fr\/graphiste\/wp-content\/uploads\/2018\/12\/publicite-creation-4x3-graphiste-freelance-packaging-versailles.jpg\" class=\"attachment-full size-full\" alt=\"\" decoding=\"async\" srcset=\"https:\/\/www.directeur-artistique-freelance.fr\/graphiste\/wp-content\/uploads\/2018\/12\/publicite-creation-4x3-graphiste-freelance-packaging-versailles.jpg 1920w, https:\/\/www.directeur-artistique-freelance.fr\/graphiste\/wp-content\/uploads\/2018\/12\/publicite-creation-4x3-graphiste-freelance-packaging-versailles-300x225.jpg 300w, https:\/\/www.directeur-artistique-freelance.fr\/graphiste\/wp-content\/uploads\/2018\/12\/publicite-creation-4x3-graphiste-freelance-packaging-versailles-768x576.jpg 768w, https:\/\/www.directeur-artistique-freelance.fr\/graphiste\/wp-content\/uploads\/2018\/12\/publicite-creation-4x3-graphiste-freelance-packaging-versailles-1024x768.jpg 1024w\" sizes=\"(max-width: 1920px) 100vw, 1920px\" \/><\/a>\n\t\t\t<\/div><\/figure><figure class='gallery-item'>\n\t\t\t<div class='gallery-icon landscape'>\n\t\t\t\t<a data-elementor-open-lightbox=\"yes\" data-elementor-lightbox-slideshow=\"9d5ab82\" data-elementor-lightbox-title=\"ADP_TIdoo_2M2_01\" data-e-action-hash=\"#elementor-action%3Aaction%3Dlightbox%26settings%3DeyJpZCI6NDIzLCJ1cmwiOiJodHRwczpcL1wvd3d3LmRpcmVjdGV1ci1hcnRpc3RpcXVlLWZyZWVsYW5jZS5mclwvZ3JhcGhpc3RlXC93cC1jb250ZW50XC91cGxvYWRzXC8yMDE4XC8xMlwvcHVibGljaXRlLWFicmlzLWJ1cy1jb21tdW5pY2F0aW9uLXB1Yi1ncmFwaGlzdGUtZnJlZWxhbmNlLWJvdWxvZ25lLWJpbGxhbmNvdXJ0LmpwZyIsInNsaWRlc2hvdyI6IjlkNWFiODIifQ%3D%3D\" href='https:\/\/www.directeur-artistique-freelance.fr\/graphiste\/wp-content\/uploads\/2018\/12\/publicite-abris-bus-communication-pub-graphiste-freelance-boulogne-billancourt.jpg'><img loading=\"lazy\" width=\"1920\" height=\"1440\" src=\"https:\/\/www.directeur-artistique-freelance.fr\/graphiste\/wp-content\/uploads\/2018\/12\/publicite-abris-bus-communication-pub-graphiste-freelance-boulogne-billancourt.jpg\" class=\"attachment-full size-full\" alt=\"\" decoding=\"async\" srcset=\"https:\/\/www.directeur-artistique-freelance.fr\/graphiste\/wp-content\/uploads\/2018\/12\/publicite-abris-bus-communication-pub-graphiste-freelance-boulogne-billancourt.jpg 1920w, https:\/\/www.directeur-artistique-freelance.fr\/graphiste\/wp-content\/uploads\/2018\/12\/publicite-abris-bus-communication-pub-graphiste-freelance-boulogne-billancourt-300x225.jpg 300w, https:\/\/www.directeur-artistique-freelance.fr\/graphiste\/wp-content\/uploads\/2018\/12\/publicite-abris-bus-communication-pub-graphiste-freelance-boulogne-billancourt-768x576.jpg 768w, https:\/\/www.directeur-artistique-freelance.fr\/graphiste\/wp-content\/uploads\/2018\/12\/publicite-abris-bus-communication-pub-graphiste-freelance-boulogne-billancourt-1024x768.jpg 1024w\" sizes=\"(max-width: 1920px) 100vw, 1920px\" \/><\/a>\n\t\t\t<\/div><\/figure>\n\t\t<\/div>\n\t\t<\/div>\n\t\t\t\t\t\t<\/div>\n\t\t\t\t<\/div>\n\t\t\t\t\t<\/div>\n\t\t<\/div>\n\t\t\t\t\t<\/div>\n\t\t<\/section>\n\t\t\t\t<\/div>\n\t\t","protected":false},"excerpt":{"rendered":"<p>Client: Tidoo Date: ao\u00fbt 19, 2017 Tidoo Les couches et culottes bio Gamme de soins bio pour b\u00e9b\u00e9 made in France.Pour cette marque j\u2019ai d\u2019abord re-design\u00e9 l\u2019identit\u00e9 visuelle Tidoo\u00ae Care. Ensuite j\u2019ai d\u00e9velopp\u00e9 tous les packagings de la gamme.Puis j\u2019ai cr\u00e9\u00e9 les outils de communication li\u00e9s \u00e0 la gamme : annonces presse, \u00e9tiquettes, PLV, fiches, [&hellip;]<\/p>\n","protected":false},"author":1,"featured_media":405,"comment_status":"open","ping_status":"open","sticky":false,"template":"","format":"standard","meta":{"footnotes":""},"categories":[9],"tags":[],"class_list":["post-41","post","type-post","status-publish","format-standard","has-post-thumbnail","hentry","category-packaging"],"yoast_head":"<!-- This site is optimized with the Yoast SEO plugin v26.8 - https:\/\/yoast.com\/product\/yoast-seo-wordpress\/ -->\n<title>TIDOO - Graphiste Freelance<\/title>\n<meta name=\"robots\" content=\"index, follow, max-snippet:-1, max-image-preview:large, max-video-preview:-1\" \/>\n<link rel=\"canonical\" href=\"https:\/\/www.directeur-artistique-freelance.fr\/graphiste\/tidoo\/\" \/>\n<meta property=\"og:locale\" content=\"fr_FR\" \/>\n<meta property=\"og:type\" content=\"article\" \/>\n<meta property=\"og:title\" content=\"TIDOO - Graphiste Freelance\" \/>\n<meta property=\"og:description\" content=\"Client: Tidoo Date: ao\u00fbt 19, 2017 Tidoo Les couches et culottes bio Gamme de soins bio pour b\u00e9b\u00e9 made in France.Pour cette marque j\u2019ai d\u2019abord re-design\u00e9 l\u2019identit\u00e9 visuelle Tidoo\u00ae Care. Ensuite j\u2019ai d\u00e9velopp\u00e9 tous les packagings de la gamme.Puis j\u2019ai cr\u00e9\u00e9 les outils de communication li\u00e9s \u00e0 la gamme : annonces presse, \u00e9tiquettes, PLV, fiches, [&hellip;]\" \/>\n<meta property=\"og:url\" content=\"https:\/\/www.directeur-artistique-freelance.fr\/graphiste\/tidoo\/\" \/>\n<meta property=\"og:site_name\" content=\"Graphiste Freelance\" \/>\n<meta property=\"article:publisher\" content=\"https:\/\/www.facebook.com\/annepieusserguesdherbicourt\/\" \/>\n<meta property=\"article:published_time\" content=\"2017-07-30T21:49:41+00:00\" \/>\n<meta property=\"article:modified_time\" content=\"2022-08-04T16:15:25+00:00\" \/>\n<meta property=\"og:image\" content=\"https:\/\/www.directeur-artistique-freelance.fr\/graphiste\/wp-content\/uploads\/2017\/07\/photomontage-web-internet-communication-reseau-pub.jpg\" \/>\n\t<meta property=\"og:image:width\" content=\"1200\" \/>\n\t<meta property=\"og:image:height\" content=\"960\" \/>\n\t<meta property=\"og:image:type\" content=\"image\/jpeg\" \/>\n<meta name=\"author\" content=\"Freelance\" \/>\n<meta name=\"twitter:card\" content=\"summary_large_image\" \/>\n<meta name=\"twitter:creator\" content=\"@Cheesenane\" \/>\n<meta name=\"twitter:site\" content=\"@Cheesenane\" \/>\n<meta name=\"twitter:label1\" content=\"\u00c9crit par\" \/>\n\t<meta name=\"twitter:data1\" content=\"Freelance\" \/>\n\t<meta name=\"twitter:label2\" content=\"Dur\u00e9e de lecture estim\u00e9e\" \/>\n\t<meta name=\"twitter:data2\" content=\"5 minutes\" \/>\n<script type=\"application\/ld+json\" class=\"yoast-schema-graph\">{\"@context\":\"https:\/\/schema.org\",\"@graph\":[{\"@type\":\"Article\",\"@id\":\"https:\/\/www.directeur-artistique-freelance.fr\/graphiste\/tidoo\/#article\",\"isPartOf\":{\"@id\":\"https:\/\/www.directeur-artistique-freelance.fr\/graphiste\/tidoo\/\"},\"author\":{\"name\":\"Freelance\",\"@id\":\"https:\/\/www.directeur-artistique-freelance.fr\/graphiste\/#\/schema\/person\/7a179c6e49ca4d029f1c0f9aac0b5e03\"},\"headline\":\"TIDOO\",\"datePublished\":\"2017-07-30T21:49:41+00:00\",\"dateModified\":\"2022-08-04T16:15:25+00:00\",\"mainEntityOfPage\":{\"@id\":\"https:\/\/www.directeur-artistique-freelance.fr\/graphiste\/tidoo\/\"},\"wordCount\":94,\"commentCount\":0,\"publisher\":{\"@id\":\"https:\/\/www.directeur-artistique-freelance.fr\/graphiste\/#organization\"},\"image\":{\"@id\":\"https:\/\/www.directeur-artistique-freelance.fr\/graphiste\/tidoo\/#primaryimage\"},\"thumbnailUrl\":\"https:\/\/www.directeur-artistique-freelance.fr\/graphiste\/wp-content\/uploads\/2017\/07\/photomontage-web-internet-communication-reseau-pub.jpg\",\"articleSection\":[\"Packaging\"],\"inLanguage\":\"fr-FR\",\"potentialAction\":[{\"@type\":\"CommentAction\",\"name\":\"Comment\",\"target\":[\"https:\/\/www.directeur-artistique-freelance.fr\/graphiste\/tidoo\/#respond\"]}]},{\"@type\":\"WebPage\",\"@id\":\"https:\/\/www.directeur-artistique-freelance.fr\/graphiste\/tidoo\/\",\"url\":\"https:\/\/www.directeur-artistique-freelance.fr\/graphiste\/tidoo\/\",\"name\":\"TIDOO - Graphiste Freelance\",\"isPartOf\":{\"@id\":\"https:\/\/www.directeur-artistique-freelance.fr\/graphiste\/#website\"},\"primaryImageOfPage\":{\"@id\":\"https:\/\/www.directeur-artistique-freelance.fr\/graphiste\/tidoo\/#primaryimage\"},\"image\":{\"@id\":\"https:\/\/www.directeur-artistique-freelance.fr\/graphiste\/tidoo\/#primaryimage\"},\"thumbnailUrl\":\"https:\/\/www.directeur-artistique-freelance.fr\/graphiste\/wp-content\/uploads\/2017\/07\/photomontage-web-internet-communication-reseau-pub.jpg\",\"datePublished\":\"2017-07-30T21:49:41+00:00\",\"dateModified\":\"2022-08-04T16:15:25+00:00\",\"breadcrumb\":{\"@id\":\"https:\/\/www.directeur-artistique-freelance.fr\/graphiste\/tidoo\/#breadcrumb\"},\"inLanguage\":\"fr-FR\",\"potentialAction\":[{\"@type\":\"ReadAction\",\"target\":[\"https:\/\/www.directeur-artistique-freelance.fr\/graphiste\/tidoo\/\"]}]},{\"@type\":\"ImageObject\",\"inLanguage\":\"fr-FR\",\"@id\":\"https:\/\/www.directeur-artistique-freelance.fr\/graphiste\/tidoo\/#primaryimage\",\"url\":\"https:\/\/www.directeur-artistique-freelance.fr\/graphiste\/wp-content\/uploads\/2017\/07\/photomontage-web-internet-communication-reseau-pub.jpg\",\"contentUrl\":\"https:\/\/www.directeur-artistique-freelance.fr\/graphiste\/wp-content\/uploads\/2017\/07\/photomontage-web-internet-communication-reseau-pub.jpg\",\"width\":1200,\"height\":960},{\"@type\":\"BreadcrumbList\",\"@id\":\"https:\/\/www.directeur-artistique-freelance.fr\/graphiste\/tidoo\/#breadcrumb\",\"itemListElement\":[{\"@type\":\"ListItem\",\"position\":1,\"name\":\"Accueil\",\"item\":\"https:\/\/www.directeur-artistique-freelance.fr\/graphiste\/\"},{\"@type\":\"ListItem\",\"position\":2,\"name\":\"TIDOO\"}]},{\"@type\":\"WebSite\",\"@id\":\"https:\/\/www.directeur-artistique-freelance.fr\/graphiste\/#website\",\"url\":\"https:\/\/www.directeur-artistique-freelance.fr\/graphiste\/\",\"name\":\"Graphiste Freelance\",\"description\":\"Saint Germain en Laye 78\",\"publisher\":{\"@id\":\"https:\/\/www.directeur-artistique-freelance.fr\/graphiste\/#organization\"},\"potentialAction\":[{\"@type\":\"SearchAction\",\"target\":{\"@type\":\"EntryPoint\",\"urlTemplate\":\"https:\/\/www.directeur-artistique-freelance.fr\/graphiste\/?s={search_term_string}\"},\"query-input\":{\"@type\":\"PropertyValueSpecification\",\"valueRequired\":true,\"valueName\":\"search_term_string\"}}],\"inLanguage\":\"fr-FR\"},{\"@type\":\"Organization\",\"@id\":\"https:\/\/www.directeur-artistique-freelance.fr\/graphiste\/#organization\",\"name\":\"Anne Pieussergues Dherbicourt\",\"url\":\"https:\/\/www.directeur-artistique-freelance.fr\/graphiste\/\",\"logo\":{\"@type\":\"ImageObject\",\"inLanguage\":\"fr-FR\",\"@id\":\"https:\/\/www.directeur-artistique-freelance.fr\/graphiste\/#\/schema\/logo\/image\/\",\"url\":\"https:\/\/www.directeur-artistique-freelance.fr\/graphiste\/wp-content\/uploads\/2019\/06\/graphiste-freelance-saint-germain-en-laye.png\",\"contentUrl\":\"https:\/\/www.directeur-artistique-freelance.fr\/graphiste\/wp-content\/uploads\/2019\/06\/graphiste-freelance-saint-germain-en-laye.png\",\"width\":667,\"height\":200,\"caption\":\"Anne Pieussergues Dherbicourt\"},\"image\":{\"@id\":\"https:\/\/www.directeur-artistique-freelance.fr\/graphiste\/#\/schema\/logo\/image\/\"},\"sameAs\":[\"https:\/\/www.facebook.com\/annepieusserguesdherbicourt\/\",\"https:\/\/x.com\/Cheesenane\",\"https:\/\/www.instagram.com\/anne_pieussergues_dherbicourt\/\",\"https:\/\/www.linkedin.com\/in\/anne-pieussergues-dherbicourt-61603812\/\",\"https:\/\/www.pinterest.fr\/cheesenane\/my-artwork\/\"]},{\"@type\":\"Person\",\"@id\":\"https:\/\/www.directeur-artistique-freelance.fr\/graphiste\/#\/schema\/person\/7a179c6e49ca4d029f1c0f9aac0b5e03\",\"name\":\"Freelance\",\"image\":{\"@type\":\"ImageObject\",\"inLanguage\":\"fr-FR\",\"@id\":\"https:\/\/www.directeur-artistique-freelance.fr\/graphiste\/#\/schema\/person\/image\/\",\"url\":\"https:\/\/www.directeur-artistique-freelance.fr\/graphiste\/wp-content\/litespeed\/avatar\/6f6844df38c3851153fa746d447a597e.jpg?ver=1777339941\",\"contentUrl\":\"https:\/\/www.directeur-artistique-freelance.fr\/graphiste\/wp-content\/litespeed\/avatar\/6f6844df38c3851153fa746d447a597e.jpg?ver=1777339941\",\"caption\":\"Freelance\"},\"url\":\"https:\/\/www.directeur-artistique-freelance.fr\/graphiste\/author\/freelance\/\"}]}<\/script>\n<!-- \/ Yoast SEO plugin. -->","yoast_head_json":{"title":"TIDOO - Graphiste Freelance","robots":{"index":"index","follow":"follow","max-snippet":"max-snippet:-1","max-image-preview":"max-image-preview:large","max-video-preview":"max-video-preview:-1"},"canonical":"https:\/\/www.directeur-artistique-freelance.fr\/graphiste\/tidoo\/","og_locale":"fr_FR","og_type":"article","og_title":"TIDOO - Graphiste Freelance","og_description":"Client: Tidoo Date: ao\u00fbt 19, 2017 Tidoo Les couches et culottes bio Gamme de soins bio pour b\u00e9b\u00e9 made in France.Pour cette marque j\u2019ai d\u2019abord re-design\u00e9 l\u2019identit\u00e9 visuelle Tidoo\u00ae Care. Ensuite j\u2019ai d\u00e9velopp\u00e9 tous les packagings de la gamme.Puis j\u2019ai cr\u00e9\u00e9 les outils de communication li\u00e9s \u00e0 la gamme : annonces presse, \u00e9tiquettes, PLV, fiches, [&hellip;]","og_url":"https:\/\/www.directeur-artistique-freelance.fr\/graphiste\/tidoo\/","og_site_name":"Graphiste Freelance","article_publisher":"https:\/\/www.facebook.com\/annepieusserguesdherbicourt\/","article_published_time":"2017-07-30T21:49:41+00:00","article_modified_time":"2022-08-04T16:15:25+00:00","og_image":[{"width":1200,"height":960,"url":"https:\/\/www.directeur-artistique-freelance.fr\/graphiste\/wp-content\/uploads\/2017\/07\/photomontage-web-internet-communication-reseau-pub.jpg","type":"image\/jpeg"}],"author":"Freelance","twitter_card":"summary_large_image","twitter_creator":"@Cheesenane","twitter_site":"@Cheesenane","twitter_misc":{"\u00c9crit par":"Freelance","Dur\u00e9e de lecture estim\u00e9e":"5 minutes"},"schema":{"@context":"https:\/\/schema.org","@graph":[{"@type":"Article","@id":"https:\/\/www.directeur-artistique-freelance.fr\/graphiste\/tidoo\/#article","isPartOf":{"@id":"https:\/\/www.directeur-artistique-freelance.fr\/graphiste\/tidoo\/"},"author":{"name":"Freelance","@id":"https:\/\/www.directeur-artistique-freelance.fr\/graphiste\/#\/schema\/person\/7a179c6e49ca4d029f1c0f9aac0b5e03"},"headline":"TIDOO","datePublished":"2017-07-30T21:49:41+00:00","dateModified":"2022-08-04T16:15:25+00:00","mainEntityOfPage":{"@id":"https:\/\/www.directeur-artistique-freelance.fr\/graphiste\/tidoo\/"},"wordCount":94,"commentCount":0,"publisher":{"@id":"https:\/\/www.directeur-artistique-freelance.fr\/graphiste\/#organization"},"image":{"@id":"https:\/\/www.directeur-artistique-freelance.fr\/graphiste\/tidoo\/#primaryimage"},"thumbnailUrl":"https:\/\/www.directeur-artistique-freelance.fr\/graphiste\/wp-content\/uploads\/2017\/07\/photomontage-web-internet-communication-reseau-pub.jpg","articleSection":["Packaging"],"inLanguage":"fr-FR","potentialAction":[{"@type":"CommentAction","name":"Comment","target":["https:\/\/www.directeur-artistique-freelance.fr\/graphiste\/tidoo\/#respond"]}]},{"@type":"WebPage","@id":"https:\/\/www.directeur-artistique-freelance.fr\/graphiste\/tidoo\/","url":"https:\/\/www.directeur-artistique-freelance.fr\/graphiste\/tidoo\/","name":"TIDOO - Graphiste Freelance","isPartOf":{"@id":"https:\/\/www.directeur-artistique-freelance.fr\/graphiste\/#website"},"primaryImageOfPage":{"@id":"https:\/\/www.directeur-artistique-freelance.fr\/graphiste\/tidoo\/#primaryimage"},"image":{"@id":"https:\/\/www.directeur-artistique-freelance.fr\/graphiste\/tidoo\/#primaryimage"},"thumbnailUrl":"https:\/\/www.directeur-artistique-freelance.fr\/graphiste\/wp-content\/uploads\/2017\/07\/photomontage-web-internet-communication-reseau-pub.jpg","datePublished":"2017-07-30T21:49:41+00:00","dateModified":"2022-08-04T16:15:25+00:00","breadcrumb":{"@id":"https:\/\/www.directeur-artistique-freelance.fr\/graphiste\/tidoo\/#breadcrumb"},"inLanguage":"fr-FR","potentialAction":[{"@type":"ReadAction","target":["https:\/\/www.directeur-artistique-freelance.fr\/graphiste\/tidoo\/"]}]},{"@type":"ImageObject","inLanguage":"fr-FR","@id":"https:\/\/www.directeur-artistique-freelance.fr\/graphiste\/tidoo\/#primaryimage","url":"https:\/\/www.directeur-artistique-freelance.fr\/graphiste\/wp-content\/uploads\/2017\/07\/photomontage-web-internet-communication-reseau-pub.jpg","contentUrl":"https:\/\/www.directeur-artistique-freelance.fr\/graphiste\/wp-content\/uploads\/2017\/07\/photomontage-web-internet-communication-reseau-pub.jpg","width":1200,"height":960},{"@type":"BreadcrumbList","@id":"https:\/\/www.directeur-artistique-freelance.fr\/graphiste\/tidoo\/#breadcrumb","itemListElement":[{"@type":"ListItem","position":1,"name":"Accueil","item":"https:\/\/www.directeur-artistique-freelance.fr\/graphiste\/"},{"@type":"ListItem","position":2,"name":"TIDOO"}]},{"@type":"WebSite","@id":"https:\/\/www.directeur-artistique-freelance.fr\/graphiste\/#website","url":"https:\/\/www.directeur-artistique-freelance.fr\/graphiste\/","name":"Graphiste Freelance","description":"Saint Germain en Laye 78","publisher":{"@id":"https:\/\/www.directeur-artistique-freelance.fr\/graphiste\/#organization"},"potentialAction":[{"@type":"SearchAction","target":{"@type":"EntryPoint","urlTemplate":"https:\/\/www.directeur-artistique-freelance.fr\/graphiste\/?s={search_term_string}"},"query-input":{"@type":"PropertyValueSpecification","valueRequired":true,"valueName":"search_term_string"}}],"inLanguage":"fr-FR"},{"@type":"Organization","@id":"https:\/\/www.directeur-artistique-freelance.fr\/graphiste\/#organization","name":"Anne Pieussergues Dherbicourt","url":"https:\/\/www.directeur-artistique-freelance.fr\/graphiste\/","logo":{"@type":"ImageObject","inLanguage":"fr-FR","@id":"https:\/\/www.directeur-artistique-freelance.fr\/graphiste\/#\/schema\/logo\/image\/","url":"https:\/\/www.directeur-artistique-freelance.fr\/graphiste\/wp-content\/uploads\/2019\/06\/graphiste-freelance-saint-germain-en-laye.png","contentUrl":"https:\/\/www.directeur-artistique-freelance.fr\/graphiste\/wp-content\/uploads\/2019\/06\/graphiste-freelance-saint-germain-en-laye.png","width":667,"height":200,"caption":"Anne Pieussergues Dherbicourt"},"image":{"@id":"https:\/\/www.directeur-artistique-freelance.fr\/graphiste\/#\/schema\/logo\/image\/"},"sameAs":["https:\/\/www.facebook.com\/annepieusserguesdherbicourt\/","https:\/\/x.com\/Cheesenane","https:\/\/www.instagram.com\/anne_pieussergues_dherbicourt\/","https:\/\/www.linkedin.com\/in\/anne-pieussergues-dherbicourt-61603812\/","https:\/\/www.pinterest.fr\/cheesenane\/my-artwork\/"]},{"@type":"Person","@id":"https:\/\/www.directeur-artistique-freelance.fr\/graphiste\/#\/schema\/person\/7a179c6e49ca4d029f1c0f9aac0b5e03","name":"Freelance","image":{"@type":"ImageObject","inLanguage":"fr-FR","@id":"https:\/\/www.directeur-artistique-freelance.fr\/graphiste\/#\/schema\/person\/image\/","url":"https:\/\/www.directeur-artistique-freelance.fr\/graphiste\/wp-content\/litespeed\/avatar\/6f6844df38c3851153fa746d447a597e.jpg?ver=1777339941","contentUrl":"https:\/\/www.directeur-artistique-freelance.fr\/graphiste\/wp-content\/litespeed\/avatar\/6f6844df38c3851153fa746d447a597e.jpg?ver=1777339941","caption":"Freelance"},"url":"https:\/\/www.directeur-artistique-freelance.fr\/graphiste\/author\/freelance\/"}]}},"_links":{"self":[{"href":"https:\/\/www.directeur-artistique-freelance.fr\/graphiste\/wp-json\/wp\/v2\/posts\/41","targetHints":{"allow":["GET"]}}],"collection":[{"href":"https:\/\/www.directeur-artistique-freelance.fr\/graphiste\/wp-json\/wp\/v2\/posts"}],"about":[{"href":"https:\/\/www.directeur-artistique-freelance.fr\/graphiste\/wp-json\/wp\/v2\/types\/post"}],"author":[{"embeddable":true,"href":"https:\/\/www.directeur-artistique-freelance.fr\/graphiste\/wp-json\/wp\/v2\/users\/1"}],"replies":[{"embeddable":true,"href":"https:\/\/www.directeur-artistique-freelance.fr\/graphiste\/wp-json\/wp\/v2\/comments?post=41"}],"version-history":[{"count":11,"href":"https:\/\/www.directeur-artistique-freelance.fr\/graphiste\/wp-json\/wp\/v2\/posts\/41\/revisions"}],"predecessor-version":[{"id":2886,"href":"https:\/\/www.directeur-artistique-freelance.fr\/graphiste\/wp-json\/wp\/v2\/posts\/41\/revisions\/2886"}],"wp:featuredmedia":[{"embeddable":true,"href":"https:\/\/www.directeur-artistique-freelance.fr\/graphiste\/wp-json\/wp\/v2\/media\/405"}],"wp:attachment":[{"href":"https:\/\/www.directeur-artistique-freelance.fr\/graphiste\/wp-json\/wp\/v2\/media?parent=41"}],"wp:term":[{"taxonomy":"category","embeddable":true,"href":"https:\/\/www.directeur-artistique-freelance.fr\/graphiste\/wp-json\/wp\/v2\/categories?post=41"},{"taxonomy":"post_tag","embeddable":true,"href":"https:\/\/www.directeur-artistique-freelance.fr\/graphiste\/wp-json\/wp\/v2\/tags?post=41"}],"curies":[{"name":"wp","href":"https:\/\/api.w.org\/{rel}","templated":true}]}}