{"id":3837,"date":"2023-11-24T14:48:42","date_gmt":"2023-11-24T13:48:42","guid":{"rendered":"https:\/\/www.directeur-artistique-freelance.fr\/graphiste\/?p=3837"},"modified":"2023-11-24T14:53:02","modified_gmt":"2023-11-24T13:53:02","slug":"26th-annual-international-exhibition","status":"publish","type":"post","link":"https:\/\/www.directeur-artistique-freelance.fr\/graphiste\/26th-annual-international-exhibition\/","title":{"rendered":"26th Annual international Exhibition"},"content":{"rendered":"\t\t<div data-elementor-type=\"wp-post\" data-elementor-id=\"3837\" class=\"elementor elementor-3837\" data-elementor-post-type=\"post\">\n\t\t\t\t\t\t<section class=\"elementor-section elementor-top-section elementor-element elementor-element-367be0e elementor-section-boxed elementor-section-height-default elementor-section-height-default\" data-id=\"367be0e\" data-element_type=\"section\">\n\t\t\t\t\t\t<div class=\"elementor-container elementor-column-gap-default\">\n\t\t\t\t\t<div class=\"elementor-column elementor-col-100 elementor-top-column elementor-element elementor-element-e3ac204\" data-id=\"e3ac204\" data-element_type=\"column\">\n\t\t\t<div class=\"elementor-widget-wrap elementor-element-populated\">\n\t\t\t\t\t\t<div class=\"elementor-element elementor-element-fa92f8d elementor-widget elementor-widget-image\" data-id=\"fa92f8d\" data-element_type=\"widget\" data-widget_type=\"image.default\">\n\t\t\t\t<div class=\"elementor-widget-container\">\n\t\t\t\t\t\t\t\t\t\t\t\t\t\t\t<img fetchpriority=\"high\" decoding=\"async\" width=\"894\" height=\"592\" src=\"https:\/\/www.directeur-artistique-freelance.fr\/graphiste\/wp-content\/uploads\/2023\/11\/adp-affiche-asba-26th-annual-international.jpg.webp\" class=\"attachment-full size-full wp-image-3839\" alt=\"\" srcset=\"https:\/\/www.directeur-artistique-freelance.fr\/graphiste\/wp-content\/uploads\/2023\/11\/adp-affiche-asba-26th-annual-international.jpg.webp 894w, https:\/\/www.directeur-artistique-freelance.fr\/graphiste\/wp-content\/uploads\/2023\/11\/adp-affiche-asba-26th-annual-international.jpg-300x199.webp 300w, https:\/\/www.directeur-artistique-freelance.fr\/graphiste\/wp-content\/uploads\/2023\/11\/adp-affiche-asba-26th-annual-international.jpg-768x509.webp 768w\" sizes=\"(max-width: 894px) 100vw, 894px\" \/>\t\t\t\t\t\t\t\t\t\t\t\t\t\t\t<\/div>\n\t\t\t\t<\/div>\n\t\t\t\t\t<\/div>\n\t\t<\/div>\n\t\t\t\t\t<\/div>\n\t\t<\/section>\n\t\t\t\t<section class=\"elementor-section elementor-top-section elementor-element elementor-element-8dd8d03 elementor-section-boxed elementor-section-height-default elementor-section-height-default\" data-id=\"8dd8d03\" data-element_type=\"section\">\n\t\t\t\t\t\t<div class=\"elementor-container elementor-column-gap-default\">\n\t\t\t\t\t<div class=\"elementor-column elementor-col-50 elementor-top-column elementor-element elementor-element-1385a9d\" data-id=\"1385a9d\" data-element_type=\"column\">\n\t\t\t<div class=\"elementor-widget-wrap elementor-element-populated\">\n\t\t\t\t\t\t<div class=\"elementor-element elementor-element-f3a717e elementor-widget elementor-widget-text-editor\" data-id=\"f3a717e\" data-element_type=\"widget\" data-widget_type=\"text-editor.default\">\n\t\t\t\t<div class=\"elementor-widget-container\">\n\t\t\t\t\t\t\t\t\t<p class=\"p1\"><b>ARTICLE EXHIBITION 26TH ANNUAL INTERNATIONAL ASBA and Marin Art &amp; Garden Center, Ross CA<\/b><\/p><p class=\"p2\">Le jury de s\u00e9lection compos\u00e9 de Beverly Allen, Lee McCaffree et Deborah Shaw s\u2019est r\u00e9uni en mai et a s\u00e9lectionn\u00e9 47 \u0153uvres parmi 150 candidatures.<\/p><p class=\"p2\">Les artistes inclus viennent des \u00c9tats-Unis, d\u2019Australie, du Canada, du Chili, de France, d\u2019Irlande, du Japon, de Cor\u00e9e du Sud et du Royaume-Uni. Parmi les 48 artistes inclus, dix d\u2019entre eux n\u2019ont jamais \u00e9t\u00e9 inclus dans une exposition internationale de l\u2019ASBA. Les personnes dont le travail est accept\u00e9 sont\u00a0: Helen Byers, Claudia Campazzo, Sophie Chartier, Yoona Chea, Hyunjin Cho, Mary Crabtree, Rebecca Davies, Antoaneta Denkin, Dorothy DePaulo, Carrie DiCostanzo, Mary Dillon, Crystal Driedger, Sharon Duplantis, Jean Emmons, Akiko Enokido. , Christiane Fashek, Damodar Lal Gurjar, Sora Han, Yoko Harada, Asuka Hishiki, Karen Kluglein, Claudia Lane, Curly Lieber, Lucy Martin, Tammy McEntee, Shiiere Melin, John Pastoriza-Pi\u00f1ol, Sally Petru, Anne Pieussergues Dherbicourt, Linda Powers, Dick Rauh, Gillian Rice, Betsy Rogers-Knox, Alice Rosa, Constance Scanlon, Mitsuko Schultz, Liz Shippam, Heidi Snyder, Myra Sourkes, Halina Steele, Vi Strain, Wako Tashiro, Susan Tomlinson, Julia Trickey, Donnett Vanek, Denise Walser- Kolar et Carol Woodin.<\/p><p class=\"p2\">Un catalogue a \u00e9t\u00e9 publi\u00e9 avec tous les travaux des artistes expos\u00e9s.<\/p><p class=\"p2\">\u00a0<\/p>\t\t\t\t\t\t\t\t<\/div>\n\t\t\t\t<\/div>\n\t\t\t\t\t<\/div>\n\t\t<\/div>\n\t\t\t\t<div class=\"elementor-column elementor-col-50 elementor-top-column elementor-element elementor-element-82bb29f\" data-id=\"82bb29f\" data-element_type=\"column\">\n\t\t\t<div class=\"elementor-widget-wrap elementor-element-populated\">\n\t\t\t\t\t\t<div class=\"elementor-element elementor-element-dbf55aa elementor-widget elementor-widget-image\" data-id=\"dbf55aa\" data-element_type=\"widget\" data-widget_type=\"image.default\">\n\t\t\t\t<div class=\"elementor-widget-container\">\n\t\t\t\t\t\t\t\t\t\t\t\t\t\t\t<img decoding=\"async\" width=\"720\" height=\"900\" src=\"https:\/\/www.directeur-artistique-freelance.fr\/graphiste\/wp-content\/uploads\/2023\/11\/ADP_RADIS_510x355mm_radis-asba-26th_2023_artist-anne-pieussergues-dherbicourt.jpg.webp\" class=\"attachment-large size-large wp-image-3838\" alt=\"\" srcset=\"https:\/\/www.directeur-artistique-freelance.fr\/graphiste\/wp-content\/uploads\/2023\/11\/ADP_RADIS_510x355mm_radis-asba-26th_2023_artist-anne-pieussergues-dherbicourt.jpg.webp 720w, https:\/\/www.directeur-artistique-freelance.fr\/graphiste\/wp-content\/uploads\/2023\/11\/ADP_RADIS_510x355mm_radis-asba-26th_2023_artist-anne-pieussergues-dherbicourt.jpg-240x300.webp 240w\" sizes=\"(max-width: 720px) 100vw, 720px\" \/>\t\t\t\t\t\t\t\t\t\t\t\t\t\t\t<\/div>\n\t\t\t\t<\/div>\n\t\t\t\t\t<\/div>\n\t\t<\/div>\n\t\t\t\t\t<\/div>\n\t\t<\/section>\n\t\t\t\t<section class=\"elementor-section elementor-top-section elementor-element elementor-element-ede8367 elementor-section-boxed elementor-section-height-default elementor-section-height-default\" data-id=\"ede8367\" data-element_type=\"section\">\n\t\t\t\t\t\t<div class=\"elementor-container elementor-column-gap-default\">\n\t\t\t\t\t<div class=\"elementor-column elementor-col-50 elementor-top-column elementor-element elementor-element-2081ab3\" data-id=\"2081ab3\" data-element_type=\"column\">\n\t\t\t<div class=\"elementor-widget-wrap elementor-element-populated\">\n\t\t\t\t\t\t<div class=\"elementor-element elementor-element-7d4d197 elementor-widget elementor-widget-image\" data-id=\"7d4d197\" data-element_type=\"widget\" data-widget_type=\"image.default\">\n\t\t\t\t<div class=\"elementor-widget-container\">\n\t\t\t\t\t\t\t\t\t\t\t\t\t\t\t<img decoding=\"async\" width=\"800\" height=\"620\" src=\"https:\/\/www.directeur-artistique-freelance.fr\/graphiste\/wp-content\/uploads\/2023\/11\/adp-radis-asba-art-artists-2023-exhibition-ca-ross.jpg.webp\" class=\"attachment-large size-large wp-image-3841\" alt=\"\" srcset=\"https:\/\/www.directeur-artistique-freelance.fr\/graphiste\/wp-content\/uploads\/2023\/11\/adp-radis-asba-art-artists-2023-exhibition-ca-ross.jpg.webp 900w, https:\/\/www.directeur-artistique-freelance.fr\/graphiste\/wp-content\/uploads\/2023\/11\/adp-radis-asba-art-artists-2023-exhibition-ca-ross.jpg-300x232.webp 300w, https:\/\/www.directeur-artistique-freelance.fr\/graphiste\/wp-content\/uploads\/2023\/11\/adp-radis-asba-art-artists-2023-exhibition-ca-ross.jpg-768x595.webp 768w\" sizes=\"(max-width: 800px) 100vw, 800px\" \/>\t\t\t\t\t\t\t\t\t\t\t\t\t\t\t<\/div>\n\t\t\t\t<\/div>\n\t\t\t\t\t<\/div>\n\t\t<\/div>\n\t\t\t\t<div class=\"elementor-column elementor-col-50 elementor-top-column elementor-element elementor-element-0d676c3\" data-id=\"0d676c3\" data-element_type=\"column\">\n\t\t\t<div class=\"elementor-widget-wrap elementor-element-populated\">\n\t\t\t\t\t\t<div class=\"elementor-element elementor-element-ed334e6 elementor-widget elementor-widget-text-editor\" data-id=\"ed334e6\" data-element_type=\"widget\" data-widget_type=\"text-editor.default\">\n\t\t\t\t<div class=\"elementor-widget-container\">\n\t\t\t\t\t\t\t\t\t<p class=\"p2\">J\u2019ai \u00e9t\u00e9 extr\u00eamement heureuse d\u2019avoir \u00e9t\u00e9 s\u00e9lectionn\u00e9e pour participer \u00e0 la 26e Exposition Internationale Annuelle de l\u2019ASBA (American Society of Botanical Artists).<\/p><p class=\"p2\">J\u2019y ai pr\u00e9sent\u00e9 une composition de radis, une illustration r\u00e9alis\u00e9e \u00e0 l\u2019aquarelle.<\/p><p class=\"p2\">L\u2019exposition \u00e9tait compos\u00e9e de 47 \u0153uvres soigneusement s\u00e9lectionn\u00e9es, et un espace suppl\u00e9mentaire \u00e9tait r\u00e9serv\u00e9 au projet d\u2019\u00e9change de carnets.<\/p><p class=\"p2\">Chaque artiste participant a eu la possibilit\u00e9 de dessiner dans le carnet d\u2019un autre artiste, cr\u00e9ant ainsi une sorte de cadavre exquis d\u2019illustrations botaniques.<\/p><p class=\"p2\">Ce fut une initiative cr\u00e9ative extraordinaire de la Soci\u00e9t\u00e9 des artistes botaniques de Californie du Nord (NCSBA) qui a donn\u00e9 lieu \u00e0 de magnifiques r\u00e9alisations.<\/p><p class=\"p2\">Participer \u00e0 l\u2019exposition et assister \u00e0 son inauguration m\u2019a offert l\u2019opportunit\u00e9 de rencontrer d\u2019autres artistes sp\u00e9cialis\u00e9s en botanique, qu\u2019ils exposaient ou non. J\u2019ai pu \u00e9changer avec eux au sujet de leur perception de l\u2019art botanique dans le monde contemporain. Les rencontres en personne sont toujours \u00e9mouvantes, et cette exp\u00e9rience s\u2019est av\u00e9r\u00e9e extr\u00eamement enrichissante. J\u2019esp\u00e8re avoir l\u2019occasion de la renouveler d\u00e8s que possible !<\/p>\t\t\t\t\t\t\t\t<\/div>\n\t\t\t\t<\/div>\n\t\t\t\t\t<\/div>\n\t\t<\/div>\n\t\t\t\t\t<\/div>\n\t\t<\/section>\n\t\t\t\t<section class=\"elementor-section elementor-top-section elementor-element elementor-element-a5bc990 elementor-section-boxed elementor-section-height-default elementor-section-height-default\" data-id=\"a5bc990\" data-element_type=\"section\">\n\t\t\t\t\t\t<div class=\"elementor-container elementor-column-gap-default\">\n\t\t\t\t\t<div class=\"elementor-column elementor-col-100 elementor-top-column elementor-element elementor-element-6f1253c\" data-id=\"6f1253c\" data-element_type=\"column\">\n\t\t\t<div class=\"elementor-widget-wrap elementor-element-populated\">\n\t\t\t\t\t\t<div class=\"elementor-element elementor-element-e8edda4 elementor-arrows-position-inside elementor-pagination-position-outside elementor-widget elementor-widget-image-carousel\" data-id=\"e8edda4\" data-element_type=\"widget\" data-settings=\"{&quot;navigation&quot;:&quot;both&quot;,&quot;autoplay&quot;:&quot;yes&quot;,&quot;pause_on_hover&quot;:&quot;yes&quot;,&quot;pause_on_interaction&quot;:&quot;yes&quot;,&quot;autoplay_speed&quot;:5000,&quot;infinite&quot;:&quot;yes&quot;,&quot;speed&quot;:500}\" data-widget_type=\"image-carousel.default\">\n\t\t\t\t<div class=\"elementor-widget-container\">\n\t\t\t\t\t\t\t<div class=\"elementor-image-carousel-wrapper swiper\" role=\"region\" aria-roledescription=\"carousel\" aria-label=\"Carrousel d\u2019images\" dir=\"ltr\">\n\t\t\t<div class=\"elementor-image-carousel swiper-wrapper\" aria-live=\"off\">\n\t\t\t\t\t\t\t\t<div class=\"swiper-slide\" role=\"group\" aria-roledescription=\"slide\" aria-label=\"1 sur 12\"><figure class=\"swiper-slide-inner\"><img decoding=\"async\" class=\"swiper-slide-image\" src=\"https:\/\/www.directeur-artistique-freelance.fr\/graphiste\/wp-content\/uploads\/2023\/11\/adp-alice-rosa-exhibition-asba-art-us-ca-flower-botanical-1024x768.jpg-768x576.webp\" alt=\"adp-alice-rosa-exhibition-asba-art-us-ca-flower-botanical-1024x768.jpg\" \/><\/figure><\/div><div class=\"swiper-slide\" role=\"group\" aria-roledescription=\"slide\" aria-label=\"2 sur 12\"><figure class=\"swiper-slide-inner\"><img decoding=\"async\" class=\"swiper-slide-image\" src=\"https:\/\/www.directeur-artistique-freelance.fr\/graphiste\/wp-content\/uploads\/2023\/11\/adp-anne-pieussergues-exposition-botanique-usa-californie-ross-asba.jpg-1-768x576.webp\" alt=\"adp-anne-pieussergues-exposition-botanique-usa-californie-ross-asba.jpg (1)\" \/><\/figure><\/div><div class=\"swiper-slide\" role=\"group\" aria-roledescription=\"slide\" aria-label=\"3 sur 12\"><figure class=\"swiper-slide-inner\"><img decoding=\"async\" class=\"swiper-slide-image\" src=\"https:\/\/www.directeur-artistique-freelance.fr\/graphiste\/wp-content\/uploads\/2023\/11\/adp-anne-pieussergues-jin-radis-asba-us-ca-exhibition.jpg-768x584.webp\" alt=\"adp-anne-pieussergues-jin-radis-asba-us-ca-exhibition.jpg\" \/><\/figure><\/div><div class=\"swiper-slide\" role=\"group\" aria-roledescription=\"slide\" aria-label=\"4 sur 12\"><figure class=\"swiper-slide-inner\"><img decoding=\"async\" class=\"swiper-slide-image\" src=\"https:\/\/www.directeur-artistique-freelance.fr\/graphiste\/wp-content\/uploads\/2023\/11\/adp-asba-annual-exhibition-internationnal-botanical.jpg-1-768x576.webp\" alt=\"adp-asba-annual-exhibition-internationnal-botanical.jpg (1)\" \/><\/figure><\/div><div class=\"swiper-slide\" role=\"group\" aria-roledescription=\"slide\" aria-label=\"5 sur 12\"><figure class=\"swiper-slide-inner\"><img decoding=\"async\" class=\"swiper-slide-image\" src=\"https:\/\/www.directeur-artistique-freelance.fr\/graphiste\/wp-content\/uploads\/2023\/11\/adp-asba-exhibition-2023-anne-pieussergues.jpg-768x576.webp\" alt=\"adp-asba-exhibition-2023-anne-pieussergues.jpg\" \/><\/figure><\/div><div class=\"swiper-slide\" role=\"group\" aria-roledescription=\"slide\" aria-label=\"6 sur 12\"><figure class=\"swiper-slide-inner\"><img decoding=\"async\" class=\"swiper-slide-image\" src=\"https:\/\/www.directeur-artistique-freelance.fr\/graphiste\/wp-content\/uploads\/2023\/11\/adp-asba-exhibition-internationnal-artits-american-society.jpg-768x576.webp\" alt=\"adp-asba-exhibition-internationnal-artits-american-society.jpg\" \/><\/figure><\/div><div class=\"swiper-slide\" role=\"group\" aria-roledescription=\"slide\" aria-label=\"7 sur 12\"><figure class=\"swiper-slide-inner\"><img decoding=\"async\" class=\"swiper-slide-image\" src=\"https:\/\/www.directeur-artistique-freelance.fr\/graphiste\/wp-content\/uploads\/2023\/11\/adp-asba-NCSBA-carnet-de-croquis-art-botanique-us.jpg-768x576.webp\" alt=\"adp-asba-NCSBA-carnet-de-croquis-art-botanique-us.jpg\" \/><\/figure><\/div><div class=\"swiper-slide\" role=\"group\" aria-roledescription=\"slide\" aria-label=\"8 sur 12\"><figure class=\"swiper-slide-inner\"><img decoding=\"async\" class=\"swiper-slide-image\" src=\"https:\/\/www.directeur-artistique-freelance.fr\/graphiste\/wp-content\/uploads\/2023\/11\/adp-exhibition-asba-26-annual-international.jpg-768x576.webp\" alt=\"adp-exhibition-asba-26-annual-international.jpg\" \/><\/figure><\/div><div class=\"swiper-slide\" role=\"group\" aria-roledescription=\"slide\" aria-label=\"9 sur 12\"><figure class=\"swiper-slide-inner\"><img decoding=\"async\" class=\"swiper-slide-image\" src=\"https:\/\/www.directeur-artistique-freelance.fr\/graphiste\/wp-content\/uploads\/2023\/11\/adp-exposition-artites-us-californie-asba-botanical-art.jpg-768x576.webp\" alt=\"adp-exposition-artites-us-californie-asba-botanical-art.jpg\" \/><\/figure><\/div><div class=\"swiper-slide\" role=\"group\" aria-roledescription=\"slide\" aria-label=\"10 sur 12\"><figure class=\"swiper-slide-inner\"><img decoding=\"async\" class=\"swiper-slide-image\" src=\"https:\/\/www.directeur-artistique-freelance.fr\/graphiste\/wp-content\/uploads\/2023\/11\/adp-jin-palm-asba-exhibition-art-artists.jpg-768x552.webp\" alt=\"adp-jin-palm-asba-exhibition-art-artists.jpg\" \/><\/figure><\/div><div class=\"swiper-slide\" role=\"group\" aria-roledescription=\"slide\" aria-label=\"11 sur 12\"><figure class=\"swiper-slide-inner\"><img decoding=\"async\" class=\"swiper-slide-image\" src=\"https:\/\/www.directeur-artistique-freelance.fr\/graphiste\/wp-content\/uploads\/2023\/11\/adp-pieussergues-exposition-art-botanical-asba.jpg-768x576.webp\" alt=\"adp-pieussergues-exposition-art-botanical-asba.jpg\" \/><\/figure><\/div><div class=\"swiper-slide\" role=\"group\" aria-roledescription=\"slide\" aria-label=\"12 sur 12\"><figure class=\"swiper-slide-inner\"><img decoding=\"async\" class=\"swiper-slide-image\" src=\"https:\/\/www.directeur-artistique-freelance.fr\/graphiste\/wp-content\/uploads\/2023\/11\/asba-exhibition-2023-radis-pieussergues-dherbicourt-us-ca.jpg-768x608.webp\" alt=\"asba-exhibition-2023-radis-pieussergues-dherbicourt-us-ca.jpg\" \/><\/figure><\/div>\t\t\t<\/div>\n\t\t\t\t\t\t\t\t\t\t\t\t<div class=\"elementor-swiper-button elementor-swiper-button-prev\" role=\"button\" tabindex=\"0\">\n\t\t\t\t\t\t<i aria-hidden=\"true\" class=\"eicon-chevron-left\"><\/i>\t\t\t\t\t<\/div>\n\t\t\t\t\t<div class=\"elementor-swiper-button elementor-swiper-button-next\" role=\"button\" tabindex=\"0\">\n\t\t\t\t\t\t<i aria-hidden=\"true\" class=\"eicon-chevron-right\"><\/i>\t\t\t\t\t<\/div>\n\t\t\t\t\n\t\t\t\t\t\t\t\t\t<div class=\"swiper-pagination\"><\/div>\n\t\t\t\t\t\t\t\t\t<\/div>\n\t\t\t\t\t\t<\/div>\n\t\t\t\t<\/div>\n\t\t\t\t\t<\/div>\n\t\t<\/div>\n\t\t\t\t\t<\/div>\n\t\t<\/section>\n\t\t\t\t<\/div>\n\t\t","protected":false},"excerpt":{"rendered":"<p>ARTICLE EXHIBITION 26TH ANNUAL INTERNATIONAL ASBA and Marin Art &amp; Garden Center, Ross CA Le jury de s\u00e9lection compos\u00e9 de Beverly Allen, Lee McCaffree et Deborah Shaw s\u2019est r\u00e9uni en mai et a s\u00e9lectionn\u00e9 47 \u0153uvres parmi 150 candidatures. Les artistes inclus viennent des \u00c9tats-Unis, d\u2019Australie, du Canada, du Chili, de France, d\u2019Irlande, du Japon, [&hellip;]<\/p>\n","protected":false},"author":1,"featured_media":3839,"comment_status":"open","ping_status":"open","sticky":false,"template":"","format":"standard","meta":{"footnotes":""},"categories":[18],"tags":[],"class_list":["post-3837","post","type-post","status-publish","format-standard","has-post-thumbnail","hentry","category-news"],"yoast_head":"<!-- This site is optimized with the Yoast SEO plugin v26.8 - https:\/\/yoast.com\/product\/yoast-seo-wordpress\/ -->\n<title>26th Annual international Exhibition - Graphiste Freelance<\/title>\n<meta name=\"description\" content=\"J&#039;ai eu la chance d&#039;\u00eatre s\u00e9lectionn\u00e9 et d&#039;exposer lors de la 26eme exposition internationale am\u00e9ricaine, organiser par l&#039;ASBA.\" \/>\n<meta name=\"robots\" content=\"index, follow, max-snippet:-1, max-image-preview:large, max-video-preview:-1\" \/>\n<link rel=\"canonical\" href=\"https:\/\/www.directeur-artistique-freelance.fr\/graphiste\/26th-annual-international-exhibition\/\" \/>\n<meta property=\"og:locale\" content=\"fr_FR\" \/>\n<meta property=\"og:type\" content=\"article\" \/>\n<meta property=\"og:title\" content=\"26th Annual international Exhibition - Graphiste Freelance\" \/>\n<meta property=\"og:description\" content=\"J&#039;ai eu la chance d&#039;\u00eatre s\u00e9lectionn\u00e9 et d&#039;exposer lors de la 26eme exposition internationale am\u00e9ricaine, organiser par l&#039;ASBA.\" \/>\n<meta property=\"og:url\" content=\"https:\/\/www.directeur-artistique-freelance.fr\/graphiste\/26th-annual-international-exhibition\/\" \/>\n<meta property=\"og:site_name\" content=\"Graphiste Freelance\" \/>\n<meta property=\"article:publisher\" content=\"https:\/\/www.facebook.com\/annepieusserguesdherbicourt\/\" \/>\n<meta property=\"article:published_time\" content=\"2023-11-24T13:48:42+00:00\" \/>\n<meta property=\"article:modified_time\" content=\"2023-11-24T13:53:02+00:00\" \/>\n<meta property=\"og:image\" content=\"https:\/\/www.directeur-artistique-freelance.fr\/graphiste\/wp-content\/uploads\/2023\/11\/adp-affiche-asba-26th-annual-international.jpg.webp\" \/>\n\t<meta property=\"og:image:width\" content=\"894\" \/>\n\t<meta property=\"og:image:height\" content=\"592\" \/>\n\t<meta property=\"og:image:type\" content=\"image\/webp\" \/>\n<meta name=\"author\" content=\"Freelance\" \/>\n<meta name=\"twitter:card\" content=\"summary_large_image\" \/>\n<meta name=\"twitter:creator\" content=\"@Cheesenane\" \/>\n<meta name=\"twitter:site\" content=\"@Cheesenane\" \/>\n<meta name=\"twitter:label1\" content=\"\u00c9crit par\" \/>\n\t<meta name=\"twitter:data1\" content=\"Freelance\" \/>\n\t<meta name=\"twitter:label2\" content=\"Dur\u00e9e de lecture estim\u00e9e\" \/>\n\t<meta name=\"twitter:data2\" content=\"7 minutes\" \/>\n<script type=\"application\/ld+json\" class=\"yoast-schema-graph\">{\"@context\":\"https:\/\/schema.org\",\"@graph\":[{\"@type\":\"Article\",\"@id\":\"https:\/\/www.directeur-artistique-freelance.fr\/graphiste\/26th-annual-international-exhibition\/#article\",\"isPartOf\":{\"@id\":\"https:\/\/www.directeur-artistique-freelance.fr\/graphiste\/26th-annual-international-exhibition\/\"},\"author\":{\"name\":\"Freelance\",\"@id\":\"https:\/\/www.directeur-artistique-freelance.fr\/graphiste\/#\/schema\/person\/7a179c6e49ca4d029f1c0f9aac0b5e03\"},\"headline\":\"26th Annual international Exhibition\",\"datePublished\":\"2023-11-24T13:48:42+00:00\",\"dateModified\":\"2023-11-24T13:53:02+00:00\",\"mainEntityOfPage\":{\"@id\":\"https:\/\/www.directeur-artistique-freelance.fr\/graphiste\/26th-annual-international-exhibition\/\"},\"wordCount\":411,\"commentCount\":0,\"publisher\":{\"@id\":\"https:\/\/www.directeur-artistique-freelance.fr\/graphiste\/#organization\"},\"image\":{\"@id\":\"https:\/\/www.directeur-artistique-freelance.fr\/graphiste\/26th-annual-international-exhibition\/#primaryimage\"},\"thumbnailUrl\":\"https:\/\/www.directeur-artistique-freelance.fr\/graphiste\/wp-content\/uploads\/2023\/11\/adp-affiche-asba-26th-annual-international.jpg.webp\",\"articleSection\":[\"News\"],\"inLanguage\":\"fr-FR\",\"potentialAction\":[{\"@type\":\"CommentAction\",\"name\":\"Comment\",\"target\":[\"https:\/\/www.directeur-artistique-freelance.fr\/graphiste\/26th-annual-international-exhibition\/#respond\"]}]},{\"@type\":\"WebPage\",\"@id\":\"https:\/\/www.directeur-artistique-freelance.fr\/graphiste\/26th-annual-international-exhibition\/\",\"url\":\"https:\/\/www.directeur-artistique-freelance.fr\/graphiste\/26th-annual-international-exhibition\/\",\"name\":\"26th Annual international Exhibition - Graphiste Freelance\",\"isPartOf\":{\"@id\":\"https:\/\/www.directeur-artistique-freelance.fr\/graphiste\/#website\"},\"primaryImageOfPage\":{\"@id\":\"https:\/\/www.directeur-artistique-freelance.fr\/graphiste\/26th-annual-international-exhibition\/#primaryimage\"},\"image\":{\"@id\":\"https:\/\/www.directeur-artistique-freelance.fr\/graphiste\/26th-annual-international-exhibition\/#primaryimage\"},\"thumbnailUrl\":\"https:\/\/www.directeur-artistique-freelance.fr\/graphiste\/wp-content\/uploads\/2023\/11\/adp-affiche-asba-26th-annual-international.jpg.webp\",\"datePublished\":\"2023-11-24T13:48:42+00:00\",\"dateModified\":\"2023-11-24T13:53:02+00:00\",\"description\":\"J'ai eu la chance d'\u00eatre s\u00e9lectionn\u00e9 et d'exposer lors de la 26eme exposition internationale am\u00e9ricaine, organiser par l'ASBA.\",\"breadcrumb\":{\"@id\":\"https:\/\/www.directeur-artistique-freelance.fr\/graphiste\/26th-annual-international-exhibition\/#breadcrumb\"},\"inLanguage\":\"fr-FR\",\"potentialAction\":[{\"@type\":\"ReadAction\",\"target\":[\"https:\/\/www.directeur-artistique-freelance.fr\/graphiste\/26th-annual-international-exhibition\/\"]}]},{\"@type\":\"ImageObject\",\"inLanguage\":\"fr-FR\",\"@id\":\"https:\/\/www.directeur-artistique-freelance.fr\/graphiste\/26th-annual-international-exhibition\/#primaryimage\",\"url\":\"https:\/\/www.directeur-artistique-freelance.fr\/graphiste\/wp-content\/uploads\/2023\/11\/adp-affiche-asba-26th-annual-international.jpg.webp\",\"contentUrl\":\"https:\/\/www.directeur-artistique-freelance.fr\/graphiste\/wp-content\/uploads\/2023\/11\/adp-affiche-asba-26th-annual-international.jpg.webp\",\"width\":894,\"height\":592},{\"@type\":\"BreadcrumbList\",\"@id\":\"https:\/\/www.directeur-artistique-freelance.fr\/graphiste\/26th-annual-international-exhibition\/#breadcrumb\",\"itemListElement\":[{\"@type\":\"ListItem\",\"position\":1,\"name\":\"Accueil\",\"item\":\"https:\/\/www.directeur-artistique-freelance.fr\/graphiste\/\"},{\"@type\":\"ListItem\",\"position\":2,\"name\":\"26th Annual international Exhibition\"}]},{\"@type\":\"WebSite\",\"@id\":\"https:\/\/www.directeur-artistique-freelance.fr\/graphiste\/#website\",\"url\":\"https:\/\/www.directeur-artistique-freelance.fr\/graphiste\/\",\"name\":\"Graphiste Freelance\",\"description\":\"Saint Germain en Laye 78\",\"publisher\":{\"@id\":\"https:\/\/www.directeur-artistique-freelance.fr\/graphiste\/#organization\"},\"potentialAction\":[{\"@type\":\"SearchAction\",\"target\":{\"@type\":\"EntryPoint\",\"urlTemplate\":\"https:\/\/www.directeur-artistique-freelance.fr\/graphiste\/?s={search_term_string}\"},\"query-input\":{\"@type\":\"PropertyValueSpecification\",\"valueRequired\":true,\"valueName\":\"search_term_string\"}}],\"inLanguage\":\"fr-FR\"},{\"@type\":\"Organization\",\"@id\":\"https:\/\/www.directeur-artistique-freelance.fr\/graphiste\/#organization\",\"name\":\"Anne Pieussergues Dherbicourt\",\"url\":\"https:\/\/www.directeur-artistique-freelance.fr\/graphiste\/\",\"logo\":{\"@type\":\"ImageObject\",\"inLanguage\":\"fr-FR\",\"@id\":\"https:\/\/www.directeur-artistique-freelance.fr\/graphiste\/#\/schema\/logo\/image\/\",\"url\":\"https:\/\/www.directeur-artistique-freelance.fr\/graphiste\/wp-content\/uploads\/2019\/06\/graphiste-freelance-saint-germain-en-laye.png\",\"contentUrl\":\"https:\/\/www.directeur-artistique-freelance.fr\/graphiste\/wp-content\/uploads\/2019\/06\/graphiste-freelance-saint-germain-en-laye.png\",\"width\":667,\"height\":200,\"caption\":\"Anne Pieussergues Dherbicourt\"},\"image\":{\"@id\":\"https:\/\/www.directeur-artistique-freelance.fr\/graphiste\/#\/schema\/logo\/image\/\"},\"sameAs\":[\"https:\/\/www.facebook.com\/annepieusserguesdherbicourt\/\",\"https:\/\/x.com\/Cheesenane\",\"https:\/\/www.instagram.com\/anne_pieussergues_dherbicourt\/\",\"https:\/\/www.linkedin.com\/in\/anne-pieussergues-dherbicourt-61603812\/\",\"https:\/\/www.pinterest.fr\/cheesenane\/my-artwork\/\"]},{\"@type\":\"Person\",\"@id\":\"https:\/\/www.directeur-artistique-freelance.fr\/graphiste\/#\/schema\/person\/7a179c6e49ca4d029f1c0f9aac0b5e03\",\"name\":\"Freelance\",\"image\":{\"@type\":\"ImageObject\",\"inLanguage\":\"fr-FR\",\"@id\":\"https:\/\/www.directeur-artistique-freelance.fr\/graphiste\/#\/schema\/person\/image\/\",\"url\":\"https:\/\/www.directeur-artistique-freelance.fr\/graphiste\/wp-content\/litespeed\/avatar\/6f6844df38c3851153fa746d447a597e.jpg?ver=1777339941\",\"contentUrl\":\"https:\/\/www.directeur-artistique-freelance.fr\/graphiste\/wp-content\/litespeed\/avatar\/6f6844df38c3851153fa746d447a597e.jpg?ver=1777339941\",\"caption\":\"Freelance\"},\"url\":\"https:\/\/www.directeur-artistique-freelance.fr\/graphiste\/author\/freelance\/\"}]}<\/script>\n<!-- \/ Yoast SEO plugin. -->","yoast_head_json":{"title":"26th Annual international Exhibition - Graphiste Freelance","description":"J'ai eu la chance d'\u00eatre s\u00e9lectionn\u00e9 et d'exposer lors de la 26eme exposition internationale am\u00e9ricaine, organiser par l'ASBA.","robots":{"index":"index","follow":"follow","max-snippet":"max-snippet:-1","max-image-preview":"max-image-preview:large","max-video-preview":"max-video-preview:-1"},"canonical":"https:\/\/www.directeur-artistique-freelance.fr\/graphiste\/26th-annual-international-exhibition\/","og_locale":"fr_FR","og_type":"article","og_title":"26th Annual international Exhibition - Graphiste Freelance","og_description":"J'ai eu la chance d'\u00eatre s\u00e9lectionn\u00e9 et d'exposer lors de la 26eme exposition internationale am\u00e9ricaine, organiser par l'ASBA.","og_url":"https:\/\/www.directeur-artistique-freelance.fr\/graphiste\/26th-annual-international-exhibition\/","og_site_name":"Graphiste Freelance","article_publisher":"https:\/\/www.facebook.com\/annepieusserguesdherbicourt\/","article_published_time":"2023-11-24T13:48:42+00:00","article_modified_time":"2023-11-24T13:53:02+00:00","og_image":[{"width":894,"height":592,"url":"https:\/\/www.directeur-artistique-freelance.fr\/graphiste\/wp-content\/uploads\/2023\/11\/adp-affiche-asba-26th-annual-international.jpg.webp","type":"image\/webp"}],"author":"Freelance","twitter_card":"summary_large_image","twitter_creator":"@Cheesenane","twitter_site":"@Cheesenane","twitter_misc":{"\u00c9crit par":"Freelance","Dur\u00e9e de lecture estim\u00e9e":"7 minutes"},"schema":{"@context":"https:\/\/schema.org","@graph":[{"@type":"Article","@id":"https:\/\/www.directeur-artistique-freelance.fr\/graphiste\/26th-annual-international-exhibition\/#article","isPartOf":{"@id":"https:\/\/www.directeur-artistique-freelance.fr\/graphiste\/26th-annual-international-exhibition\/"},"author":{"name":"Freelance","@id":"https:\/\/www.directeur-artistique-freelance.fr\/graphiste\/#\/schema\/person\/7a179c6e49ca4d029f1c0f9aac0b5e03"},"headline":"26th Annual international Exhibition","datePublished":"2023-11-24T13:48:42+00:00","dateModified":"2023-11-24T13:53:02+00:00","mainEntityOfPage":{"@id":"https:\/\/www.directeur-artistique-freelance.fr\/graphiste\/26th-annual-international-exhibition\/"},"wordCount":411,"commentCount":0,"publisher":{"@id":"https:\/\/www.directeur-artistique-freelance.fr\/graphiste\/#organization"},"image":{"@id":"https:\/\/www.directeur-artistique-freelance.fr\/graphiste\/26th-annual-international-exhibition\/#primaryimage"},"thumbnailUrl":"https:\/\/www.directeur-artistique-freelance.fr\/graphiste\/wp-content\/uploads\/2023\/11\/adp-affiche-asba-26th-annual-international.jpg.webp","articleSection":["News"],"inLanguage":"fr-FR","potentialAction":[{"@type":"CommentAction","name":"Comment","target":["https:\/\/www.directeur-artistique-freelance.fr\/graphiste\/26th-annual-international-exhibition\/#respond"]}]},{"@type":"WebPage","@id":"https:\/\/www.directeur-artistique-freelance.fr\/graphiste\/26th-annual-international-exhibition\/","url":"https:\/\/www.directeur-artistique-freelance.fr\/graphiste\/26th-annual-international-exhibition\/","name":"26th Annual international Exhibition - Graphiste Freelance","isPartOf":{"@id":"https:\/\/www.directeur-artistique-freelance.fr\/graphiste\/#website"},"primaryImageOfPage":{"@id":"https:\/\/www.directeur-artistique-freelance.fr\/graphiste\/26th-annual-international-exhibition\/#primaryimage"},"image":{"@id":"https:\/\/www.directeur-artistique-freelance.fr\/graphiste\/26th-annual-international-exhibition\/#primaryimage"},"thumbnailUrl":"https:\/\/www.directeur-artistique-freelance.fr\/graphiste\/wp-content\/uploads\/2023\/11\/adp-affiche-asba-26th-annual-international.jpg.webp","datePublished":"2023-11-24T13:48:42+00:00","dateModified":"2023-11-24T13:53:02+00:00","description":"J'ai eu la chance d'\u00eatre s\u00e9lectionn\u00e9 et d'exposer lors de la 26eme exposition internationale am\u00e9ricaine, organiser par l'ASBA.","breadcrumb":{"@id":"https:\/\/www.directeur-artistique-freelance.fr\/graphiste\/26th-annual-international-exhibition\/#breadcrumb"},"inLanguage":"fr-FR","potentialAction":[{"@type":"ReadAction","target":["https:\/\/www.directeur-artistique-freelance.fr\/graphiste\/26th-annual-international-exhibition\/"]}]},{"@type":"ImageObject","inLanguage":"fr-FR","@id":"https:\/\/www.directeur-artistique-freelance.fr\/graphiste\/26th-annual-international-exhibition\/#primaryimage","url":"https:\/\/www.directeur-artistique-freelance.fr\/graphiste\/wp-content\/uploads\/2023\/11\/adp-affiche-asba-26th-annual-international.jpg.webp","contentUrl":"https:\/\/www.directeur-artistique-freelance.fr\/graphiste\/wp-content\/uploads\/2023\/11\/adp-affiche-asba-26th-annual-international.jpg.webp","width":894,"height":592},{"@type":"BreadcrumbList","@id":"https:\/\/www.directeur-artistique-freelance.fr\/graphiste\/26th-annual-international-exhibition\/#breadcrumb","itemListElement":[{"@type":"ListItem","position":1,"name":"Accueil","item":"https:\/\/www.directeur-artistique-freelance.fr\/graphiste\/"},{"@type":"ListItem","position":2,"name":"26th Annual international Exhibition"}]},{"@type":"WebSite","@id":"https:\/\/www.directeur-artistique-freelance.fr\/graphiste\/#website","url":"https:\/\/www.directeur-artistique-freelance.fr\/graphiste\/","name":"Graphiste Freelance","description":"Saint Germain en Laye 78","publisher":{"@id":"https:\/\/www.directeur-artistique-freelance.fr\/graphiste\/#organization"},"potentialAction":[{"@type":"SearchAction","target":{"@type":"EntryPoint","urlTemplate":"https:\/\/www.directeur-artistique-freelance.fr\/graphiste\/?s={search_term_string}"},"query-input":{"@type":"PropertyValueSpecification","valueRequired":true,"valueName":"search_term_string"}}],"inLanguage":"fr-FR"},{"@type":"Organization","@id":"https:\/\/www.directeur-artistique-freelance.fr\/graphiste\/#organization","name":"Anne Pieussergues Dherbicourt","url":"https:\/\/www.directeur-artistique-freelance.fr\/graphiste\/","logo":{"@type":"ImageObject","inLanguage":"fr-FR","@id":"https:\/\/www.directeur-artistique-freelance.fr\/graphiste\/#\/schema\/logo\/image\/","url":"https:\/\/www.directeur-artistique-freelance.fr\/graphiste\/wp-content\/uploads\/2019\/06\/graphiste-freelance-saint-germain-en-laye.png","contentUrl":"https:\/\/www.directeur-artistique-freelance.fr\/graphiste\/wp-content\/uploads\/2019\/06\/graphiste-freelance-saint-germain-en-laye.png","width":667,"height":200,"caption":"Anne Pieussergues Dherbicourt"},"image":{"@id":"https:\/\/www.directeur-artistique-freelance.fr\/graphiste\/#\/schema\/logo\/image\/"},"sameAs":["https:\/\/www.facebook.com\/annepieusserguesdherbicourt\/","https:\/\/x.com\/Cheesenane","https:\/\/www.instagram.com\/anne_pieussergues_dherbicourt\/","https:\/\/www.linkedin.com\/in\/anne-pieussergues-dherbicourt-61603812\/","https:\/\/www.pinterest.fr\/cheesenane\/my-artwork\/"]},{"@type":"Person","@id":"https:\/\/www.directeur-artistique-freelance.fr\/graphiste\/#\/schema\/person\/7a179c6e49ca4d029f1c0f9aac0b5e03","name":"Freelance","image":{"@type":"ImageObject","inLanguage":"fr-FR","@id":"https:\/\/www.directeur-artistique-freelance.fr\/graphiste\/#\/schema\/person\/image\/","url":"https:\/\/www.directeur-artistique-freelance.fr\/graphiste\/wp-content\/litespeed\/avatar\/6f6844df38c3851153fa746d447a597e.jpg?ver=1777339941","contentUrl":"https:\/\/www.directeur-artistique-freelance.fr\/graphiste\/wp-content\/litespeed\/avatar\/6f6844df38c3851153fa746d447a597e.jpg?ver=1777339941","caption":"Freelance"},"url":"https:\/\/www.directeur-artistique-freelance.fr\/graphiste\/author\/freelance\/"}]}},"_links":{"self":[{"href":"https:\/\/www.directeur-artistique-freelance.fr\/graphiste\/wp-json\/wp\/v2\/posts\/3837","targetHints":{"allow":["GET"]}}],"collection":[{"href":"https:\/\/www.directeur-artistique-freelance.fr\/graphiste\/wp-json\/wp\/v2\/posts"}],"about":[{"href":"https:\/\/www.directeur-artistique-freelance.fr\/graphiste\/wp-json\/wp\/v2\/types\/post"}],"author":[{"embeddable":true,"href":"https:\/\/www.directeur-artistique-freelance.fr\/graphiste\/wp-json\/wp\/v2\/users\/1"}],"replies":[{"embeddable":true,"href":"https:\/\/www.directeur-artistique-freelance.fr\/graphiste\/wp-json\/wp\/v2\/comments?post=3837"}],"version-history":[{"count":4,"href":"https:\/\/www.directeur-artistique-freelance.fr\/graphiste\/wp-json\/wp\/v2\/posts\/3837\/revisions"}],"predecessor-version":[{"id":3857,"href":"https:\/\/www.directeur-artistique-freelance.fr\/graphiste\/wp-json\/wp\/v2\/posts\/3837\/revisions\/3857"}],"wp:featuredmedia":[{"embeddable":true,"href":"https:\/\/www.directeur-artistique-freelance.fr\/graphiste\/wp-json\/wp\/v2\/media\/3839"}],"wp:attachment":[{"href":"https:\/\/www.directeur-artistique-freelance.fr\/graphiste\/wp-json\/wp\/v2\/media?parent=3837"}],"wp:term":[{"taxonomy":"category","embeddable":true,"href":"https:\/\/www.directeur-artistique-freelance.fr\/graphiste\/wp-json\/wp\/v2\/categories?post=3837"},{"taxonomy":"post_tag","embeddable":true,"href":"https:\/\/www.directeur-artistique-freelance.fr\/graphiste\/wp-json\/wp\/v2\/tags?post=3837"}],"curies":[{"name":"wp","href":"https:\/\/api.w.org\/{rel}","templated":true}]}}