{"id":3827,"date":"2023-11-24T14:43:18","date_gmt":"2023-11-24T13:43:18","guid":{"rendered":"https:\/\/www.directeur-artistique-freelance.fr\/graphiste\/?p=3827"},"modified":"2023-11-24T14:44:21","modified_gmt":"2023-11-24T13:44:21","slug":"la-nuit-des-artistes-2023","status":"publish","type":"post","link":"https:\/\/www.directeur-artistique-freelance.fr\/graphiste\/la-nuit-des-artistes-2023\/","title":{"rendered":"La Nuit des Artistes 2023"},"content":{"rendered":"\t\t<div data-elementor-type=\"wp-post\" data-elementor-id=\"3827\" class=\"elementor elementor-3827\" data-elementor-post-type=\"post\">\n\t\t\t\t\t\t<section class=\"elementor-section elementor-top-section elementor-element elementor-element-942510a elementor-section-boxed elementor-section-height-default elementor-section-height-default\" data-id=\"942510a\" data-element_type=\"section\">\n\t\t\t\t\t\t<div class=\"elementor-container elementor-column-gap-default\">\n\t\t\t\t\t<div class=\"elementor-column elementor-col-100 elementor-top-column elementor-element elementor-element-7cde041\" data-id=\"7cde041\" data-element_type=\"column\">\n\t\t\t<div class=\"elementor-widget-wrap elementor-element-populated\">\n\t\t\t\t\t\t<div class=\"elementor-element elementor-element-764b0bf elementor-widget elementor-widget-image\" data-id=\"764b0bf\" data-element_type=\"widget\" data-widget_type=\"image.default\">\n\t\t\t\t<div class=\"elementor-widget-container\">\n\t\t\t\t\t\t\t\t\t\t\t\t\t\t\t<img fetchpriority=\"high\" decoding=\"async\" width=\"2048\" height=\"822\" src=\"https:\/\/www.directeur-artistique-freelance.fr\/graphiste\/wp-content\/uploads\/2023\/11\/bandeau-nuit-des-artistes-2023-anne-pieussergues-dherbicourt-2048x822.jpg.webp\" class=\"attachment-full size-full wp-image-3829\" alt=\"\" srcset=\"https:\/\/www.directeur-artistique-freelance.fr\/graphiste\/wp-content\/uploads\/2023\/11\/bandeau-nuit-des-artistes-2023-anne-pieussergues-dherbicourt-2048x822.jpg.webp 2048w, https:\/\/www.directeur-artistique-freelance.fr\/graphiste\/wp-content\/uploads\/2023\/11\/bandeau-nuit-des-artistes-2023-anne-pieussergues-dherbicourt-2048x822.jpg-300x120.webp 300w, https:\/\/www.directeur-artistique-freelance.fr\/graphiste\/wp-content\/uploads\/2023\/11\/bandeau-nuit-des-artistes-2023-anne-pieussergues-dherbicourt-2048x822.jpg-1024x411.webp 1024w, https:\/\/www.directeur-artistique-freelance.fr\/graphiste\/wp-content\/uploads\/2023\/11\/bandeau-nuit-des-artistes-2023-anne-pieussergues-dherbicourt-2048x822.jpg-768x308.webp 768w, https:\/\/www.directeur-artistique-freelance.fr\/graphiste\/wp-content\/uploads\/2023\/11\/bandeau-nuit-des-artistes-2023-anne-pieussergues-dherbicourt-2048x822.jpg-1536x617.webp 1536w\" sizes=\"(max-width: 2048px) 100vw, 2048px\" \/>\t\t\t\t\t\t\t\t\t\t\t\t\t\t\t<\/div>\n\t\t\t\t<\/div>\n\t\t\t\t\t<\/div>\n\t\t<\/div>\n\t\t\t\t\t<\/div>\n\t\t<\/section>\n\t\t\t\t<section class=\"elementor-section elementor-top-section elementor-element elementor-element-e61fff0 elementor-section-boxed elementor-section-height-default elementor-section-height-default\" data-id=\"e61fff0\" data-element_type=\"section\">\n\t\t\t\t\t\t<div class=\"elementor-container elementor-column-gap-default\">\n\t\t\t\t\t<div class=\"elementor-column elementor-col-50 elementor-top-column elementor-element elementor-element-fbf2b20\" data-id=\"fbf2b20\" data-element_type=\"column\">\n\t\t\t<div class=\"elementor-widget-wrap elementor-element-populated\">\n\t\t\t\t\t\t<div class=\"elementor-element elementor-element-090ea56 elementor-widget elementor-widget-text-editor\" data-id=\"090ea56\" data-element_type=\"widget\" data-widget_type=\"text-editor.default\">\n\t\t\t\t<div class=\"elementor-widget-container\">\n\t\t\t\t\t\t\t\t\t<div class=\"elementor-element elementor-element-91fc1c5 elementor-widget elementor-widget-heading\" data-id=\"91fc1c5\" data-element_type=\"widget\" data-widget_type=\"heading.default\"><div class=\"elementor-widget-container\"><h2 class=\"elementor-heading-title elementor-size-default\">Exposition d&rsquo;art et de m\u00e9tiers d&rsquo;art<\/h2><\/div><\/div><div class=\"elementor-element elementor-element-7b45a70 elementor-widget elementor-widget-text-editor\" data-id=\"7b45a70\" data-element_type=\"widget\" data-widget_type=\"text-editor.default\"><div class=\"elementor-widget-container\"><p>Cette ann\u00e9e j\u2019ai expos\u00e9 \u00e0 la Nuit des Artistes \u00e0 Saint-Germain-En-Laye, organis\u00e9 par\u00a0<a href=\"https:\/\/www.facebook.com\/artistic78\/\" target=\"_blank\" rel=\"noopener\">Artistic\u2019<\/a>, au milieu de plus de 80 artites peintre, sculpteurs, c\u00e9ramistes, photographes, artisans de m\u00e9tiers d\u2019art, amateurs ou professionnels.<\/p><p class=\"p1\">En tant qu\u2019illustratrice botanique, je ressens une profonde joie et une immense gratitude d\u2019\u00e9changer et de rencontrer des personnes passionn\u00e9es lors d\u2019un march\u00e9 de l\u2019art. Cet \u00e9v\u00e9nement offre une occasion unique de partager ma passion pour la nature et de cr\u00e9er des liens pr\u00e9cieux avec d\u2019autres amoureux de l\u2019art et de la botanique.<\/p><p class=\"p1\">Lorsque je vois les visages \u00e9merveill\u00e9s de ceux qui s\u2019arr\u00eatent devant mes illustrations, je ressens une profonde satisfaction. Chaque d\u00e9tail minutieux, chaque ligne trac\u00e9e avec soin dans mes dessins, raconte l\u2019histoire d\u2019une plante, r\u00e9v\u00e8le sa beaut\u00e9 et met en lumi\u00e8re sa signification. Les visiteurs du march\u00e9 de l\u2019art sont souvent fascin\u00e9s par la mani\u00e8re dont je capture la d\u00e9licatesse d\u2019une fleur ou la complexit\u00e9 d\u2019une feuille.<\/p><p class=\"p1\">Ce qui rend ces rencontres si sp\u00e9ciales, c\u2019est la connexion instantan\u00e9e que je peux \u00e9tablir avec les amateurs de botanique. En partageant mes connaissances sur les diff\u00e9rentes esp\u00e8ces v\u00e9g\u00e9tales repr\u00e9sent\u00e9es dans mes illustrations, je peux susciter des conversations anim\u00e9es et enrichissantes. Il est merveilleux de voir \u00e0 quel point la botanique peut rassembler des personnes de tous horizons, qu\u2019elles soient elles-m\u00eames des artistes, des jardiniers passionn\u00e9s ou simplement des curieux admiratifs de la nature.<\/p><p class=\"p1\">En plus de rencontrer des passionn\u00e9s de botanique, les march\u00e9s de l\u2019art me permettent \u00e9galement de faire la connaissance d\u2019autres artistes talentueux. C\u2019est un v\u00e9ritable honneur d\u2019\u00e9changer avec eux, de discuter de nos inspirations respectives et de partager nos conseils et nos exp\u00e9riences. Ces interactions artistiques sont une source inestimable d\u2019apprentissage et de croissance personnelle, et elles m\u2019encouragent \u00e0 repousser les limites de ma cr\u00e9ativit\u00e9.<\/p><p class=\"p1\">Au-del\u00e0 de l\u2019\u00e9change artistique, les march\u00e9s de l\u2019art sont aussi l\u2019occasion de nouer des amiti\u00e9s durables. Les liens qui se cr\u00e9ent avec les visiteurs et les autres artistes peuvent se transformer en collaborations futures ou en soutien mutuel dans notre parcours artistique. C\u2019est une communaut\u00e9 chaleureuse et inspirante, o\u00f9 r\u00e8gne une passion commune pour l\u2019art et la nature.<\/p><p class=\"p1\">En conclusion, en tant qu\u2019illustratrice botanique, chaque march\u00e9 de l\u2019art est une opportunit\u00e9 pr\u00e9cieuse pour moi de partager ma passion, d\u2019apprendre des autres et de cr\u00e9er des connexions significatives. Je suis profond\u00e9ment heureuse et reconnaissante de pouvoir participer \u00e0 ces \u00e9v\u00e9nements, car ils nourrissent ma cr\u00e9ativit\u00e9, \u00e9largissent mes horizons et me permettent de m\u2019\u00e9panouir en tant qu\u2019artiste.<\/p><\/div><\/div>\t\t\t\t\t\t\t\t<\/div>\n\t\t\t\t<\/div>\n\t\t\t\t\t<\/div>\n\t\t<\/div>\n\t\t\t\t<div class=\"elementor-column elementor-col-50 elementor-top-column elementor-element elementor-element-d35fff2\" data-id=\"d35fff2\" data-element_type=\"column\">\n\t\t\t<div class=\"elementor-widget-wrap elementor-element-populated\">\n\t\t\t\t\t\t<div class=\"elementor-element elementor-element-09295e5 elementor-widget elementor-widget-image\" data-id=\"09295e5\" data-element_type=\"widget\" data-widget_type=\"image.default\">\n\t\t\t\t<div class=\"elementor-widget-container\">\n\t\t\t\t\t\t\t\t\t\t\t\t\t\t\t<img decoding=\"async\" width=\"768\" height=\"1024\" src=\"https:\/\/www.directeur-artistique-freelance.fr\/graphiste\/wp-content\/uploads\/2023\/11\/anne-pieussergues-dherbicourt-nuit-des-artistes-2023-illustrations-botaniques-768x1024.jpg.webp\" class=\"attachment-large size-large wp-image-3828\" alt=\"\" srcset=\"https:\/\/www.directeur-artistique-freelance.fr\/graphiste\/wp-content\/uploads\/2023\/11\/anne-pieussergues-dherbicourt-nuit-des-artistes-2023-illustrations-botaniques-768x1024.jpg.webp 768w, https:\/\/www.directeur-artistique-freelance.fr\/graphiste\/wp-content\/uploads\/2023\/11\/anne-pieussergues-dherbicourt-nuit-des-artistes-2023-illustrations-botaniques-768x1024.jpg-225x300.webp 225w\" sizes=\"(max-width: 768px) 100vw, 768px\" \/>\t\t\t\t\t\t\t\t\t\t\t\t\t\t\t<\/div>\n\t\t\t\t<\/div>\n\t\t\t\t\t<\/div>\n\t\t<\/div>\n\t\t\t\t\t<\/div>\n\t\t<\/section>\n\t\t\t\t<section class=\"elementor-section elementor-top-section elementor-element elementor-element-d97ac74 elementor-section-boxed elementor-section-height-default elementor-section-height-default\" data-id=\"d97ac74\" data-element_type=\"section\">\n\t\t\t\t\t\t<div class=\"elementor-container elementor-column-gap-default\">\n\t\t\t\t\t<div class=\"elementor-column elementor-col-100 elementor-top-column elementor-element elementor-element-279949e\" data-id=\"279949e\" data-element_type=\"column\">\n\t\t\t<div class=\"elementor-widget-wrap elementor-element-populated\">\n\t\t\t\t\t\t<div class=\"elementor-element elementor-element-ab3b574 elementor-widget elementor-widget-spacer\" data-id=\"ab3b574\" data-element_type=\"widget\" data-widget_type=\"spacer.default\">\n\t\t\t\t<div class=\"elementor-widget-container\">\n\t\t\t\t\t\t\t<div class=\"elementor-spacer\">\n\t\t\t<div class=\"elementor-spacer-inner\"><\/div>\n\t\t<\/div>\n\t\t\t\t\t\t<\/div>\n\t\t\t\t<\/div>\n\t\t\t\t\t<\/div>\n\t\t<\/div>\n\t\t\t\t\t<\/div>\n\t\t<\/section>\n\t\t\t\t<\/div>\n\t\t","protected":false},"excerpt":{"rendered":"<p>Exposition d&rsquo;art et de m\u00e9tiers d&rsquo;art Cette ann\u00e9e j\u2019ai expos\u00e9 \u00e0 la Nuit des Artistes \u00e0 Saint-Germain-En-Laye, organis\u00e9 par\u00a0Artistic\u2019, au milieu de plus de 80 artites peintre, sculpteurs, c\u00e9ramistes, photographes, artisans de m\u00e9tiers d\u2019art, amateurs ou professionnels. En tant qu\u2019illustratrice botanique, je ressens une profonde joie et une immense gratitude d\u2019\u00e9changer et de rencontrer des [&hellip;]<\/p>\n","protected":false},"author":1,"featured_media":3829,"comment_status":"open","ping_status":"open","sticky":false,"template":"","format":"standard","meta":{"footnotes":""},"categories":[18],"tags":[],"class_list":["post-3827","post","type-post","status-publish","format-standard","has-post-thumbnail","hentry","category-news"],"yoast_head":"<!-- This site is optimized with the Yoast SEO plugin v26.8 - https:\/\/yoast.com\/product\/yoast-seo-wordpress\/ -->\n<title>La Nuit des Artistes 2023 - Graphiste Freelance<\/title>\n<meta name=\"robots\" content=\"index, follow, max-snippet:-1, max-image-preview:large, max-video-preview:-1\" \/>\n<link rel=\"canonical\" href=\"https:\/\/www.directeur-artistique-freelance.fr\/graphiste\/la-nuit-des-artistes-2023\/\" \/>\n<meta property=\"og:locale\" content=\"fr_FR\" \/>\n<meta property=\"og:type\" content=\"article\" \/>\n<meta property=\"og:title\" content=\"La Nuit des Artistes 2023 - Graphiste Freelance\" \/>\n<meta property=\"og:description\" content=\"Exposition d&rsquo;art et de m\u00e9tiers d&rsquo;art Cette ann\u00e9e j\u2019ai expos\u00e9 \u00e0 la Nuit des Artistes \u00e0 Saint-Germain-En-Laye, organis\u00e9 par\u00a0Artistic\u2019, au milieu de plus de 80 artites peintre, sculpteurs, c\u00e9ramistes, photographes, artisans de m\u00e9tiers d\u2019art, amateurs ou professionnels. En tant qu\u2019illustratrice botanique, je ressens une profonde joie et une immense gratitude d\u2019\u00e9changer et de rencontrer des [&hellip;]\" \/>\n<meta property=\"og:url\" content=\"https:\/\/www.directeur-artistique-freelance.fr\/graphiste\/la-nuit-des-artistes-2023\/\" \/>\n<meta property=\"og:site_name\" content=\"Graphiste Freelance\" \/>\n<meta property=\"article:publisher\" content=\"https:\/\/www.facebook.com\/annepieusserguesdherbicourt\/\" \/>\n<meta property=\"article:published_time\" content=\"2023-11-24T13:43:18+00:00\" \/>\n<meta property=\"article:modified_time\" content=\"2023-11-24T13:44:21+00:00\" \/>\n<meta property=\"og:image\" content=\"https:\/\/www.directeur-artistique-freelance.fr\/graphiste\/wp-content\/uploads\/2023\/11\/bandeau-nuit-des-artistes-2023-anne-pieussergues-dherbicourt-2048x822.jpg.webp\" \/>\n\t<meta property=\"og:image:width\" content=\"2048\" \/>\n\t<meta property=\"og:image:height\" content=\"822\" \/>\n\t<meta property=\"og:image:type\" content=\"image\/webp\" \/>\n<meta name=\"author\" content=\"Freelance\" \/>\n<meta name=\"twitter:card\" content=\"summary_large_image\" \/>\n<meta name=\"twitter:creator\" content=\"@Cheesenane\" \/>\n<meta name=\"twitter:site\" content=\"@Cheesenane\" \/>\n<meta name=\"twitter:label1\" content=\"\u00c9crit par\" \/>\n\t<meta name=\"twitter:data1\" content=\"Freelance\" \/>\n\t<meta name=\"twitter:label2\" content=\"Dur\u00e9e de lecture estim\u00e9e\" \/>\n\t<meta name=\"twitter:data2\" content=\"5 minutes\" \/>\n<script type=\"application\/ld+json\" class=\"yoast-schema-graph\">{\"@context\":\"https:\/\/schema.org\",\"@graph\":[{\"@type\":\"Article\",\"@id\":\"https:\/\/www.directeur-artistique-freelance.fr\/graphiste\/la-nuit-des-artistes-2023\/#article\",\"isPartOf\":{\"@id\":\"https:\/\/www.directeur-artistique-freelance.fr\/graphiste\/la-nuit-des-artistes-2023\/\"},\"author\":{\"name\":\"Freelance\",\"@id\":\"https:\/\/www.directeur-artistique-freelance.fr\/graphiste\/#\/schema\/person\/7a179c6e49ca4d029f1c0f9aac0b5e03\"},\"headline\":\"La Nuit des Artistes 2023\",\"datePublished\":\"2023-11-24T13:43:18+00:00\",\"dateModified\":\"2023-11-24T13:44:21+00:00\",\"mainEntityOfPage\":{\"@id\":\"https:\/\/www.directeur-artistique-freelance.fr\/graphiste\/la-nuit-des-artistes-2023\/\"},\"wordCount\":486,\"commentCount\":0,\"publisher\":{\"@id\":\"https:\/\/www.directeur-artistique-freelance.fr\/graphiste\/#organization\"},\"image\":{\"@id\":\"https:\/\/www.directeur-artistique-freelance.fr\/graphiste\/la-nuit-des-artistes-2023\/#primaryimage\"},\"thumbnailUrl\":\"https:\/\/www.directeur-artistique-freelance.fr\/graphiste\/wp-content\/uploads\/2023\/11\/bandeau-nuit-des-artistes-2023-anne-pieussergues-dherbicourt-2048x822.jpg.webp\",\"articleSection\":[\"News\"],\"inLanguage\":\"fr-FR\",\"potentialAction\":[{\"@type\":\"CommentAction\",\"name\":\"Comment\",\"target\":[\"https:\/\/www.directeur-artistique-freelance.fr\/graphiste\/la-nuit-des-artistes-2023\/#respond\"]}]},{\"@type\":\"WebPage\",\"@id\":\"https:\/\/www.directeur-artistique-freelance.fr\/graphiste\/la-nuit-des-artistes-2023\/\",\"url\":\"https:\/\/www.directeur-artistique-freelance.fr\/graphiste\/la-nuit-des-artistes-2023\/\",\"name\":\"La Nuit des Artistes 2023 - Graphiste Freelance\",\"isPartOf\":{\"@id\":\"https:\/\/www.directeur-artistique-freelance.fr\/graphiste\/#website\"},\"primaryImageOfPage\":{\"@id\":\"https:\/\/www.directeur-artistique-freelance.fr\/graphiste\/la-nuit-des-artistes-2023\/#primaryimage\"},\"image\":{\"@id\":\"https:\/\/www.directeur-artistique-freelance.fr\/graphiste\/la-nuit-des-artistes-2023\/#primaryimage\"},\"thumbnailUrl\":\"https:\/\/www.directeur-artistique-freelance.fr\/graphiste\/wp-content\/uploads\/2023\/11\/bandeau-nuit-des-artistes-2023-anne-pieussergues-dherbicourt-2048x822.jpg.webp\",\"datePublished\":\"2023-11-24T13:43:18+00:00\",\"dateModified\":\"2023-11-24T13:44:21+00:00\",\"breadcrumb\":{\"@id\":\"https:\/\/www.directeur-artistique-freelance.fr\/graphiste\/la-nuit-des-artistes-2023\/#breadcrumb\"},\"inLanguage\":\"fr-FR\",\"potentialAction\":[{\"@type\":\"ReadAction\",\"target\":[\"https:\/\/www.directeur-artistique-freelance.fr\/graphiste\/la-nuit-des-artistes-2023\/\"]}]},{\"@type\":\"ImageObject\",\"inLanguage\":\"fr-FR\",\"@id\":\"https:\/\/www.directeur-artistique-freelance.fr\/graphiste\/la-nuit-des-artistes-2023\/#primaryimage\",\"url\":\"https:\/\/www.directeur-artistique-freelance.fr\/graphiste\/wp-content\/uploads\/2023\/11\/bandeau-nuit-des-artistes-2023-anne-pieussergues-dherbicourt-2048x822.jpg.webp\",\"contentUrl\":\"https:\/\/www.directeur-artistique-freelance.fr\/graphiste\/wp-content\/uploads\/2023\/11\/bandeau-nuit-des-artistes-2023-anne-pieussergues-dherbicourt-2048x822.jpg.webp\",\"width\":2048,\"height\":822},{\"@type\":\"BreadcrumbList\",\"@id\":\"https:\/\/www.directeur-artistique-freelance.fr\/graphiste\/la-nuit-des-artistes-2023\/#breadcrumb\",\"itemListElement\":[{\"@type\":\"ListItem\",\"position\":1,\"name\":\"Accueil\",\"item\":\"https:\/\/www.directeur-artistique-freelance.fr\/graphiste\/\"},{\"@type\":\"ListItem\",\"position\":2,\"name\":\"La Nuit des Artistes 2023\"}]},{\"@type\":\"WebSite\",\"@id\":\"https:\/\/www.directeur-artistique-freelance.fr\/graphiste\/#website\",\"url\":\"https:\/\/www.directeur-artistique-freelance.fr\/graphiste\/\",\"name\":\"Graphiste Freelance\",\"description\":\"Saint Germain en Laye 78\",\"publisher\":{\"@id\":\"https:\/\/www.directeur-artistique-freelance.fr\/graphiste\/#organization\"},\"potentialAction\":[{\"@type\":\"SearchAction\",\"target\":{\"@type\":\"EntryPoint\",\"urlTemplate\":\"https:\/\/www.directeur-artistique-freelance.fr\/graphiste\/?s={search_term_string}\"},\"query-input\":{\"@type\":\"PropertyValueSpecification\",\"valueRequired\":true,\"valueName\":\"search_term_string\"}}],\"inLanguage\":\"fr-FR\"},{\"@type\":\"Organization\",\"@id\":\"https:\/\/www.directeur-artistique-freelance.fr\/graphiste\/#organization\",\"name\":\"Anne Pieussergues Dherbicourt\",\"url\":\"https:\/\/www.directeur-artistique-freelance.fr\/graphiste\/\",\"logo\":{\"@type\":\"ImageObject\",\"inLanguage\":\"fr-FR\",\"@id\":\"https:\/\/www.directeur-artistique-freelance.fr\/graphiste\/#\/schema\/logo\/image\/\",\"url\":\"https:\/\/www.directeur-artistique-freelance.fr\/graphiste\/wp-content\/uploads\/2019\/06\/graphiste-freelance-saint-germain-en-laye.png\",\"contentUrl\":\"https:\/\/www.directeur-artistique-freelance.fr\/graphiste\/wp-content\/uploads\/2019\/06\/graphiste-freelance-saint-germain-en-laye.png\",\"width\":667,\"height\":200,\"caption\":\"Anne Pieussergues Dherbicourt\"},\"image\":{\"@id\":\"https:\/\/www.directeur-artistique-freelance.fr\/graphiste\/#\/schema\/logo\/image\/\"},\"sameAs\":[\"https:\/\/www.facebook.com\/annepieusserguesdherbicourt\/\",\"https:\/\/x.com\/Cheesenane\",\"https:\/\/www.instagram.com\/anne_pieussergues_dherbicourt\/\",\"https:\/\/www.linkedin.com\/in\/anne-pieussergues-dherbicourt-61603812\/\",\"https:\/\/www.pinterest.fr\/cheesenane\/my-artwork\/\"]},{\"@type\":\"Person\",\"@id\":\"https:\/\/www.directeur-artistique-freelance.fr\/graphiste\/#\/schema\/person\/7a179c6e49ca4d029f1c0f9aac0b5e03\",\"name\":\"Freelance\",\"image\":{\"@type\":\"ImageObject\",\"inLanguage\":\"fr-FR\",\"@id\":\"https:\/\/www.directeur-artistique-freelance.fr\/graphiste\/#\/schema\/person\/image\/\",\"url\":\"https:\/\/www.directeur-artistique-freelance.fr\/graphiste\/wp-content\/litespeed\/avatar\/6f6844df38c3851153fa746d447a597e.jpg?ver=1777339941\",\"contentUrl\":\"https:\/\/www.directeur-artistique-freelance.fr\/graphiste\/wp-content\/litespeed\/avatar\/6f6844df38c3851153fa746d447a597e.jpg?ver=1777339941\",\"caption\":\"Freelance\"},\"url\":\"https:\/\/www.directeur-artistique-freelance.fr\/graphiste\/author\/freelance\/\"}]}<\/script>\n<!-- \/ Yoast SEO plugin. -->","yoast_head_json":{"title":"La Nuit des Artistes 2023 - Graphiste Freelance","robots":{"index":"index","follow":"follow","max-snippet":"max-snippet:-1","max-image-preview":"max-image-preview:large","max-video-preview":"max-video-preview:-1"},"canonical":"https:\/\/www.directeur-artistique-freelance.fr\/graphiste\/la-nuit-des-artistes-2023\/","og_locale":"fr_FR","og_type":"article","og_title":"La Nuit des Artistes 2023 - Graphiste Freelance","og_description":"Exposition d&rsquo;art et de m\u00e9tiers d&rsquo;art Cette ann\u00e9e j\u2019ai expos\u00e9 \u00e0 la Nuit des Artistes \u00e0 Saint-Germain-En-Laye, organis\u00e9 par\u00a0Artistic\u2019, au milieu de plus de 80 artites peintre, sculpteurs, c\u00e9ramistes, photographes, artisans de m\u00e9tiers d\u2019art, amateurs ou professionnels. En tant qu\u2019illustratrice botanique, je ressens une profonde joie et une immense gratitude d\u2019\u00e9changer et de rencontrer des [&hellip;]","og_url":"https:\/\/www.directeur-artistique-freelance.fr\/graphiste\/la-nuit-des-artistes-2023\/","og_site_name":"Graphiste Freelance","article_publisher":"https:\/\/www.facebook.com\/annepieusserguesdherbicourt\/","article_published_time":"2023-11-24T13:43:18+00:00","article_modified_time":"2023-11-24T13:44:21+00:00","og_image":[{"width":2048,"height":822,"url":"https:\/\/www.directeur-artistique-freelance.fr\/graphiste\/wp-content\/uploads\/2023\/11\/bandeau-nuit-des-artistes-2023-anne-pieussergues-dherbicourt-2048x822.jpg.webp","type":"image\/webp"}],"author":"Freelance","twitter_card":"summary_large_image","twitter_creator":"@Cheesenane","twitter_site":"@Cheesenane","twitter_misc":{"\u00c9crit par":"Freelance","Dur\u00e9e de lecture estim\u00e9e":"5 minutes"},"schema":{"@context":"https:\/\/schema.org","@graph":[{"@type":"Article","@id":"https:\/\/www.directeur-artistique-freelance.fr\/graphiste\/la-nuit-des-artistes-2023\/#article","isPartOf":{"@id":"https:\/\/www.directeur-artistique-freelance.fr\/graphiste\/la-nuit-des-artistes-2023\/"},"author":{"name":"Freelance","@id":"https:\/\/www.directeur-artistique-freelance.fr\/graphiste\/#\/schema\/person\/7a179c6e49ca4d029f1c0f9aac0b5e03"},"headline":"La Nuit des Artistes 2023","datePublished":"2023-11-24T13:43:18+00:00","dateModified":"2023-11-24T13:44:21+00:00","mainEntityOfPage":{"@id":"https:\/\/www.directeur-artistique-freelance.fr\/graphiste\/la-nuit-des-artistes-2023\/"},"wordCount":486,"commentCount":0,"publisher":{"@id":"https:\/\/www.directeur-artistique-freelance.fr\/graphiste\/#organization"},"image":{"@id":"https:\/\/www.directeur-artistique-freelance.fr\/graphiste\/la-nuit-des-artistes-2023\/#primaryimage"},"thumbnailUrl":"https:\/\/www.directeur-artistique-freelance.fr\/graphiste\/wp-content\/uploads\/2023\/11\/bandeau-nuit-des-artistes-2023-anne-pieussergues-dherbicourt-2048x822.jpg.webp","articleSection":["News"],"inLanguage":"fr-FR","potentialAction":[{"@type":"CommentAction","name":"Comment","target":["https:\/\/www.directeur-artistique-freelance.fr\/graphiste\/la-nuit-des-artistes-2023\/#respond"]}]},{"@type":"WebPage","@id":"https:\/\/www.directeur-artistique-freelance.fr\/graphiste\/la-nuit-des-artistes-2023\/","url":"https:\/\/www.directeur-artistique-freelance.fr\/graphiste\/la-nuit-des-artistes-2023\/","name":"La Nuit des Artistes 2023 - Graphiste Freelance","isPartOf":{"@id":"https:\/\/www.directeur-artistique-freelance.fr\/graphiste\/#website"},"primaryImageOfPage":{"@id":"https:\/\/www.directeur-artistique-freelance.fr\/graphiste\/la-nuit-des-artistes-2023\/#primaryimage"},"image":{"@id":"https:\/\/www.directeur-artistique-freelance.fr\/graphiste\/la-nuit-des-artistes-2023\/#primaryimage"},"thumbnailUrl":"https:\/\/www.directeur-artistique-freelance.fr\/graphiste\/wp-content\/uploads\/2023\/11\/bandeau-nuit-des-artistes-2023-anne-pieussergues-dherbicourt-2048x822.jpg.webp","datePublished":"2023-11-24T13:43:18+00:00","dateModified":"2023-11-24T13:44:21+00:00","breadcrumb":{"@id":"https:\/\/www.directeur-artistique-freelance.fr\/graphiste\/la-nuit-des-artistes-2023\/#breadcrumb"},"inLanguage":"fr-FR","potentialAction":[{"@type":"ReadAction","target":["https:\/\/www.directeur-artistique-freelance.fr\/graphiste\/la-nuit-des-artistes-2023\/"]}]},{"@type":"ImageObject","inLanguage":"fr-FR","@id":"https:\/\/www.directeur-artistique-freelance.fr\/graphiste\/la-nuit-des-artistes-2023\/#primaryimage","url":"https:\/\/www.directeur-artistique-freelance.fr\/graphiste\/wp-content\/uploads\/2023\/11\/bandeau-nuit-des-artistes-2023-anne-pieussergues-dherbicourt-2048x822.jpg.webp","contentUrl":"https:\/\/www.directeur-artistique-freelance.fr\/graphiste\/wp-content\/uploads\/2023\/11\/bandeau-nuit-des-artistes-2023-anne-pieussergues-dherbicourt-2048x822.jpg.webp","width":2048,"height":822},{"@type":"BreadcrumbList","@id":"https:\/\/www.directeur-artistique-freelance.fr\/graphiste\/la-nuit-des-artistes-2023\/#breadcrumb","itemListElement":[{"@type":"ListItem","position":1,"name":"Accueil","item":"https:\/\/www.directeur-artistique-freelance.fr\/graphiste\/"},{"@type":"ListItem","position":2,"name":"La Nuit des Artistes 2023"}]},{"@type":"WebSite","@id":"https:\/\/www.directeur-artistique-freelance.fr\/graphiste\/#website","url":"https:\/\/www.directeur-artistique-freelance.fr\/graphiste\/","name":"Graphiste Freelance","description":"Saint Germain en Laye 78","publisher":{"@id":"https:\/\/www.directeur-artistique-freelance.fr\/graphiste\/#organization"},"potentialAction":[{"@type":"SearchAction","target":{"@type":"EntryPoint","urlTemplate":"https:\/\/www.directeur-artistique-freelance.fr\/graphiste\/?s={search_term_string}"},"query-input":{"@type":"PropertyValueSpecification","valueRequired":true,"valueName":"search_term_string"}}],"inLanguage":"fr-FR"},{"@type":"Organization","@id":"https:\/\/www.directeur-artistique-freelance.fr\/graphiste\/#organization","name":"Anne Pieussergues Dherbicourt","url":"https:\/\/www.directeur-artistique-freelance.fr\/graphiste\/","logo":{"@type":"ImageObject","inLanguage":"fr-FR","@id":"https:\/\/www.directeur-artistique-freelance.fr\/graphiste\/#\/schema\/logo\/image\/","url":"https:\/\/www.directeur-artistique-freelance.fr\/graphiste\/wp-content\/uploads\/2019\/06\/graphiste-freelance-saint-germain-en-laye.png","contentUrl":"https:\/\/www.directeur-artistique-freelance.fr\/graphiste\/wp-content\/uploads\/2019\/06\/graphiste-freelance-saint-germain-en-laye.png","width":667,"height":200,"caption":"Anne Pieussergues Dherbicourt"},"image":{"@id":"https:\/\/www.directeur-artistique-freelance.fr\/graphiste\/#\/schema\/logo\/image\/"},"sameAs":["https:\/\/www.facebook.com\/annepieusserguesdherbicourt\/","https:\/\/x.com\/Cheesenane","https:\/\/www.instagram.com\/anne_pieussergues_dherbicourt\/","https:\/\/www.linkedin.com\/in\/anne-pieussergues-dherbicourt-61603812\/","https:\/\/www.pinterest.fr\/cheesenane\/my-artwork\/"]},{"@type":"Person","@id":"https:\/\/www.directeur-artistique-freelance.fr\/graphiste\/#\/schema\/person\/7a179c6e49ca4d029f1c0f9aac0b5e03","name":"Freelance","image":{"@type":"ImageObject","inLanguage":"fr-FR","@id":"https:\/\/www.directeur-artistique-freelance.fr\/graphiste\/#\/schema\/person\/image\/","url":"https:\/\/www.directeur-artistique-freelance.fr\/graphiste\/wp-content\/litespeed\/avatar\/6f6844df38c3851153fa746d447a597e.jpg?ver=1777339941","contentUrl":"https:\/\/www.directeur-artistique-freelance.fr\/graphiste\/wp-content\/litespeed\/avatar\/6f6844df38c3851153fa746d447a597e.jpg?ver=1777339941","caption":"Freelance"},"url":"https:\/\/www.directeur-artistique-freelance.fr\/graphiste\/author\/freelance\/"}]}},"_links":{"self":[{"href":"https:\/\/www.directeur-artistique-freelance.fr\/graphiste\/wp-json\/wp\/v2\/posts\/3827","targetHints":{"allow":["GET"]}}],"collection":[{"href":"https:\/\/www.directeur-artistique-freelance.fr\/graphiste\/wp-json\/wp\/v2\/posts"}],"about":[{"href":"https:\/\/www.directeur-artistique-freelance.fr\/graphiste\/wp-json\/wp\/v2\/types\/post"}],"author":[{"embeddable":true,"href":"https:\/\/www.directeur-artistique-freelance.fr\/graphiste\/wp-json\/wp\/v2\/users\/1"}],"replies":[{"embeddable":true,"href":"https:\/\/www.directeur-artistique-freelance.fr\/graphiste\/wp-json\/wp\/v2\/comments?post=3827"}],"version-history":[{"count":7,"href":"https:\/\/www.directeur-artistique-freelance.fr\/graphiste\/wp-json\/wp\/v2\/posts\/3827\/revisions"}],"predecessor-version":[{"id":3836,"href":"https:\/\/www.directeur-artistique-freelance.fr\/graphiste\/wp-json\/wp\/v2\/posts\/3827\/revisions\/3836"}],"wp:featuredmedia":[{"embeddable":true,"href":"https:\/\/www.directeur-artistique-freelance.fr\/graphiste\/wp-json\/wp\/v2\/media\/3829"}],"wp:attachment":[{"href":"https:\/\/www.directeur-artistique-freelance.fr\/graphiste\/wp-json\/wp\/v2\/media?parent=3827"}],"wp:term":[{"taxonomy":"category","embeddable":true,"href":"https:\/\/www.directeur-artistique-freelance.fr\/graphiste\/wp-json\/wp\/v2\/categories?post=3827"},{"taxonomy":"post_tag","embeddable":true,"href":"https:\/\/www.directeur-artistique-freelance.fr\/graphiste\/wp-json\/wp\/v2\/tags?post=3827"}],"curies":[{"name":"wp","href":"https:\/\/api.w.org\/{rel}","templated":true}]}}