{"id":3819,"date":"2023-11-24T14:38:54","date_gmt":"2023-11-24T13:38:54","guid":{"rendered":"https:\/\/www.directeur-artistique-freelance.fr\/graphiste\/?p=3819"},"modified":"2023-11-24T14:41:41","modified_gmt":"2023-11-24T13:41:41","slug":"marche-de-lart-de-saint-germain-en-laye","status":"publish","type":"post","link":"https:\/\/www.directeur-artistique-freelance.fr\/graphiste\/marche-de-lart-de-saint-germain-en-laye\/","title":{"rendered":"March\u00e9 de l&rsquo;Art de Saint-Germain-En-Laye"},"content":{"rendered":"\t\t<div data-elementor-type=\"wp-post\" data-elementor-id=\"3819\" class=\"elementor elementor-3819\" data-elementor-post-type=\"post\">\n\t\t\t\t\t\t<section class=\"elementor-section elementor-top-section elementor-element elementor-element-47f6676 elementor-section-boxed elementor-section-height-default elementor-section-height-default\" data-id=\"47f6676\" data-element_type=\"section\">\n\t\t\t\t\t\t<div class=\"elementor-container elementor-column-gap-default\">\n\t\t\t\t\t<div class=\"elementor-column elementor-col-100 elementor-top-column elementor-element elementor-element-be465d0\" data-id=\"be465d0\" data-element_type=\"column\">\n\t\t\t<div class=\"elementor-widget-wrap elementor-element-populated\">\n\t\t\t\t\t\t<div class=\"elementor-element elementor-element-2e4b556 elementor-widget elementor-widget-image\" data-id=\"2e4b556\" data-element_type=\"widget\" data-widget_type=\"image.default\">\n\t\t\t\t<div class=\"elementor-widget-container\">\n\t\t\t\t\t\t\t\t\t\t\t\t\t\t\t<img fetchpriority=\"high\" decoding=\"async\" width=\"1182\" height=\"448\" src=\"https:\/\/www.directeur-artistique-freelance.fr\/graphiste\/wp-content\/uploads\/2023\/11\/bandeau-marche-art-atelier-piece-unique-anne-pieussergues-copie.jpg.webp\" class=\"attachment-full size-full wp-image-3820\" alt=\"\" srcset=\"https:\/\/www.directeur-artistique-freelance.fr\/graphiste\/wp-content\/uploads\/2023\/11\/bandeau-marche-art-atelier-piece-unique-anne-pieussergues-copie.jpg.webp 1182w, https:\/\/www.directeur-artistique-freelance.fr\/graphiste\/wp-content\/uploads\/2023\/11\/bandeau-marche-art-atelier-piece-unique-anne-pieussergues-copie.jpg-300x114.webp 300w, https:\/\/www.directeur-artistique-freelance.fr\/graphiste\/wp-content\/uploads\/2023\/11\/bandeau-marche-art-atelier-piece-unique-anne-pieussergues-copie.jpg-1024x388.webp 1024w, https:\/\/www.directeur-artistique-freelance.fr\/graphiste\/wp-content\/uploads\/2023\/11\/bandeau-marche-art-atelier-piece-unique-anne-pieussergues-copie.jpg-768x291.webp 768w\" sizes=\"(max-width: 1182px) 100vw, 1182px\" \/>\t\t\t\t\t\t\t\t\t\t\t\t\t\t\t<\/div>\n\t\t\t\t<\/div>\n\t\t\t\t\t<\/div>\n\t\t<\/div>\n\t\t\t\t\t<\/div>\n\t\t<\/section>\n\t\t\t\t<section class=\"elementor-section elementor-top-section elementor-element elementor-element-3424a70 elementor-section-boxed elementor-section-height-default elementor-section-height-default\" data-id=\"3424a70\" data-element_type=\"section\">\n\t\t\t\t\t\t<div class=\"elementor-container elementor-column-gap-default\">\n\t\t\t\t\t<div class=\"elementor-column elementor-col-50 elementor-top-column elementor-element elementor-element-f4eae8e\" data-id=\"f4eae8e\" data-element_type=\"column\">\n\t\t\t<div class=\"elementor-widget-wrap elementor-element-populated\">\n\t\t\t\t\t\t<div class=\"elementor-element elementor-element-47fb096 elementor-widget elementor-widget-text-editor\" data-id=\"47fb096\" data-element_type=\"widget\" data-widget_type=\"text-editor.default\">\n\t\t\t\t<div class=\"elementor-widget-container\">\n\t\t\t\t\t\t\t\t\t<div class=\"elementor-element elementor-element-fc16d22 elementor-widget elementor-widget-heading\" data-id=\"fc16d22\" data-element_type=\"widget\" data-widget_type=\"heading.default\"><div class=\"elementor-widget-container\"><h2 class=\"elementor-heading-title elementor-size-default\">Les artistes s&rsquo;exposent \u00e0 Saint-Germain-En-Laye<\/h2><\/div><\/div><div class=\"elementor-element elementor-element-00fc660 elementor-widget elementor-widget-text-editor\" data-id=\"00fc660\" data-element_type=\"widget\" data-widget_type=\"text-editor.default\"><div class=\"elementor-widget-container\"><p>Cette ann\u00e9e, j\u2019ai eu la chance d\u2019exposer parmi de nombreux et talentueux artistes, au March\u00e9 de l\u2019Art de Saint-Germain-En-Laye, organis\u00e9 par l\u2019Atelier Pi\u00e8ce Unique.<\/p><p>Ce fut l\u2019occasion de d\u00e9couvrir des artistes vari\u00e9s au style actuel et de partager avec eux sur leur d\u00e9marche artistique.<\/p><p>Ce march\u00e9 de l\u2019art \u00e9tait la 15e \u00e9dition, il soutient les artistes depuis 2007. Il a \u00e9t\u00e9 impuls\u00e9 par la dynamique d\u2019un groupe d\u2019amis artistes de l\u2019Atelier Pi\u00e8ce Unique et leur d\u00e9sir de partager leur\u00a0int\u00e9r\u00eat pour la cr\u00e9ation artistique actuelle.<\/p><p class=\"p1\">En tant qu\u2019illustratrice botanique, je suis combl\u00e9e de bonheur chaque fois que je participe \u00e0 un march\u00e9 de l\u2019art. Cet \u00e9v\u00e9nement magique me permet de rencontrer des personnes extraordinaires et de partager ma passion pour l\u2019art botanique.<\/p><p class=\"p1\">D\u00e8s que les visiteurs s\u2019arr\u00eatent devant mes cr\u00e9ations, je ressens une v\u00e9ritable fiert\u00e9. Chaque illustration que j\u2019ai minutieusement r\u00e9alis\u00e9e t\u00e9moigne de mon amour pour la nature et r\u00e9v\u00e8le la beaut\u00e9 unique de chaque plante. Les r\u00e9actions \u00e9merveill\u00e9es et les regards \u00e9blouis des gens en disent long sur l\u2019impact que mes \u0153uvres ont sur eux.<\/p><p class=\"p1\">Ce qui rend ces rencontres si sp\u00e9ciales, c\u2019est la connexion instantan\u00e9e que je peux \u00e9tablir avec les amateurs d\u2019art et de botanique. Les discussions anim\u00e9es et passionnantes qui en d\u00e9coulent sont une source d\u2019inspiration in\u00e9puisable. Je suis constamment \u00e9merveill\u00e9e de voir \u00e0 quel point la botanique peut rassembler des individus d\u2019horizons diff\u00e9rents autour d\u2019une m\u00eame passion.<\/p><p class=\"p1\">Les march\u00e9s de l\u2019art me permettent \u00e9galement de d\u00e9couvrir d\u2019autres artistes talentueux. \u00c9changer avec eux, partager nos exp\u00e9riences et nos connaissances, est une exp\u00e9rience enrichissante. Je suis constamment \u00e9pat\u00e9e par la diversit\u00e9 des styles et des approches artistiques pr\u00e9sentes sur le march\u00e9. Ces interactions stimulantes me poussent \u00e0 repousser mes propres limites et \u00e0 explorer de nouvelles perspectives.<\/p><p class=\"p1\">Au-del\u00e0 de l\u2019aspect artistique, les march\u00e9s de l\u2019art sont des lieux privil\u00e9gi\u00e9s pour tisser des liens sinc\u00e8res et durables. Les rencontres avec les visiteurs et les autres artistes peuvent donner naissance \u00e0 de pr\u00e9cieuses amiti\u00e9s, \u00e0 des collaborations futures et \u00e0 un soutien mutuel dans notre parcours artistique. Cette communaut\u00e9 d\u2019artistes et d\u2019amoureux de l\u2019art est une source d\u2019inspiration constante et je suis reconnaissante d\u2019en faire partie.<\/p><p class=\"p1\">En somme, chaque march\u00e9 de l\u2019art est une aventure extraordinaire pour moi en tant qu\u2019illustratrice botanique. C\u2019est un lieu o\u00f9 je peux partager ma passion, \u00e9changer avec des personnes formidables, d\u00e9couvrir de nouveaux talents et \u00e9largir mes horizons artistiques. Je suis combl\u00e9e de bonheur \u00e0 chaque occasion qui m\u2019est donn\u00e9e de participer \u00e0 ces \u00e9v\u00e9nements, car ils nourrissent mon \u00e2me d\u2019artiste et me permettent de m\u2019\u00e9panouir pleinement.<\/p><p>J\u2019esp\u00e8re vous retrouver tous tr\u00e8s vite autour de notre passion commune, l\u2019aquarelle botanique !<\/p><p><a href=\"https:\/\/atelier-piece-unique.com\/save-the-date-100-artistes-sexposent-samedi-17-juin-2023\/\" target=\"_blank\" rel=\"noopener\">&gt; Atelier Piece Unique<\/a><\/p><\/div><\/div>\t\t\t\t\t\t\t\t<\/div>\n\t\t\t\t<\/div>\n\t\t\t\t\t<\/div>\n\t\t<\/div>\n\t\t\t\t<div class=\"elementor-column elementor-col-50 elementor-top-column elementor-element elementor-element-5837fc5\" data-id=\"5837fc5\" data-element_type=\"column\">\n\t\t\t<div class=\"elementor-widget-wrap elementor-element-populated\">\n\t\t\t\t\t\t<div class=\"elementor-element elementor-element-5f4b422 elementor-widget elementor-widget-image\" data-id=\"5f4b422\" data-element_type=\"widget\" data-widget_type=\"image.default\">\n\t\t\t\t<div class=\"elementor-widget-container\">\n\t\t\t\t\t\t\t\t\t\t\t\t\t\t\t<img decoding=\"async\" width=\"768\" height=\"1024\" src=\"https:\/\/www.directeur-artistique-freelance.fr\/graphiste\/wp-content\/uploads\/2023\/11\/anne-pieussergues-dherbicourt-marche-de-lart-2023-aquarelle-botanique-768x1024.jpg.webp\" class=\"attachment-large size-large wp-image-3823\" alt=\"\" srcset=\"https:\/\/www.directeur-artistique-freelance.fr\/graphiste\/wp-content\/uploads\/2023\/11\/anne-pieussergues-dherbicourt-marche-de-lart-2023-aquarelle-botanique-768x1024.jpg.webp 768w, https:\/\/www.directeur-artistique-freelance.fr\/graphiste\/wp-content\/uploads\/2023\/11\/anne-pieussergues-dherbicourt-marche-de-lart-2023-aquarelle-botanique-768x1024.jpg-225x300.webp 225w\" sizes=\"(max-width: 768px) 100vw, 768px\" \/>\t\t\t\t\t\t\t\t\t\t\t\t\t\t\t<\/div>\n\t\t\t\t<\/div>\n\t\t\t\t<div class=\"elementor-element elementor-element-3a28bfd elementor-widget elementor-widget-image\" data-id=\"3a28bfd\" data-element_type=\"widget\" data-widget_type=\"image.default\">\n\t\t\t\t<div class=\"elementor-widget-container\">\n\t\t\t\t\t\t\t\t\t\t\t\t\t\t\t<img decoding=\"async\" width=\"768\" height=\"1024\" src=\"https:\/\/www.directeur-artistique-freelance.fr\/graphiste\/wp-content\/uploads\/2023\/11\/anne-pieussergues-dherbicourt-initiation-dessin-illustration-cours-768x1024.jpg.webp\" class=\"attachment-large size-large wp-image-3822\" alt=\"\" srcset=\"https:\/\/www.directeur-artistique-freelance.fr\/graphiste\/wp-content\/uploads\/2023\/11\/anne-pieussergues-dherbicourt-initiation-dessin-illustration-cours-768x1024.jpg.webp 768w, https:\/\/www.directeur-artistique-freelance.fr\/graphiste\/wp-content\/uploads\/2023\/11\/anne-pieussergues-dherbicourt-initiation-dessin-illustration-cours-768x1024.jpg-225x300.webp 225w\" sizes=\"(max-width: 768px) 100vw, 768px\" \/>\t\t\t\t\t\t\t\t\t\t\t\t\t\t\t<\/div>\n\t\t\t\t<\/div>\n\t\t\t\t\t<\/div>\n\t\t<\/div>\n\t\t\t\t\t<\/div>\n\t\t<\/section>\n\t\t\t\t<section class=\"elementor-section elementor-top-section elementor-element elementor-element-4a02809 elementor-section-boxed elementor-section-height-default elementor-section-height-default\" data-id=\"4a02809\" data-element_type=\"section\">\n\t\t\t\t\t\t<div class=\"elementor-container elementor-column-gap-default\">\n\t\t\t\t\t<div class=\"elementor-column elementor-col-100 elementor-top-column elementor-element elementor-element-d387fec\" data-id=\"d387fec\" data-element_type=\"column\">\n\t\t\t<div class=\"elementor-widget-wrap elementor-element-populated\">\n\t\t\t\t\t\t<div class=\"elementor-element elementor-element-11180c8 elementor-widget elementor-widget-spacer\" data-id=\"11180c8\" data-element_type=\"widget\" data-widget_type=\"spacer.default\">\n\t\t\t\t<div class=\"elementor-widget-container\">\n\t\t\t\t\t\t\t<div class=\"elementor-spacer\">\n\t\t\t<div class=\"elementor-spacer-inner\"><\/div>\n\t\t<\/div>\n\t\t\t\t\t\t<\/div>\n\t\t\t\t<\/div>\n\t\t\t\t\t<\/div>\n\t\t<\/div>\n\t\t\t\t\t<\/div>\n\t\t<\/section>\n\t\t\t\t<\/div>\n\t\t","protected":false},"excerpt":{"rendered":"<p>Les artistes s&rsquo;exposent \u00e0 Saint-Germain-En-Laye Cette ann\u00e9e, j\u2019ai eu la chance d\u2019exposer parmi de nombreux et talentueux artistes, au March\u00e9 de l\u2019Art de Saint-Germain-En-Laye, organis\u00e9 par l\u2019Atelier Pi\u00e8ce Unique. Ce fut l\u2019occasion de d\u00e9couvrir des artistes vari\u00e9s au style actuel et de partager avec eux sur leur d\u00e9marche artistique. Ce march\u00e9 de l\u2019art \u00e9tait la [&hellip;]<\/p>\n","protected":false},"author":1,"featured_media":3820,"comment_status":"open","ping_status":"open","sticky":false,"template":"","format":"standard","meta":{"footnotes":""},"categories":[18],"tags":[],"class_list":["post-3819","post","type-post","status-publish","format-standard","has-post-thumbnail","hentry","category-news"],"yoast_head":"<!-- This site is optimized with the Yoast SEO plugin v26.8 - https:\/\/yoast.com\/product\/yoast-seo-wordpress\/ -->\n<title>March\u00e9 de l&#039;Art de Saint-Germain-En-Laye - Graphiste Freelance<\/title>\n<meta name=\"description\" content=\"Les Artistes s&#039;exposent \u00e0 Saint-Germain-En-Laye, retrouvez-moi chaque ann\u00e9e au march\u00e9 de l&#039;art de Saint-germain-en-laye !\" \/>\n<meta name=\"robots\" content=\"index, follow, max-snippet:-1, max-image-preview:large, max-video-preview:-1\" \/>\n<link rel=\"canonical\" href=\"https:\/\/www.directeur-artistique-freelance.fr\/graphiste\/marche-de-lart-de-saint-germain-en-laye\/\" \/>\n<meta property=\"og:locale\" content=\"fr_FR\" \/>\n<meta property=\"og:type\" content=\"article\" \/>\n<meta property=\"og:title\" content=\"March\u00e9 de l&#039;Art de Saint-Germain-En-Laye - Graphiste Freelance\" \/>\n<meta property=\"og:description\" content=\"Les Artistes s&#039;exposent \u00e0 Saint-Germain-En-Laye, retrouvez-moi chaque ann\u00e9e au march\u00e9 de l&#039;art de Saint-germain-en-laye !\" \/>\n<meta property=\"og:url\" content=\"https:\/\/www.directeur-artistique-freelance.fr\/graphiste\/marche-de-lart-de-saint-germain-en-laye\/\" \/>\n<meta property=\"og:site_name\" content=\"Graphiste Freelance\" \/>\n<meta property=\"article:publisher\" content=\"https:\/\/www.facebook.com\/annepieusserguesdherbicourt\/\" \/>\n<meta property=\"article:published_time\" content=\"2023-11-24T13:38:54+00:00\" \/>\n<meta property=\"article:modified_time\" content=\"2023-11-24T13:41:41+00:00\" \/>\n<meta property=\"og:image\" content=\"https:\/\/www.directeur-artistique-freelance.fr\/graphiste\/wp-content\/uploads\/2023\/11\/bandeau-marche-art-atelier-piece-unique-anne-pieussergues-copie.jpg.webp\" \/>\n\t<meta property=\"og:image:width\" content=\"1182\" \/>\n\t<meta property=\"og:image:height\" content=\"448\" \/>\n\t<meta property=\"og:image:type\" content=\"image\/webp\" \/>\n<meta name=\"author\" content=\"Freelance\" \/>\n<meta name=\"twitter:card\" content=\"summary_large_image\" \/>\n<meta name=\"twitter:creator\" content=\"@Cheesenane\" \/>\n<meta name=\"twitter:site\" content=\"@Cheesenane\" \/>\n<meta name=\"twitter:label1\" content=\"\u00c9crit par\" \/>\n\t<meta name=\"twitter:data1\" content=\"Freelance\" \/>\n\t<meta name=\"twitter:label2\" content=\"Dur\u00e9e de lecture estim\u00e9e\" \/>\n\t<meta name=\"twitter:data2\" content=\"3 minutes\" \/>\n<script type=\"application\/ld+json\" class=\"yoast-schema-graph\">{\"@context\":\"https:\/\/schema.org\",\"@graph\":[{\"@type\":\"Article\",\"@id\":\"https:\/\/www.directeur-artistique-freelance.fr\/graphiste\/marche-de-lart-de-saint-germain-en-laye\/#article\",\"isPartOf\":{\"@id\":\"https:\/\/www.directeur-artistique-freelance.fr\/graphiste\/marche-de-lart-de-saint-germain-en-laye\/\"},\"author\":{\"name\":\"Freelance\",\"@id\":\"https:\/\/www.directeur-artistique-freelance.fr\/graphiste\/#\/schema\/person\/7a179c6e49ca4d029f1c0f9aac0b5e03\"},\"headline\":\"March\u00e9 de l&rsquo;Art de Saint-Germain-En-Laye\",\"datePublished\":\"2023-11-24T13:38:54+00:00\",\"dateModified\":\"2023-11-24T13:41:41+00:00\",\"mainEntityOfPage\":{\"@id\":\"https:\/\/www.directeur-artistique-freelance.fr\/graphiste\/marche-de-lart-de-saint-germain-en-laye\/\"},\"wordCount\":528,\"commentCount\":0,\"publisher\":{\"@id\":\"https:\/\/www.directeur-artistique-freelance.fr\/graphiste\/#organization\"},\"image\":{\"@id\":\"https:\/\/www.directeur-artistique-freelance.fr\/graphiste\/marche-de-lart-de-saint-germain-en-laye\/#primaryimage\"},\"thumbnailUrl\":\"https:\/\/www.directeur-artistique-freelance.fr\/graphiste\/wp-content\/uploads\/2023\/11\/bandeau-marche-art-atelier-piece-unique-anne-pieussergues-copie.jpg.webp\",\"articleSection\":[\"News\"],\"inLanguage\":\"fr-FR\",\"potentialAction\":[{\"@type\":\"CommentAction\",\"name\":\"Comment\",\"target\":[\"https:\/\/www.directeur-artistique-freelance.fr\/graphiste\/marche-de-lart-de-saint-germain-en-laye\/#respond\"]}]},{\"@type\":\"WebPage\",\"@id\":\"https:\/\/www.directeur-artistique-freelance.fr\/graphiste\/marche-de-lart-de-saint-germain-en-laye\/\",\"url\":\"https:\/\/www.directeur-artistique-freelance.fr\/graphiste\/marche-de-lart-de-saint-germain-en-laye\/\",\"name\":\"March\u00e9 de l'Art de Saint-Germain-En-Laye - Graphiste Freelance\",\"isPartOf\":{\"@id\":\"https:\/\/www.directeur-artistique-freelance.fr\/graphiste\/#website\"},\"primaryImageOfPage\":{\"@id\":\"https:\/\/www.directeur-artistique-freelance.fr\/graphiste\/marche-de-lart-de-saint-germain-en-laye\/#primaryimage\"},\"image\":{\"@id\":\"https:\/\/www.directeur-artistique-freelance.fr\/graphiste\/marche-de-lart-de-saint-germain-en-laye\/#primaryimage\"},\"thumbnailUrl\":\"https:\/\/www.directeur-artistique-freelance.fr\/graphiste\/wp-content\/uploads\/2023\/11\/bandeau-marche-art-atelier-piece-unique-anne-pieussergues-copie.jpg.webp\",\"datePublished\":\"2023-11-24T13:38:54+00:00\",\"dateModified\":\"2023-11-24T13:41:41+00:00\",\"description\":\"Les Artistes s'exposent \u00e0 Saint-Germain-En-Laye, retrouvez-moi chaque ann\u00e9e au march\u00e9 de l'art de Saint-germain-en-laye !\",\"breadcrumb\":{\"@id\":\"https:\/\/www.directeur-artistique-freelance.fr\/graphiste\/marche-de-lart-de-saint-germain-en-laye\/#breadcrumb\"},\"inLanguage\":\"fr-FR\",\"potentialAction\":[{\"@type\":\"ReadAction\",\"target\":[\"https:\/\/www.directeur-artistique-freelance.fr\/graphiste\/marche-de-lart-de-saint-germain-en-laye\/\"]}]},{\"@type\":\"ImageObject\",\"inLanguage\":\"fr-FR\",\"@id\":\"https:\/\/www.directeur-artistique-freelance.fr\/graphiste\/marche-de-lart-de-saint-germain-en-laye\/#primaryimage\",\"url\":\"https:\/\/www.directeur-artistique-freelance.fr\/graphiste\/wp-content\/uploads\/2023\/11\/bandeau-marche-art-atelier-piece-unique-anne-pieussergues-copie.jpg.webp\",\"contentUrl\":\"https:\/\/www.directeur-artistique-freelance.fr\/graphiste\/wp-content\/uploads\/2023\/11\/bandeau-marche-art-atelier-piece-unique-anne-pieussergues-copie.jpg.webp\",\"width\":1182,\"height\":448},{\"@type\":\"BreadcrumbList\",\"@id\":\"https:\/\/www.directeur-artistique-freelance.fr\/graphiste\/marche-de-lart-de-saint-germain-en-laye\/#breadcrumb\",\"itemListElement\":[{\"@type\":\"ListItem\",\"position\":1,\"name\":\"Accueil\",\"item\":\"https:\/\/www.directeur-artistique-freelance.fr\/graphiste\/\"},{\"@type\":\"ListItem\",\"position\":2,\"name\":\"March\u00e9 de l&rsquo;Art de Saint-Germain-En-Laye\"}]},{\"@type\":\"WebSite\",\"@id\":\"https:\/\/www.directeur-artistique-freelance.fr\/graphiste\/#website\",\"url\":\"https:\/\/www.directeur-artistique-freelance.fr\/graphiste\/\",\"name\":\"Graphiste Freelance\",\"description\":\"Saint Germain en Laye 78\",\"publisher\":{\"@id\":\"https:\/\/www.directeur-artistique-freelance.fr\/graphiste\/#organization\"},\"potentialAction\":[{\"@type\":\"SearchAction\",\"target\":{\"@type\":\"EntryPoint\",\"urlTemplate\":\"https:\/\/www.directeur-artistique-freelance.fr\/graphiste\/?s={search_term_string}\"},\"query-input\":{\"@type\":\"PropertyValueSpecification\",\"valueRequired\":true,\"valueName\":\"search_term_string\"}}],\"inLanguage\":\"fr-FR\"},{\"@type\":\"Organization\",\"@id\":\"https:\/\/www.directeur-artistique-freelance.fr\/graphiste\/#organization\",\"name\":\"Anne Pieussergues Dherbicourt\",\"url\":\"https:\/\/www.directeur-artistique-freelance.fr\/graphiste\/\",\"logo\":{\"@type\":\"ImageObject\",\"inLanguage\":\"fr-FR\",\"@id\":\"https:\/\/www.directeur-artistique-freelance.fr\/graphiste\/#\/schema\/logo\/image\/\",\"url\":\"https:\/\/www.directeur-artistique-freelance.fr\/graphiste\/wp-content\/uploads\/2019\/06\/graphiste-freelance-saint-germain-en-laye.png\",\"contentUrl\":\"https:\/\/www.directeur-artistique-freelance.fr\/graphiste\/wp-content\/uploads\/2019\/06\/graphiste-freelance-saint-germain-en-laye.png\",\"width\":667,\"height\":200,\"caption\":\"Anne Pieussergues Dherbicourt\"},\"image\":{\"@id\":\"https:\/\/www.directeur-artistique-freelance.fr\/graphiste\/#\/schema\/logo\/image\/\"},\"sameAs\":[\"https:\/\/www.facebook.com\/annepieusserguesdherbicourt\/\",\"https:\/\/x.com\/Cheesenane\",\"https:\/\/www.instagram.com\/anne_pieussergues_dherbicourt\/\",\"https:\/\/www.linkedin.com\/in\/anne-pieussergues-dherbicourt-61603812\/\",\"https:\/\/www.pinterest.fr\/cheesenane\/my-artwork\/\"]},{\"@type\":\"Person\",\"@id\":\"https:\/\/www.directeur-artistique-freelance.fr\/graphiste\/#\/schema\/person\/7a179c6e49ca4d029f1c0f9aac0b5e03\",\"name\":\"Freelance\",\"image\":{\"@type\":\"ImageObject\",\"inLanguage\":\"fr-FR\",\"@id\":\"https:\/\/www.directeur-artistique-freelance.fr\/graphiste\/#\/schema\/person\/image\/\",\"url\":\"https:\/\/www.directeur-artistique-freelance.fr\/graphiste\/wp-content\/litespeed\/avatar\/6f6844df38c3851153fa746d447a597e.jpg?ver=1777339941\",\"contentUrl\":\"https:\/\/www.directeur-artistique-freelance.fr\/graphiste\/wp-content\/litespeed\/avatar\/6f6844df38c3851153fa746d447a597e.jpg?ver=1777339941\",\"caption\":\"Freelance\"},\"url\":\"https:\/\/www.directeur-artistique-freelance.fr\/graphiste\/author\/freelance\/\"}]}<\/script>\n<!-- \/ Yoast SEO plugin. -->","yoast_head_json":{"title":"March\u00e9 de l'Art de Saint-Germain-En-Laye - Graphiste Freelance","description":"Les Artistes s'exposent \u00e0 Saint-Germain-En-Laye, retrouvez-moi chaque ann\u00e9e au march\u00e9 de l'art de Saint-germain-en-laye !","robots":{"index":"index","follow":"follow","max-snippet":"max-snippet:-1","max-image-preview":"max-image-preview:large","max-video-preview":"max-video-preview:-1"},"canonical":"https:\/\/www.directeur-artistique-freelance.fr\/graphiste\/marche-de-lart-de-saint-germain-en-laye\/","og_locale":"fr_FR","og_type":"article","og_title":"March\u00e9 de l'Art de Saint-Germain-En-Laye - Graphiste Freelance","og_description":"Les Artistes s'exposent \u00e0 Saint-Germain-En-Laye, retrouvez-moi chaque ann\u00e9e au march\u00e9 de l'art de Saint-germain-en-laye !","og_url":"https:\/\/www.directeur-artistique-freelance.fr\/graphiste\/marche-de-lart-de-saint-germain-en-laye\/","og_site_name":"Graphiste Freelance","article_publisher":"https:\/\/www.facebook.com\/annepieusserguesdherbicourt\/","article_published_time":"2023-11-24T13:38:54+00:00","article_modified_time":"2023-11-24T13:41:41+00:00","og_image":[{"width":1182,"height":448,"url":"https:\/\/www.directeur-artistique-freelance.fr\/graphiste\/wp-content\/uploads\/2023\/11\/bandeau-marche-art-atelier-piece-unique-anne-pieussergues-copie.jpg.webp","type":"image\/webp"}],"author":"Freelance","twitter_card":"summary_large_image","twitter_creator":"@Cheesenane","twitter_site":"@Cheesenane","twitter_misc":{"\u00c9crit par":"Freelance","Dur\u00e9e de lecture estim\u00e9e":"3 minutes"},"schema":{"@context":"https:\/\/schema.org","@graph":[{"@type":"Article","@id":"https:\/\/www.directeur-artistique-freelance.fr\/graphiste\/marche-de-lart-de-saint-germain-en-laye\/#article","isPartOf":{"@id":"https:\/\/www.directeur-artistique-freelance.fr\/graphiste\/marche-de-lart-de-saint-germain-en-laye\/"},"author":{"name":"Freelance","@id":"https:\/\/www.directeur-artistique-freelance.fr\/graphiste\/#\/schema\/person\/7a179c6e49ca4d029f1c0f9aac0b5e03"},"headline":"March\u00e9 de l&rsquo;Art de Saint-Germain-En-Laye","datePublished":"2023-11-24T13:38:54+00:00","dateModified":"2023-11-24T13:41:41+00:00","mainEntityOfPage":{"@id":"https:\/\/www.directeur-artistique-freelance.fr\/graphiste\/marche-de-lart-de-saint-germain-en-laye\/"},"wordCount":528,"commentCount":0,"publisher":{"@id":"https:\/\/www.directeur-artistique-freelance.fr\/graphiste\/#organization"},"image":{"@id":"https:\/\/www.directeur-artistique-freelance.fr\/graphiste\/marche-de-lart-de-saint-germain-en-laye\/#primaryimage"},"thumbnailUrl":"https:\/\/www.directeur-artistique-freelance.fr\/graphiste\/wp-content\/uploads\/2023\/11\/bandeau-marche-art-atelier-piece-unique-anne-pieussergues-copie.jpg.webp","articleSection":["News"],"inLanguage":"fr-FR","potentialAction":[{"@type":"CommentAction","name":"Comment","target":["https:\/\/www.directeur-artistique-freelance.fr\/graphiste\/marche-de-lart-de-saint-germain-en-laye\/#respond"]}]},{"@type":"WebPage","@id":"https:\/\/www.directeur-artistique-freelance.fr\/graphiste\/marche-de-lart-de-saint-germain-en-laye\/","url":"https:\/\/www.directeur-artistique-freelance.fr\/graphiste\/marche-de-lart-de-saint-germain-en-laye\/","name":"March\u00e9 de l'Art de Saint-Germain-En-Laye - Graphiste Freelance","isPartOf":{"@id":"https:\/\/www.directeur-artistique-freelance.fr\/graphiste\/#website"},"primaryImageOfPage":{"@id":"https:\/\/www.directeur-artistique-freelance.fr\/graphiste\/marche-de-lart-de-saint-germain-en-laye\/#primaryimage"},"image":{"@id":"https:\/\/www.directeur-artistique-freelance.fr\/graphiste\/marche-de-lart-de-saint-germain-en-laye\/#primaryimage"},"thumbnailUrl":"https:\/\/www.directeur-artistique-freelance.fr\/graphiste\/wp-content\/uploads\/2023\/11\/bandeau-marche-art-atelier-piece-unique-anne-pieussergues-copie.jpg.webp","datePublished":"2023-11-24T13:38:54+00:00","dateModified":"2023-11-24T13:41:41+00:00","description":"Les Artistes s'exposent \u00e0 Saint-Germain-En-Laye, retrouvez-moi chaque ann\u00e9e au march\u00e9 de l'art de Saint-germain-en-laye !","breadcrumb":{"@id":"https:\/\/www.directeur-artistique-freelance.fr\/graphiste\/marche-de-lart-de-saint-germain-en-laye\/#breadcrumb"},"inLanguage":"fr-FR","potentialAction":[{"@type":"ReadAction","target":["https:\/\/www.directeur-artistique-freelance.fr\/graphiste\/marche-de-lart-de-saint-germain-en-laye\/"]}]},{"@type":"ImageObject","inLanguage":"fr-FR","@id":"https:\/\/www.directeur-artistique-freelance.fr\/graphiste\/marche-de-lart-de-saint-germain-en-laye\/#primaryimage","url":"https:\/\/www.directeur-artistique-freelance.fr\/graphiste\/wp-content\/uploads\/2023\/11\/bandeau-marche-art-atelier-piece-unique-anne-pieussergues-copie.jpg.webp","contentUrl":"https:\/\/www.directeur-artistique-freelance.fr\/graphiste\/wp-content\/uploads\/2023\/11\/bandeau-marche-art-atelier-piece-unique-anne-pieussergues-copie.jpg.webp","width":1182,"height":448},{"@type":"BreadcrumbList","@id":"https:\/\/www.directeur-artistique-freelance.fr\/graphiste\/marche-de-lart-de-saint-germain-en-laye\/#breadcrumb","itemListElement":[{"@type":"ListItem","position":1,"name":"Accueil","item":"https:\/\/www.directeur-artistique-freelance.fr\/graphiste\/"},{"@type":"ListItem","position":2,"name":"March\u00e9 de l&rsquo;Art de Saint-Germain-En-Laye"}]},{"@type":"WebSite","@id":"https:\/\/www.directeur-artistique-freelance.fr\/graphiste\/#website","url":"https:\/\/www.directeur-artistique-freelance.fr\/graphiste\/","name":"Graphiste Freelance","description":"Saint Germain en Laye 78","publisher":{"@id":"https:\/\/www.directeur-artistique-freelance.fr\/graphiste\/#organization"},"potentialAction":[{"@type":"SearchAction","target":{"@type":"EntryPoint","urlTemplate":"https:\/\/www.directeur-artistique-freelance.fr\/graphiste\/?s={search_term_string}"},"query-input":{"@type":"PropertyValueSpecification","valueRequired":true,"valueName":"search_term_string"}}],"inLanguage":"fr-FR"},{"@type":"Organization","@id":"https:\/\/www.directeur-artistique-freelance.fr\/graphiste\/#organization","name":"Anne Pieussergues Dherbicourt","url":"https:\/\/www.directeur-artistique-freelance.fr\/graphiste\/","logo":{"@type":"ImageObject","inLanguage":"fr-FR","@id":"https:\/\/www.directeur-artistique-freelance.fr\/graphiste\/#\/schema\/logo\/image\/","url":"https:\/\/www.directeur-artistique-freelance.fr\/graphiste\/wp-content\/uploads\/2019\/06\/graphiste-freelance-saint-germain-en-laye.png","contentUrl":"https:\/\/www.directeur-artistique-freelance.fr\/graphiste\/wp-content\/uploads\/2019\/06\/graphiste-freelance-saint-germain-en-laye.png","width":667,"height":200,"caption":"Anne Pieussergues Dherbicourt"},"image":{"@id":"https:\/\/www.directeur-artistique-freelance.fr\/graphiste\/#\/schema\/logo\/image\/"},"sameAs":["https:\/\/www.facebook.com\/annepieusserguesdherbicourt\/","https:\/\/x.com\/Cheesenane","https:\/\/www.instagram.com\/anne_pieussergues_dherbicourt\/","https:\/\/www.linkedin.com\/in\/anne-pieussergues-dherbicourt-61603812\/","https:\/\/www.pinterest.fr\/cheesenane\/my-artwork\/"]},{"@type":"Person","@id":"https:\/\/www.directeur-artistique-freelance.fr\/graphiste\/#\/schema\/person\/7a179c6e49ca4d029f1c0f9aac0b5e03","name":"Freelance","image":{"@type":"ImageObject","inLanguage":"fr-FR","@id":"https:\/\/www.directeur-artistique-freelance.fr\/graphiste\/#\/schema\/person\/image\/","url":"https:\/\/www.directeur-artistique-freelance.fr\/graphiste\/wp-content\/litespeed\/avatar\/6f6844df38c3851153fa746d447a597e.jpg?ver=1777339941","contentUrl":"https:\/\/www.directeur-artistique-freelance.fr\/graphiste\/wp-content\/litespeed\/avatar\/6f6844df38c3851153fa746d447a597e.jpg?ver=1777339941","caption":"Freelance"},"url":"https:\/\/www.directeur-artistique-freelance.fr\/graphiste\/author\/freelance\/"}]}},"_links":{"self":[{"href":"https:\/\/www.directeur-artistique-freelance.fr\/graphiste\/wp-json\/wp\/v2\/posts\/3819","targetHints":{"allow":["GET"]}}],"collection":[{"href":"https:\/\/www.directeur-artistique-freelance.fr\/graphiste\/wp-json\/wp\/v2\/posts"}],"about":[{"href":"https:\/\/www.directeur-artistique-freelance.fr\/graphiste\/wp-json\/wp\/v2\/types\/post"}],"author":[{"embeddable":true,"href":"https:\/\/www.directeur-artistique-freelance.fr\/graphiste\/wp-json\/wp\/v2\/users\/1"}],"replies":[{"embeddable":true,"href":"https:\/\/www.directeur-artistique-freelance.fr\/graphiste\/wp-json\/wp\/v2\/comments?post=3819"}],"version-history":[{"count":4,"href":"https:\/\/www.directeur-artistique-freelance.fr\/graphiste\/wp-json\/wp\/v2\/posts\/3819\/revisions"}],"predecessor-version":[{"id":3826,"href":"https:\/\/www.directeur-artistique-freelance.fr\/graphiste\/wp-json\/wp\/v2\/posts\/3819\/revisions\/3826"}],"wp:featuredmedia":[{"embeddable":true,"href":"https:\/\/www.directeur-artistique-freelance.fr\/graphiste\/wp-json\/wp\/v2\/media\/3820"}],"wp:attachment":[{"href":"https:\/\/www.directeur-artistique-freelance.fr\/graphiste\/wp-json\/wp\/v2\/media?parent=3819"}],"wp:term":[{"taxonomy":"category","embeddable":true,"href":"https:\/\/www.directeur-artistique-freelance.fr\/graphiste\/wp-json\/wp\/v2\/categories?post=3819"},{"taxonomy":"post_tag","embeddable":true,"href":"https:\/\/www.directeur-artistique-freelance.fr\/graphiste\/wp-json\/wp\/v2\/tags?post=3819"}],"curies":[{"name":"wp","href":"https:\/\/api.w.org\/{rel}","templated":true}]}}