{"id":3408,"date":"2022-11-29T21:17:48","date_gmt":"2022-11-29T20:17:48","guid":{"rendered":"https:\/\/www.directeur-artistique-freelance.fr\/graphiste\/?p=3408"},"modified":"2022-11-29T21:38:40","modified_gmt":"2022-11-29T20:38:40","slug":"bayard","status":"publish","type":"post","link":"https:\/\/www.directeur-artistique-freelance.fr\/graphiste\/bayard\/","title":{"rendered":"\u00c9ditions Bayard"},"content":{"rendered":"\t\t<div data-elementor-type=\"wp-post\" data-elementor-id=\"3408\" class=\"elementor elementor-3408\" data-elementor-post-type=\"post\">\n\t\t\t\t\t\t<section class=\"elementor-section elementor-top-section elementor-element elementor-element-f7e6214 elementor-section-boxed elementor-section-height-default elementor-section-height-default\" data-id=\"f7e6214\" data-element_type=\"section\">\n\t\t\t\t\t\t<div class=\"elementor-container elementor-column-gap-default\">\n\t\t\t\t\t<div class=\"elementor-column elementor-col-100 elementor-top-column elementor-element elementor-element-49c965d\" data-id=\"49c965d\" data-element_type=\"column\">\n\t\t\t<div class=\"elementor-widget-wrap elementor-element-populated\">\n\t\t\t\t\t\t<div class=\"elementor-element elementor-element-1957451 elementor-widget elementor-widget-image\" data-id=\"1957451\" data-element_type=\"widget\" data-widget_type=\"image.default\">\n\t\t\t\t<div class=\"elementor-widget-container\">\n\t\t\t\t\t\t\t\t\t\t\t\t\t\t\t<img fetchpriority=\"high\" decoding=\"async\" width=\"1920\" height=\"1083\" src=\"https:\/\/www.directeur-artistique-freelance.fr\/graphiste\/wp-content\/uploads\/2022\/11\/bandeau-bayard-illustration-magazine_2.jpg\" class=\"attachment-full size-full wp-image-3437\" alt=\"\" srcset=\"https:\/\/www.directeur-artistique-freelance.fr\/graphiste\/wp-content\/uploads\/2022\/11\/bandeau-bayard-illustration-magazine_2.jpg 1920w, https:\/\/www.directeur-artistique-freelance.fr\/graphiste\/wp-content\/uploads\/2022\/11\/bandeau-bayard-illustration-magazine_2-300x169.jpg 300w, https:\/\/www.directeur-artistique-freelance.fr\/graphiste\/wp-content\/uploads\/2022\/11\/bandeau-bayard-illustration-magazine_2-1024x578.jpg 1024w, https:\/\/www.directeur-artistique-freelance.fr\/graphiste\/wp-content\/uploads\/2022\/11\/bandeau-bayard-illustration-magazine_2-768x433.jpg 768w, https:\/\/www.directeur-artistique-freelance.fr\/graphiste\/wp-content\/uploads\/2022\/11\/bandeau-bayard-illustration-magazine_2-1536x866.jpg 1536w\" sizes=\"(max-width: 1920px) 100vw, 1920px\" \/>\t\t\t\t\t\t\t\t\t\t\t\t\t\t\t<\/div>\n\t\t\t\t<\/div>\n\t\t\t\t\t<\/div>\n\t\t<\/div>\n\t\t\t\t\t<\/div>\n\t\t<\/section>\n\t\t\t\t<section class=\"elementor-section elementor-top-section elementor-element elementor-element-fb4672a elementor-section-content-middle elementor-section-boxed elementor-section-height-default elementor-section-height-default\" data-id=\"fb4672a\" data-element_type=\"section\">\n\t\t\t\t\t\t<div class=\"elementor-container elementor-column-gap-no\">\n\t\t\t\t\t<div class=\"elementor-column elementor-col-100 elementor-top-column elementor-element elementor-element-6ce11e3\" data-id=\"6ce11e3\" data-element_type=\"column\">\n\t\t\t<div class=\"elementor-widget-wrap elementor-element-populated\">\n\t\t\t\t\t\t<div class=\"elementor-element elementor-element-82846e2 elementor-align-start elementor-icon-list--layout-traditional elementor-list-item-link-full_width elementor-widget elementor-widget-icon-list\" data-id=\"82846e2\" data-element_type=\"widget\" data-widget_type=\"icon-list.default\">\n\t\t\t\t<div class=\"elementor-widget-container\">\n\t\t\t\t\t\t\t<ul class=\"elementor-icon-list-items\">\n\t\t\t\t\t\t\t<li class=\"elementor-icon-list-item\">\n\t\t\t\t\t\t\t\t\t\t\t<a href=\"https:\/\/www.oberty.fr\/\" target=\"_blank\">\n\n\t\t\t\t\t\t\t\t\t\t\t\t<span class=\"elementor-icon-list-icon\">\n\t\t\t\t\t\t\t<i aria-hidden=\"true\" class=\"fab fa-envira\"><\/i>\t\t\t\t\t\t<\/span>\n\t\t\t\t\t\t\t\t\t\t<span class=\"elementor-icon-list-text\">Client:\t\u00c9dition Bayard<\/span>\n\t\t\t\t\t\t\t\t\t\t\t<\/a>\n\t\t\t\t\t\t\t\t\t<\/li>\n\t\t\t\t\t\t\t\t<li class=\"elementor-icon-list-item\">\n\t\t\t\t\t\t\t\t\t\t\t<a href=\"https:\/\/librairie-bayard.com\/\">\n\n\t\t\t\t\t\t\t\t\t\t\t\t<span class=\"elementor-icon-list-icon\">\n\t\t\t\t\t\t\t<i aria-hidden=\"true\" class=\"fas fa-calendar-alt\"><\/i>\t\t\t\t\t\t<\/span>\n\t\t\t\t\t\t\t\t\t\t<span class=\"elementor-icon-list-text\"> Date:\tseptembre, 2022<\/span>\n\t\t\t\t\t\t\t\t\t\t\t<\/a>\n\t\t\t\t\t\t\t\t\t<\/li>\n\t\t\t\t\t\t<\/ul>\n\t\t\t\t\t\t<\/div>\n\t\t\t\t<\/div>\n\t\t\t\t<div class=\"elementor-element elementor-element-5e0ab96 elementor-widget elementor-widget-heading\" data-id=\"5e0ab96\" data-element_type=\"widget\" data-widget_type=\"heading.default\">\n\t\t\t\t<div class=\"elementor-widget-container\">\n\t\t\t\t\t<h3 class=\"elementor-heading-title elementor-size-default\">Prions en  \u00c9glise<\/h3>\t\t\t\t<\/div>\n\t\t\t\t<\/div>\n\t\t\t\t<div class=\"elementor-element elementor-element-07811fb elementor-widget elementor-widget-text-editor\" data-id=\"07811fb\" data-element_type=\"widget\" data-widget_type=\"text-editor.default\">\n\t\t\t\t<div class=\"elementor-widget-container\">\n\t\t\t\t\t\t\t\t\t<p class=\"p1\"><b>Hors-s\u00e9rie<\/b><\/p>\t\t\t\t\t\t\t\t<\/div>\n\t\t\t\t<\/div>\n\t\t\t\t<section class=\"elementor-section elementor-inner-section elementor-element elementor-element-9691359 elementor-section-boxed elementor-section-height-default elementor-section-height-default\" data-id=\"9691359\" data-element_type=\"section\">\n\t\t\t\t\t\t<div class=\"elementor-container elementor-column-gap-default\">\n\t\t\t\t\t<div class=\"elementor-column elementor-col-100 elementor-inner-column elementor-element elementor-element-ad8f7c7\" data-id=\"ad8f7c7\" data-element_type=\"column\">\n\t\t\t<div class=\"elementor-widget-wrap elementor-element-populated\">\n\t\t\t\t\t\t<div class=\"elementor-element elementor-element-0d53ca6 elementor-widget elementor-widget-text-editor\" data-id=\"0d53ca6\" data-element_type=\"widget\" data-widget_type=\"text-editor.default\">\n\t\t\t\t<div class=\"elementor-widget-container\">\n\t\t\t\t\t\t\t\t\t<p>J&rsquo;ai \u00e9t\u00e9 contact\u00e9 par le groupe Bayard pour la r\u00e9alisation de 3 illustrations de bouquets de fleurs fa\u00e7on Ikebana.<\/p><p>Les trois bouquets devaient repr\u00e9senter 3 endroits, 3 ambiances et 3 temps de pri\u00e8res diff\u00e9rents : en \u00e9glise, en coin pri\u00e8re, sur la table.<\/p><p>R\u00e9alisation au graphite, et \u00e0 l&rsquo;aquarelle.<\/p><p>\u00a0<\/p>\t\t\t\t\t\t\t\t<\/div>\n\t\t\t\t<\/div>\n\t\t\t\t\t<\/div>\n\t\t<\/div>\n\t\t\t\t\t<\/div>\n\t\t<\/section>\n\t\t\t\t\t<\/div>\n\t\t<\/div>\n\t\t\t\t\t<\/div>\n\t\t<\/section>\n\t\t\t\t<section class=\"elementor-section elementor-top-section elementor-element elementor-element-5c5b391 elementor-section-boxed elementor-section-height-default elementor-section-height-default\" data-id=\"5c5b391\" data-element_type=\"section\">\n\t\t\t\t\t\t<div class=\"elementor-container elementor-column-gap-default\">\n\t\t\t\t\t<div class=\"elementor-column elementor-col-100 elementor-top-column elementor-element elementor-element-9994747\" data-id=\"9994747\" data-element_type=\"column\">\n\t\t\t<div class=\"elementor-widget-wrap elementor-element-populated\">\n\t\t\t\t\t\t<div class=\"elementor-element elementor-element-1a1e77b elementor-widget elementor-widget-image-gallery\" data-id=\"1a1e77b\" data-element_type=\"widget\" data-widget_type=\"image-gallery.default\">\n\t\t\t\t<div class=\"elementor-widget-container\">\n\t\t\t\t\t\t\t<div class=\"elementor-image-gallery\">\n\t\t\t<div id='gallery-1' class='gallery galleryid-3408 gallery-columns-2 gallery-size-full'><figure class='gallery-item'>\n\t\t\t<div class='gallery-icon portrait'>\n\t\t\t\t<a data-elementor-open-lightbox=\"yes\" data-elementor-lightbox-slideshow=\"1a1e77b\" data-elementor-lightbox-title=\"adp-prions-en-eglisa-age-gauche-interieur-illustration2\" data-e-action-hash=\"#elementor-action%3Aaction%3Dlightbox%26settings%3DeyJpZCI6MzQzMSwidXJsIjoiaHR0cHM6XC9cL3d3dy5kaXJlY3RldXItYXJ0aXN0aXF1ZS1mcmVlbGFuY2UuZnJcL2dyYXBoaXN0ZVwvd3AtY29udGVudFwvdXBsb2Fkc1wvMjAyMlwvMTFcL2FkcC1wcmlvbnMtZW4tZWdsaXNhLWFnZS1nYXVjaGUtaW50ZXJpZXVyLWlsbHVzdHJhdGlvbjIuanBnIiwic2xpZGVzaG93IjoiMWExZTc3YiJ9\" href='https:\/\/www.directeur-artistique-freelance.fr\/graphiste\/wp-content\/uploads\/2022\/11\/adp-prions-en-eglisa-age-gauche-interieur-illustration2.jpg'><img width=\"771\" height=\"900\" src=\"https:\/\/www.directeur-artistique-freelance.fr\/graphiste\/wp-content\/uploads\/2022\/11\/adp-prions-en-eglisa-age-gauche-interieur-illustration2.jpg\" class=\"attachment-full size-full\" alt=\"\" decoding=\"async\" srcset=\"https:\/\/www.directeur-artistique-freelance.fr\/graphiste\/wp-content\/uploads\/2022\/11\/adp-prions-en-eglisa-age-gauche-interieur-illustration2.jpg 771w, https:\/\/www.directeur-artistique-freelance.fr\/graphiste\/wp-content\/uploads\/2022\/11\/adp-prions-en-eglisa-age-gauche-interieur-illustration2-257x300.jpg 257w, https:\/\/www.directeur-artistique-freelance.fr\/graphiste\/wp-content\/uploads\/2022\/11\/adp-prions-en-eglisa-age-gauche-interieur-illustration2-768x896.jpg 768w\" sizes=\"(max-width: 771px) 100vw, 771px\" \/><\/a>\n\t\t\t<\/div><\/figure><figure class='gallery-item'>\n\t\t\t<div class='gallery-icon portrait'>\n\t\t\t\t<a data-elementor-open-lightbox=\"yes\" data-elementor-lightbox-slideshow=\"1a1e77b\" data-elementor-lightbox-title=\"adp-prions-en-eglisa-page-droite-interieur-illustration-2\" data-e-action-hash=\"#elementor-action%3Aaction%3Dlightbox%26settings%3DeyJpZCI6MzQzMiwidXJsIjoiaHR0cHM6XC9cL3d3dy5kaXJlY3RldXItYXJ0aXN0aXF1ZS1mcmVlbGFuY2UuZnJcL2dyYXBoaXN0ZVwvd3AtY29udGVudFwvdXBsb2Fkc1wvMjAyMlwvMTFcL2FkcC1wcmlvbnMtZW4tZWdsaXNhLXBhZ2UtZHJvaXRlLWludGVyaWV1ci1pbGx1c3RyYXRpb24tMi5qcGciLCJzbGlkZXNob3ciOiIxYTFlNzdiIn0%3D\" href='https:\/\/www.directeur-artistique-freelance.fr\/graphiste\/wp-content\/uploads\/2022\/11\/adp-prions-en-eglisa-page-droite-interieur-illustration-2.jpg'><img width=\"774\" height=\"900\" src=\"https:\/\/www.directeur-artistique-freelance.fr\/graphiste\/wp-content\/uploads\/2022\/11\/adp-prions-en-eglisa-page-droite-interieur-illustration-2.jpg\" class=\"attachment-full size-full\" alt=\"\" decoding=\"async\" srcset=\"https:\/\/www.directeur-artistique-freelance.fr\/graphiste\/wp-content\/uploads\/2022\/11\/adp-prions-en-eglisa-page-droite-interieur-illustration-2.jpg 774w, https:\/\/www.directeur-artistique-freelance.fr\/graphiste\/wp-content\/uploads\/2022\/11\/adp-prions-en-eglisa-page-droite-interieur-illustration-2-258x300.jpg 258w, https:\/\/www.directeur-artistique-freelance.fr\/graphiste\/wp-content\/uploads\/2022\/11\/adp-prions-en-eglisa-page-droite-interieur-illustration-2-768x893.jpg 768w\" sizes=\"(max-width: 774px) 100vw, 774px\" \/><\/a>\n\t\t\t<\/div><\/figure><figure class='gallery-item'>\n\t\t\t<div class='gallery-icon portrait'>\n\t\t\t\t<a data-elementor-open-lightbox=\"yes\" data-elementor-lightbox-slideshow=\"1a1e77b\" data-elementor-lightbox-title=\"adp-illustration-pour-leglise-bayard\" data-e-action-hash=\"#elementor-action%3Aaction%3Dlightbox%26settings%3DeyJpZCI6MzQyNCwidXJsIjoiaHR0cHM6XC9cL3d3dy5kaXJlY3RldXItYXJ0aXN0aXF1ZS1mcmVlbGFuY2UuZnJcL2dyYXBoaXN0ZVwvd3AtY29udGVudFwvdXBsb2Fkc1wvMjAyMlwvMTFcL2FkcC1pbGx1c3RyYXRpb24tcG91ci1sZWdsaXNlLWJheWFyZC5qcGciLCJzbGlkZXNob3ciOiIxYTFlNzdiIn0%3D\" href='https:\/\/www.directeur-artistique-freelance.fr\/graphiste\/wp-content\/uploads\/2022\/11\/adp-illustration-pour-leglise-bayard.jpg'><img loading=\"lazy\" width=\"618\" height=\"900\" src=\"https:\/\/www.directeur-artistique-freelance.fr\/graphiste\/wp-content\/uploads\/2022\/11\/adp-illustration-pour-leglise-bayard.jpg\" class=\"attachment-full size-full\" alt=\"\" decoding=\"async\" srcset=\"https:\/\/www.directeur-artistique-freelance.fr\/graphiste\/wp-content\/uploads\/2022\/11\/adp-illustration-pour-leglise-bayard.jpg 618w, https:\/\/www.directeur-artistique-freelance.fr\/graphiste\/wp-content\/uploads\/2022\/11\/adp-illustration-pour-leglise-bayard-206x300.jpg 206w\" sizes=\"(max-width: 618px) 100vw, 618px\" \/><\/a>\n\t\t\t<\/div><\/figure><figure class='gallery-item'>\n\t\t\t<div class='gallery-icon portrait'>\n\t\t\t\t<a data-elementor-open-lightbox=\"yes\" data-elementor-lightbox-slideshow=\"1a1e77b\" data-elementor-lightbox-title=\"adp-illustration-coin-priere-bayard\" data-e-action-hash=\"#elementor-action%3Aaction%3Dlightbox%26settings%3DeyJpZCI6MzQyMiwidXJsIjoiaHR0cHM6XC9cL3d3dy5kaXJlY3RldXItYXJ0aXN0aXF1ZS1mcmVlbGFuY2UuZnJcL2dyYXBoaXN0ZVwvd3AtY29udGVudFwvdXBsb2Fkc1wvMjAyMlwvMTFcL2FkcC1pbGx1c3RyYXRpb24tY29pbi1wcmllcmUtYmF5YXJkLmpwZyIsInNsaWRlc2hvdyI6IjFhMWU3N2IifQ%3D%3D\" href='https:\/\/www.directeur-artistique-freelance.fr\/graphiste\/wp-content\/uploads\/2022\/11\/adp-illustration-coin-priere-bayard.jpg'><img loading=\"lazy\" width=\"552\" height=\"900\" src=\"https:\/\/www.directeur-artistique-freelance.fr\/graphiste\/wp-content\/uploads\/2022\/11\/adp-illustration-coin-priere-bayard.jpg\" class=\"attachment-full size-full\" alt=\"\" decoding=\"async\" srcset=\"https:\/\/www.directeur-artistique-freelance.fr\/graphiste\/wp-content\/uploads\/2022\/11\/adp-illustration-coin-priere-bayard.jpg 552w, https:\/\/www.directeur-artistique-freelance.fr\/graphiste\/wp-content\/uploads\/2022\/11\/adp-illustration-coin-priere-bayard-184x300.jpg 184w\" sizes=\"(max-width: 552px) 100vw, 552px\" \/><\/a>\n\t\t\t<\/div><\/figure><figure class='gallery-item'>\n\t\t\t<div class='gallery-icon landscape'>\n\t\t\t\t<a data-elementor-open-lightbox=\"yes\" data-elementor-lightbox-slideshow=\"1a1e77b\" data-elementor-lightbox-title=\"adp-illustration-pour-la-table-hd-bayard\" data-e-action-hash=\"#elementor-action%3Aaction%3Dlightbox%26settings%3DeyJpZCI6MzQyMywidXJsIjoiaHR0cHM6XC9cL3d3dy5kaXJlY3RldXItYXJ0aXN0aXF1ZS1mcmVlbGFuY2UuZnJcL2dyYXBoaXN0ZVwvd3AtY29udGVudFwvdXBsb2Fkc1wvMjAyMlwvMTFcL2FkcC1pbGx1c3RyYXRpb24tcG91ci1sYS10YWJsZS1oZC1iYXlhcmQuanBnIiwic2xpZGVzaG93IjoiMWExZTc3YiJ9\" href='https:\/\/www.directeur-artistique-freelance.fr\/graphiste\/wp-content\/uploads\/2022\/11\/adp-illustration-pour-la-table-hd-bayard.jpg'><img loading=\"lazy\" width=\"900\" height=\"654\" src=\"https:\/\/www.directeur-artistique-freelance.fr\/graphiste\/wp-content\/uploads\/2022\/11\/adp-illustration-pour-la-table-hd-bayard.jpg\" class=\"attachment-full size-full\" alt=\"\" decoding=\"async\" srcset=\"https:\/\/www.directeur-artistique-freelance.fr\/graphiste\/wp-content\/uploads\/2022\/11\/adp-illustration-pour-la-table-hd-bayard.jpg 900w, https:\/\/www.directeur-artistique-freelance.fr\/graphiste\/wp-content\/uploads\/2022\/11\/adp-illustration-pour-la-table-hd-bayard-300x218.jpg 300w, https:\/\/www.directeur-artistique-freelance.fr\/graphiste\/wp-content\/uploads\/2022\/11\/adp-illustration-pour-la-table-hd-bayard-768x558.jpg 768w\" sizes=\"(max-width: 900px) 100vw, 900px\" \/><\/a>\n\t\t\t<\/div><\/figure><figure class='gallery-item'>\n\t\t\t<div class='gallery-icon landscape'>\n\t\t\t\t<a data-elementor-open-lightbox=\"yes\" data-elementor-lightbox-slideshow=\"1a1e77b\" data-elementor-lightbox-title=\"adp-magazine-prions-en-eglise-bayard-illustration-fleur2\" data-e-action-hash=\"#elementor-action%3Aaction%3Dlightbox%26settings%3DeyJpZCI6MzQzMCwidXJsIjoiaHR0cHM6XC9cL3d3dy5kaXJlY3RldXItYXJ0aXN0aXF1ZS1mcmVlbGFuY2UuZnJcL2dyYXBoaXN0ZVwvd3AtY29udGVudFwvdXBsb2Fkc1wvMjAyMlwvMTFcL2FkcC1tYWdhemluZS1wcmlvbnMtZW4tZWdsaXNlLWJheWFyZC1pbGx1c3RyYXRpb24tZmxldXIyLmpwZyIsInNsaWRlc2hvdyI6IjFhMWU3N2IifQ%3D%3D\" href='https:\/\/www.directeur-artistique-freelance.fr\/graphiste\/wp-content\/uploads\/2022\/11\/adp-magazine-prions-en-eglise-bayard-illustration-fleur2.jpg'><img loading=\"lazy\" width=\"900\" height=\"637\" src=\"https:\/\/www.directeur-artistique-freelance.fr\/graphiste\/wp-content\/uploads\/2022\/11\/adp-magazine-prions-en-eglise-bayard-illustration-fleur2.jpg\" class=\"attachment-full size-full\" alt=\"\" decoding=\"async\" srcset=\"https:\/\/www.directeur-artistique-freelance.fr\/graphiste\/wp-content\/uploads\/2022\/11\/adp-magazine-prions-en-eglise-bayard-illustration-fleur2.jpg 900w, https:\/\/www.directeur-artistique-freelance.fr\/graphiste\/wp-content\/uploads\/2022\/11\/adp-magazine-prions-en-eglise-bayard-illustration-fleur2-300x212.jpg 300w, https:\/\/www.directeur-artistique-freelance.fr\/graphiste\/wp-content\/uploads\/2022\/11\/adp-magazine-prions-en-eglise-bayard-illustration-fleur2-768x544.jpg 768w\" sizes=\"(max-width: 900px) 100vw, 900px\" \/><\/a>\n\t\t\t<\/div><\/figure>\n\t\t<\/div>\n\t\t<\/div>\n\t\t\t\t\t\t<\/div>\n\t\t\t\t<\/div>\n\t\t\t\t\t<\/div>\n\t\t<\/div>\n\t\t\t\t\t<\/div>\n\t\t<\/section>\n\t\t\t\t<\/div>\n\t\t","protected":false},"excerpt":{"rendered":"<p>Client: \u00c9dition Bayard Date: septembre, 2022 Prions en \u00c9glise Hors-s\u00e9rie J&rsquo;ai \u00e9t\u00e9 contact\u00e9 par le groupe Bayard pour la r\u00e9alisation de 3 illustrations de bouquets de fleurs fa\u00e7on Ikebana. Les trois bouquets devaient repr\u00e9senter 3 endroits, 3 ambiances et 3 temps de pri\u00e8res diff\u00e9rents : en \u00e9glise, en coin pri\u00e8re, sur la table. R\u00e9alisation au [&hellip;]<\/p>\n","protected":false},"author":1,"featured_media":3409,"comment_status":"open","ping_status":"open","sticky":false,"template":"","format":"standard","meta":{"footnotes":""},"categories":[5],"tags":[],"class_list":["post-3408","post","type-post","status-publish","format-standard","has-post-thumbnail","hentry","category-illustrations"],"yoast_head":"<!-- This site is optimized with the Yoast SEO plugin v26.8 - https:\/\/yoast.com\/product\/yoast-seo-wordpress\/ -->\n<title>\u00c9ditions Bayard - Graphiste Freelance<\/title>\n<meta name=\"description\" content=\"J&#039;ai eu le plaisir d&#039;illustrer la partie cr\u00e9ation de bouquets fa\u00e7on ikebana du magazine Prions en \u00c9glise des \u00c9ditions Bayard, 3 cr\u00e9ations pour 3 temps forts.\" \/>\n<meta name=\"robots\" content=\"index, follow, max-snippet:-1, max-image-preview:large, max-video-preview:-1\" \/>\n<link rel=\"canonical\" href=\"https:\/\/www.directeur-artistique-freelance.fr\/graphiste\/bayard\/\" \/>\n<meta property=\"og:locale\" content=\"fr_FR\" \/>\n<meta property=\"og:type\" content=\"article\" \/>\n<meta property=\"og:title\" content=\"\u00c9ditions Bayard - Graphiste Freelance\" \/>\n<meta property=\"og:description\" content=\"J&#039;ai eu le plaisir d&#039;illustrer la partie cr\u00e9ation de bouquets fa\u00e7on ikebana du magazine Prions en \u00c9glise des \u00c9ditions Bayard, 3 cr\u00e9ations pour 3 temps forts.\" \/>\n<meta property=\"og:url\" content=\"https:\/\/www.directeur-artistique-freelance.fr\/graphiste\/bayard\/\" \/>\n<meta property=\"og:site_name\" content=\"Graphiste Freelance\" \/>\n<meta property=\"article:publisher\" content=\"https:\/\/www.facebook.com\/annepieusserguesdherbicourt\/\" \/>\n<meta property=\"article:published_time\" content=\"2022-11-29T20:17:48+00:00\" \/>\n<meta property=\"article:modified_time\" content=\"2022-11-29T20:38:40+00:00\" \/>\n<meta property=\"og:image\" content=\"https:\/\/www.directeur-artistique-freelance.fr\/graphiste\/wp-content\/uploads\/2022\/11\/adp-couv-prions-en-eglise.jpg\" \/>\n\t<meta property=\"og:image:width\" content=\"761\" \/>\n\t<meta property=\"og:image:height\" content=\"900\" \/>\n\t<meta property=\"og:image:type\" content=\"image\/jpeg\" \/>\n<meta name=\"author\" content=\"Freelance\" \/>\n<meta name=\"twitter:card\" content=\"summary_large_image\" \/>\n<meta name=\"twitter:creator\" content=\"@Cheesenane\" \/>\n<meta name=\"twitter:site\" content=\"@Cheesenane\" \/>\n<meta name=\"twitter:label1\" content=\"\u00c9crit par\" \/>\n\t<meta name=\"twitter:data1\" content=\"Freelance\" \/>\n\t<meta name=\"twitter:label2\" content=\"Dur\u00e9e de lecture estim\u00e9e\" \/>\n\t<meta name=\"twitter:data2\" content=\"2 minutes\" \/>\n<script type=\"application\/ld+json\" class=\"yoast-schema-graph\">{\"@context\":\"https:\/\/schema.org\",\"@graph\":[{\"@type\":\"Article\",\"@id\":\"https:\/\/www.directeur-artistique-freelance.fr\/graphiste\/bayard\/#article\",\"isPartOf\":{\"@id\":\"https:\/\/www.directeur-artistique-freelance.fr\/graphiste\/bayard\/\"},\"author\":{\"name\":\"Freelance\",\"@id\":\"https:\/\/www.directeur-artistique-freelance.fr\/graphiste\/#\/schema\/person\/7a179c6e49ca4d029f1c0f9aac0b5e03\"},\"headline\":\"\u00c9ditions Bayard\",\"datePublished\":\"2022-11-29T20:17:48+00:00\",\"dateModified\":\"2022-11-29T20:38:40+00:00\",\"mainEntityOfPage\":{\"@id\":\"https:\/\/www.directeur-artistique-freelance.fr\/graphiste\/bayard\/\"},\"wordCount\":64,\"commentCount\":0,\"publisher\":{\"@id\":\"https:\/\/www.directeur-artistique-freelance.fr\/graphiste\/#organization\"},\"image\":{\"@id\":\"https:\/\/www.directeur-artistique-freelance.fr\/graphiste\/bayard\/#primaryimage\"},\"thumbnailUrl\":\"https:\/\/www.directeur-artistique-freelance.fr\/graphiste\/wp-content\/uploads\/2022\/11\/adp-couv-prions-en-eglise.jpg\",\"articleSection\":[\"Illustrations\"],\"inLanguage\":\"fr-FR\",\"potentialAction\":[{\"@type\":\"CommentAction\",\"name\":\"Comment\",\"target\":[\"https:\/\/www.directeur-artistique-freelance.fr\/graphiste\/bayard\/#respond\"]}]},{\"@type\":\"WebPage\",\"@id\":\"https:\/\/www.directeur-artistique-freelance.fr\/graphiste\/bayard\/\",\"url\":\"https:\/\/www.directeur-artistique-freelance.fr\/graphiste\/bayard\/\",\"name\":\"\u00c9ditions Bayard - Graphiste Freelance\",\"isPartOf\":{\"@id\":\"https:\/\/www.directeur-artistique-freelance.fr\/graphiste\/#website\"},\"primaryImageOfPage\":{\"@id\":\"https:\/\/www.directeur-artistique-freelance.fr\/graphiste\/bayard\/#primaryimage\"},\"image\":{\"@id\":\"https:\/\/www.directeur-artistique-freelance.fr\/graphiste\/bayard\/#primaryimage\"},\"thumbnailUrl\":\"https:\/\/www.directeur-artistique-freelance.fr\/graphiste\/wp-content\/uploads\/2022\/11\/adp-couv-prions-en-eglise.jpg\",\"datePublished\":\"2022-11-29T20:17:48+00:00\",\"dateModified\":\"2022-11-29T20:38:40+00:00\",\"description\":\"J'ai eu le plaisir d'illustrer la partie cr\u00e9ation de bouquets fa\u00e7on ikebana du magazine Prions en \u00c9glise des \u00c9ditions Bayard, 3 cr\u00e9ations pour 3 temps forts.\",\"breadcrumb\":{\"@id\":\"https:\/\/www.directeur-artistique-freelance.fr\/graphiste\/bayard\/#breadcrumb\"},\"inLanguage\":\"fr-FR\",\"potentialAction\":[{\"@type\":\"ReadAction\",\"target\":[\"https:\/\/www.directeur-artistique-freelance.fr\/graphiste\/bayard\/\"]}]},{\"@type\":\"ImageObject\",\"inLanguage\":\"fr-FR\",\"@id\":\"https:\/\/www.directeur-artistique-freelance.fr\/graphiste\/bayard\/#primaryimage\",\"url\":\"https:\/\/www.directeur-artistique-freelance.fr\/graphiste\/wp-content\/uploads\/2022\/11\/adp-couv-prions-en-eglise.jpg\",\"contentUrl\":\"https:\/\/www.directeur-artistique-freelance.fr\/graphiste\/wp-content\/uploads\/2022\/11\/adp-couv-prions-en-eglise.jpg\",\"width\":761,\"height\":900},{\"@type\":\"BreadcrumbList\",\"@id\":\"https:\/\/www.directeur-artistique-freelance.fr\/graphiste\/bayard\/#breadcrumb\",\"itemListElement\":[{\"@type\":\"ListItem\",\"position\":1,\"name\":\"Accueil\",\"item\":\"https:\/\/www.directeur-artistique-freelance.fr\/graphiste\/\"},{\"@type\":\"ListItem\",\"position\":2,\"name\":\"\u00c9ditions Bayard\"}]},{\"@type\":\"WebSite\",\"@id\":\"https:\/\/www.directeur-artistique-freelance.fr\/graphiste\/#website\",\"url\":\"https:\/\/www.directeur-artistique-freelance.fr\/graphiste\/\",\"name\":\"Graphiste Freelance\",\"description\":\"Saint Germain en Laye 78\",\"publisher\":{\"@id\":\"https:\/\/www.directeur-artistique-freelance.fr\/graphiste\/#organization\"},\"potentialAction\":[{\"@type\":\"SearchAction\",\"target\":{\"@type\":\"EntryPoint\",\"urlTemplate\":\"https:\/\/www.directeur-artistique-freelance.fr\/graphiste\/?s={search_term_string}\"},\"query-input\":{\"@type\":\"PropertyValueSpecification\",\"valueRequired\":true,\"valueName\":\"search_term_string\"}}],\"inLanguage\":\"fr-FR\"},{\"@type\":\"Organization\",\"@id\":\"https:\/\/www.directeur-artistique-freelance.fr\/graphiste\/#organization\",\"name\":\"Anne Pieussergues Dherbicourt\",\"url\":\"https:\/\/www.directeur-artistique-freelance.fr\/graphiste\/\",\"logo\":{\"@type\":\"ImageObject\",\"inLanguage\":\"fr-FR\",\"@id\":\"https:\/\/www.directeur-artistique-freelance.fr\/graphiste\/#\/schema\/logo\/image\/\",\"url\":\"https:\/\/www.directeur-artistique-freelance.fr\/graphiste\/wp-content\/uploads\/2019\/06\/graphiste-freelance-saint-germain-en-laye.png\",\"contentUrl\":\"https:\/\/www.directeur-artistique-freelance.fr\/graphiste\/wp-content\/uploads\/2019\/06\/graphiste-freelance-saint-germain-en-laye.png\",\"width\":667,\"height\":200,\"caption\":\"Anne Pieussergues Dherbicourt\"},\"image\":{\"@id\":\"https:\/\/www.directeur-artistique-freelance.fr\/graphiste\/#\/schema\/logo\/image\/\"},\"sameAs\":[\"https:\/\/www.facebook.com\/annepieusserguesdherbicourt\/\",\"https:\/\/x.com\/Cheesenane\",\"https:\/\/www.instagram.com\/anne_pieussergues_dherbicourt\/\",\"https:\/\/www.linkedin.com\/in\/anne-pieussergues-dherbicourt-61603812\/\",\"https:\/\/www.pinterest.fr\/cheesenane\/my-artwork\/\"]},{\"@type\":\"Person\",\"@id\":\"https:\/\/www.directeur-artistique-freelance.fr\/graphiste\/#\/schema\/person\/7a179c6e49ca4d029f1c0f9aac0b5e03\",\"name\":\"Freelance\",\"image\":{\"@type\":\"ImageObject\",\"inLanguage\":\"fr-FR\",\"@id\":\"https:\/\/www.directeur-artistique-freelance.fr\/graphiste\/#\/schema\/person\/image\/\",\"url\":\"https:\/\/www.directeur-artistique-freelance.fr\/graphiste\/wp-content\/litespeed\/avatar\/6f6844df38c3851153fa746d447a597e.jpg?ver=1777339941\",\"contentUrl\":\"https:\/\/www.directeur-artistique-freelance.fr\/graphiste\/wp-content\/litespeed\/avatar\/6f6844df38c3851153fa746d447a597e.jpg?ver=1777339941\",\"caption\":\"Freelance\"},\"url\":\"https:\/\/www.directeur-artistique-freelance.fr\/graphiste\/author\/freelance\/\"}]}<\/script>\n<!-- \/ Yoast SEO plugin. -->","yoast_head_json":{"title":"\u00c9ditions Bayard - Graphiste Freelance","description":"J'ai eu le plaisir d'illustrer la partie cr\u00e9ation de bouquets fa\u00e7on ikebana du magazine Prions en \u00c9glise des \u00c9ditions Bayard, 3 cr\u00e9ations pour 3 temps forts.","robots":{"index":"index","follow":"follow","max-snippet":"max-snippet:-1","max-image-preview":"max-image-preview:large","max-video-preview":"max-video-preview:-1"},"canonical":"https:\/\/www.directeur-artistique-freelance.fr\/graphiste\/bayard\/","og_locale":"fr_FR","og_type":"article","og_title":"\u00c9ditions Bayard - Graphiste Freelance","og_description":"J'ai eu le plaisir d'illustrer la partie cr\u00e9ation de bouquets fa\u00e7on ikebana du magazine Prions en \u00c9glise des \u00c9ditions Bayard, 3 cr\u00e9ations pour 3 temps forts.","og_url":"https:\/\/www.directeur-artistique-freelance.fr\/graphiste\/bayard\/","og_site_name":"Graphiste Freelance","article_publisher":"https:\/\/www.facebook.com\/annepieusserguesdherbicourt\/","article_published_time":"2022-11-29T20:17:48+00:00","article_modified_time":"2022-11-29T20:38:40+00:00","og_image":[{"width":761,"height":900,"url":"https:\/\/www.directeur-artistique-freelance.fr\/graphiste\/wp-content\/uploads\/2022\/11\/adp-couv-prions-en-eglise.jpg","type":"image\/jpeg"}],"author":"Freelance","twitter_card":"summary_large_image","twitter_creator":"@Cheesenane","twitter_site":"@Cheesenane","twitter_misc":{"\u00c9crit par":"Freelance","Dur\u00e9e de lecture estim\u00e9e":"2 minutes"},"schema":{"@context":"https:\/\/schema.org","@graph":[{"@type":"Article","@id":"https:\/\/www.directeur-artistique-freelance.fr\/graphiste\/bayard\/#article","isPartOf":{"@id":"https:\/\/www.directeur-artistique-freelance.fr\/graphiste\/bayard\/"},"author":{"name":"Freelance","@id":"https:\/\/www.directeur-artistique-freelance.fr\/graphiste\/#\/schema\/person\/7a179c6e49ca4d029f1c0f9aac0b5e03"},"headline":"\u00c9ditions Bayard","datePublished":"2022-11-29T20:17:48+00:00","dateModified":"2022-11-29T20:38:40+00:00","mainEntityOfPage":{"@id":"https:\/\/www.directeur-artistique-freelance.fr\/graphiste\/bayard\/"},"wordCount":64,"commentCount":0,"publisher":{"@id":"https:\/\/www.directeur-artistique-freelance.fr\/graphiste\/#organization"},"image":{"@id":"https:\/\/www.directeur-artistique-freelance.fr\/graphiste\/bayard\/#primaryimage"},"thumbnailUrl":"https:\/\/www.directeur-artistique-freelance.fr\/graphiste\/wp-content\/uploads\/2022\/11\/adp-couv-prions-en-eglise.jpg","articleSection":["Illustrations"],"inLanguage":"fr-FR","potentialAction":[{"@type":"CommentAction","name":"Comment","target":["https:\/\/www.directeur-artistique-freelance.fr\/graphiste\/bayard\/#respond"]}]},{"@type":"WebPage","@id":"https:\/\/www.directeur-artistique-freelance.fr\/graphiste\/bayard\/","url":"https:\/\/www.directeur-artistique-freelance.fr\/graphiste\/bayard\/","name":"\u00c9ditions Bayard - Graphiste Freelance","isPartOf":{"@id":"https:\/\/www.directeur-artistique-freelance.fr\/graphiste\/#website"},"primaryImageOfPage":{"@id":"https:\/\/www.directeur-artistique-freelance.fr\/graphiste\/bayard\/#primaryimage"},"image":{"@id":"https:\/\/www.directeur-artistique-freelance.fr\/graphiste\/bayard\/#primaryimage"},"thumbnailUrl":"https:\/\/www.directeur-artistique-freelance.fr\/graphiste\/wp-content\/uploads\/2022\/11\/adp-couv-prions-en-eglise.jpg","datePublished":"2022-11-29T20:17:48+00:00","dateModified":"2022-11-29T20:38:40+00:00","description":"J'ai eu le plaisir d'illustrer la partie cr\u00e9ation de bouquets fa\u00e7on ikebana du magazine Prions en \u00c9glise des \u00c9ditions Bayard, 3 cr\u00e9ations pour 3 temps forts.","breadcrumb":{"@id":"https:\/\/www.directeur-artistique-freelance.fr\/graphiste\/bayard\/#breadcrumb"},"inLanguage":"fr-FR","potentialAction":[{"@type":"ReadAction","target":["https:\/\/www.directeur-artistique-freelance.fr\/graphiste\/bayard\/"]}]},{"@type":"ImageObject","inLanguage":"fr-FR","@id":"https:\/\/www.directeur-artistique-freelance.fr\/graphiste\/bayard\/#primaryimage","url":"https:\/\/www.directeur-artistique-freelance.fr\/graphiste\/wp-content\/uploads\/2022\/11\/adp-couv-prions-en-eglise.jpg","contentUrl":"https:\/\/www.directeur-artistique-freelance.fr\/graphiste\/wp-content\/uploads\/2022\/11\/adp-couv-prions-en-eglise.jpg","width":761,"height":900},{"@type":"BreadcrumbList","@id":"https:\/\/www.directeur-artistique-freelance.fr\/graphiste\/bayard\/#breadcrumb","itemListElement":[{"@type":"ListItem","position":1,"name":"Accueil","item":"https:\/\/www.directeur-artistique-freelance.fr\/graphiste\/"},{"@type":"ListItem","position":2,"name":"\u00c9ditions Bayard"}]},{"@type":"WebSite","@id":"https:\/\/www.directeur-artistique-freelance.fr\/graphiste\/#website","url":"https:\/\/www.directeur-artistique-freelance.fr\/graphiste\/","name":"Graphiste Freelance","description":"Saint Germain en Laye 78","publisher":{"@id":"https:\/\/www.directeur-artistique-freelance.fr\/graphiste\/#organization"},"potentialAction":[{"@type":"SearchAction","target":{"@type":"EntryPoint","urlTemplate":"https:\/\/www.directeur-artistique-freelance.fr\/graphiste\/?s={search_term_string}"},"query-input":{"@type":"PropertyValueSpecification","valueRequired":true,"valueName":"search_term_string"}}],"inLanguage":"fr-FR"},{"@type":"Organization","@id":"https:\/\/www.directeur-artistique-freelance.fr\/graphiste\/#organization","name":"Anne Pieussergues Dherbicourt","url":"https:\/\/www.directeur-artistique-freelance.fr\/graphiste\/","logo":{"@type":"ImageObject","inLanguage":"fr-FR","@id":"https:\/\/www.directeur-artistique-freelance.fr\/graphiste\/#\/schema\/logo\/image\/","url":"https:\/\/www.directeur-artistique-freelance.fr\/graphiste\/wp-content\/uploads\/2019\/06\/graphiste-freelance-saint-germain-en-laye.png","contentUrl":"https:\/\/www.directeur-artistique-freelance.fr\/graphiste\/wp-content\/uploads\/2019\/06\/graphiste-freelance-saint-germain-en-laye.png","width":667,"height":200,"caption":"Anne Pieussergues Dherbicourt"},"image":{"@id":"https:\/\/www.directeur-artistique-freelance.fr\/graphiste\/#\/schema\/logo\/image\/"},"sameAs":["https:\/\/www.facebook.com\/annepieusserguesdherbicourt\/","https:\/\/x.com\/Cheesenane","https:\/\/www.instagram.com\/anne_pieussergues_dherbicourt\/","https:\/\/www.linkedin.com\/in\/anne-pieussergues-dherbicourt-61603812\/","https:\/\/www.pinterest.fr\/cheesenane\/my-artwork\/"]},{"@type":"Person","@id":"https:\/\/www.directeur-artistique-freelance.fr\/graphiste\/#\/schema\/person\/7a179c6e49ca4d029f1c0f9aac0b5e03","name":"Freelance","image":{"@type":"ImageObject","inLanguage":"fr-FR","@id":"https:\/\/www.directeur-artistique-freelance.fr\/graphiste\/#\/schema\/person\/image\/","url":"https:\/\/www.directeur-artistique-freelance.fr\/graphiste\/wp-content\/litespeed\/avatar\/6f6844df38c3851153fa746d447a597e.jpg?ver=1777339941","contentUrl":"https:\/\/www.directeur-artistique-freelance.fr\/graphiste\/wp-content\/litespeed\/avatar\/6f6844df38c3851153fa746d447a597e.jpg?ver=1777339941","caption":"Freelance"},"url":"https:\/\/www.directeur-artistique-freelance.fr\/graphiste\/author\/freelance\/"}]}},"_links":{"self":[{"href":"https:\/\/www.directeur-artistique-freelance.fr\/graphiste\/wp-json\/wp\/v2\/posts\/3408","targetHints":{"allow":["GET"]}}],"collection":[{"href":"https:\/\/www.directeur-artistique-freelance.fr\/graphiste\/wp-json\/wp\/v2\/posts"}],"about":[{"href":"https:\/\/www.directeur-artistique-freelance.fr\/graphiste\/wp-json\/wp\/v2\/types\/post"}],"author":[{"embeddable":true,"href":"https:\/\/www.directeur-artistique-freelance.fr\/graphiste\/wp-json\/wp\/v2\/users\/1"}],"replies":[{"embeddable":true,"href":"https:\/\/www.directeur-artistique-freelance.fr\/graphiste\/wp-json\/wp\/v2\/comments?post=3408"}],"version-history":[{"count":21,"href":"https:\/\/www.directeur-artistique-freelance.fr\/graphiste\/wp-json\/wp\/v2\/posts\/3408\/revisions"}],"predecessor-version":[{"id":3458,"href":"https:\/\/www.directeur-artistique-freelance.fr\/graphiste\/wp-json\/wp\/v2\/posts\/3408\/revisions\/3458"}],"wp:featuredmedia":[{"embeddable":true,"href":"https:\/\/www.directeur-artistique-freelance.fr\/graphiste\/wp-json\/wp\/v2\/media\/3409"}],"wp:attachment":[{"href":"https:\/\/www.directeur-artistique-freelance.fr\/graphiste\/wp-json\/wp\/v2\/media?parent=3408"}],"wp:term":[{"taxonomy":"category","embeddable":true,"href":"https:\/\/www.directeur-artistique-freelance.fr\/graphiste\/wp-json\/wp\/v2\/categories?post=3408"},{"taxonomy":"post_tag","embeddable":true,"href":"https:\/\/www.directeur-artistique-freelance.fr\/graphiste\/wp-json\/wp\/v2\/tags?post=3408"}],"curies":[{"name":"wp","href":"https:\/\/api.w.org\/{rel}","templated":true}]}}