{"id":24,"date":"2017-10-30T23:27:59","date_gmt":"2017-10-30T22:27:59","guid":{"rendered":"http:\/\/www.directeur-artistique-freelance.fr\/graphiste\/?p=24"},"modified":"2022-08-04T18:11:38","modified_gmt":"2022-08-04T16:11:38","slug":"amabis","status":"publish","type":"post","link":"https:\/\/www.directeur-artistique-freelance.fr\/graphiste\/amabis\/","title":{"rendered":"Amabis"},"content":{"rendered":"\t\t<div data-elementor-type=\"wp-post\" data-elementor-id=\"24\" class=\"elementor elementor-24\" data-elementor-post-type=\"post\">\n\t\t\t\t\t\t<section class=\"elementor-section elementor-top-section elementor-element elementor-element-1a25774 elementor-section-boxed elementor-section-height-default elementor-section-height-default\" data-id=\"1a25774\" data-element_type=\"section\">\n\t\t\t\t\t\t<div class=\"elementor-container elementor-column-gap-default\">\n\t\t\t\t\t<div class=\"elementor-column elementor-col-100 elementor-top-column elementor-element elementor-element-5309663\" data-id=\"5309663\" data-element_type=\"column\">\n\t\t\t<div class=\"elementor-widget-wrap elementor-element-populated\">\n\t\t\t\t\t\t<div class=\"elementor-element elementor-element-e50de75 elementor-widget elementor-widget-image\" data-id=\"e50de75\" data-element_type=\"widget\" data-widget_type=\"image.default\">\n\t\t\t\t<div class=\"elementor-widget-container\">\n\t\t\t\t\t\t\t\t\t\t\t\t\t\t\t<img fetchpriority=\"high\" decoding=\"async\" width=\"1920\" height=\"1080\" src=\"https:\/\/www.directeur-artistique-freelance.fr\/graphiste\/wp-content\/uploads\/2018\/12\/creation-enseigne-design-devanture-publicite-logo-identite.jpg\" class=\"attachment-full size-full wp-image-511\" alt=\"\" srcset=\"https:\/\/www.directeur-artistique-freelance.fr\/graphiste\/wp-content\/uploads\/2018\/12\/creation-enseigne-design-devanture-publicite-logo-identite.jpg 1920w, https:\/\/www.directeur-artistique-freelance.fr\/graphiste\/wp-content\/uploads\/2018\/12\/creation-enseigne-design-devanture-publicite-logo-identite-300x169.jpg 300w, https:\/\/www.directeur-artistique-freelance.fr\/graphiste\/wp-content\/uploads\/2018\/12\/creation-enseigne-design-devanture-publicite-logo-identite-768x432.jpg 768w, https:\/\/www.directeur-artistique-freelance.fr\/graphiste\/wp-content\/uploads\/2018\/12\/creation-enseigne-design-devanture-publicite-logo-identite-1024x576.jpg 1024w\" sizes=\"(max-width: 1920px) 100vw, 1920px\" \/>\t\t\t\t\t\t\t\t\t\t\t\t\t\t\t<\/div>\n\t\t\t\t<\/div>\n\t\t\t\t\t<\/div>\n\t\t<\/div>\n\t\t\t\t\t<\/div>\n\t\t<\/section>\n\t\t\t\t<section class=\"elementor-section elementor-top-section elementor-element elementor-element-66e9c87 elementor-section-content-middle elementor-section-boxed elementor-section-height-default elementor-section-height-default\" data-id=\"66e9c87\" data-element_type=\"section\">\n\t\t\t\t\t\t<div class=\"elementor-container elementor-column-gap-no\">\n\t\t\t\t\t<div class=\"elementor-column elementor-col-100 elementor-top-column elementor-element elementor-element-4ae2fa7\" data-id=\"4ae2fa7\" data-element_type=\"column\">\n\t\t\t<div class=\"elementor-widget-wrap elementor-element-populated\">\n\t\t\t\t\t\t<div class=\"elementor-element elementor-element-08ab26d elementor-align-start elementor-icon-list--layout-traditional elementor-list-item-link-full_width elementor-widget elementor-widget-icon-list\" data-id=\"08ab26d\" data-element_type=\"widget\" data-widget_type=\"icon-list.default\">\n\t\t\t\t<div class=\"elementor-widget-container\">\n\t\t\t\t\t\t\t<ul class=\"elementor-icon-list-items\">\n\t\t\t\t\t\t\t<li class=\"elementor-icon-list-item\">\n\t\t\t\t\t\t\t\t\t\t\t<a href=\"https:\/\/www.amabis.com\/\" target=\"_blank\">\n\n\t\t\t\t\t\t\t\t\t\t\t\t<span class=\"elementor-icon-list-icon\">\n\t\t\t\t\t\t\t\t\t\t\t\t\t\t\t\t<i class=\"fa fa-envira\" aria-hidden=\"true\"><\/i>\n\t\t\t\t\t\t\t\t\t\t\t\t\t<\/span>\n\t\t\t\t\t\t\t\t\t\t<span class=\"elementor-icon-list-text\">Client:\tAmabis<\/span>\n\t\t\t\t\t\t\t\t\t\t\t<\/a>\n\t\t\t\t\t\t\t\t\t<\/li>\n\t\t\t\t\t\t\t\t<li class=\"elementor-icon-list-item\">\n\t\t\t\t\t\t\t\t\t\t\t<span class=\"elementor-icon-list-icon\">\n\t\t\t\t\t\t\t\t\t\t\t\t\t\t\t\t<i class=\"fa fa-calendar\" aria-hidden=\"true\"><\/i>\n\t\t\t\t\t\t\t\t\t\t\t\t\t<\/span>\n\t\t\t\t\t\t\t\t\t\t<span class=\"elementor-icon-list-text\"> Date:\tseptembre 14, 2017<\/span>\n\t\t\t\t\t\t\t\t\t<\/li>\n\t\t\t\t\t\t<\/ul>\n\t\t\t\t\t\t<\/div>\n\t\t\t\t<\/div>\n\t\t\t\t<div class=\"elementor-element elementor-element-5acdb2f elementor-widget elementor-widget-heading\" data-id=\"5acdb2f\" data-element_type=\"widget\" data-widget_type=\"heading.default\">\n\t\t\t\t<div class=\"elementor-widget-container\">\n\t\t\t\t\t<h3 class=\"elementor-heading-title elementor-size-default\">Amabis<\/h3>\t\t\t\t<\/div>\n\t\t\t\t<\/div>\n\t\t\t\t<div class=\"elementor-element elementor-element-bc2e644 elementor-widget elementor-widget-text-editor\" data-id=\"bc2e644\" data-element_type=\"widget\" data-widget_type=\"text-editor.default\">\n\t\t\t\t<div class=\"elementor-widget-container\">\n\t\t\t\t\t\t\t\t\t<p>Donnons du sens \u00e0 la data client !<\/p>\t\t\t\t\t\t\t\t<\/div>\n\t\t\t\t<\/div>\n\t\t\t\t<section class=\"elementor-section elementor-inner-section elementor-element elementor-element-44eaafc elementor-section-boxed elementor-section-height-default elementor-section-height-default\" data-id=\"44eaafc\" data-element_type=\"section\">\n\t\t\t\t\t\t<div class=\"elementor-container elementor-column-gap-default\">\n\t\t\t\t\t<div class=\"elementor-column elementor-col-100 elementor-inner-column elementor-element elementor-element-cb23f88\" data-id=\"cb23f88\" data-element_type=\"column\">\n\t\t\t<div class=\"elementor-widget-wrap elementor-element-populated\">\n\t\t\t\t\t\t<div class=\"elementor-element elementor-element-fec2a7d elementor-widget elementor-widget-text-editor\" data-id=\"fec2a7d\" data-element_type=\"widget\" data-widget_type=\"text-editor.default\">\n\t\t\t\t<div class=\"elementor-widget-container\">\n\t\t\t\t\t\t\t\t\t<p>L&rsquo;objectiif \u00e9tait de cr\u00e9er une nouvelle identit\u00e9 visuelle avec sa charte compl\u00e8te pour la soci\u00e9t\u00e9 Amabis.<br \/>J\u2019ai \u00e9galement r\u00e9alis\u00e9 les outils de communications pour 2 salons : Stand, cartes de visite, leaflets, chemise, flyers, panneaux, kakemonos, etc\u2026<br \/>Ainsi que quelques images pour le digital : logiciel interne et site internet.<\/p>\t\t\t\t\t\t\t\t<\/div>\n\t\t\t\t<\/div>\n\t\t\t\t\t<\/div>\n\t\t<\/div>\n\t\t\t\t\t<\/div>\n\t\t<\/section>\n\t\t\t\t\t<\/div>\n\t\t<\/div>\n\t\t\t\t\t<\/div>\n\t\t<\/section>\n\t\t\t\t<section class=\"elementor-section elementor-top-section elementor-element elementor-element-9b37c9e elementor-section-boxed elementor-section-height-default elementor-section-height-default\" data-id=\"9b37c9e\" data-element_type=\"section\">\n\t\t\t\t\t\t<div class=\"elementor-container elementor-column-gap-default\">\n\t\t\t\t\t<div class=\"elementor-column elementor-col-100 elementor-top-column elementor-element elementor-element-13559ff\" data-id=\"13559ff\" data-element_type=\"column\">\n\t\t\t<div class=\"elementor-widget-wrap elementor-element-populated\">\n\t\t\t\t\t\t<div class=\"elementor-element elementor-element-d8782ca elementor-widget elementor-widget-image-gallery\" data-id=\"d8782ca\" data-element_type=\"widget\" data-widget_type=\"image-gallery.default\">\n\t\t\t\t<div class=\"elementor-widget-container\">\n\t\t\t\t\t\t\t<div class=\"elementor-image-gallery\">\n\t\t\t<div id='gallery-1' class='gallery galleryid-24 gallery-columns-2 gallery-size-full'><figure class='gallery-item'>\n\t\t\t<div class='gallery-icon landscape'>\n\t\t\t\t<a data-elementor-open-lightbox=\"yes\" data-elementor-lightbox-slideshow=\"d8782ca\" data-elementor-lightbox-title=\"ADP_Amabis_Sign\" data-e-action-hash=\"#elementor-action%3Aaction%3Dlightbox%26settings%3DeyJpZCI6NTEwLCJ1cmwiOiJodHRwczpcL1wvd3d3LmRpcmVjdGV1ci1hcnRpc3RpcXVlLWZyZWVsYW5jZS5mclwvZ3JhcGhpc3RlXC93cC1jb250ZW50XC91cGxvYWRzXC8yMDE4XC8xMlwvZGVzaWduLWxvZ28tZW5zZWlnbmUtY3JlYXRpb24tZ3JhcGhpcXVlLWdyYXBoaXN0ZS1waG90b21vbnRhZ2UuanBnIiwic2xpZGVzaG93IjoiZDg3ODJjYSJ9\" href='https:\/\/www.directeur-artistique-freelance.fr\/graphiste\/wp-content\/uploads\/2018\/12\/design-logo-enseigne-creation-graphique-graphiste-photomontage.jpg'><img decoding=\"async\" width=\"1920\" height=\"1440\" src=\"https:\/\/www.directeur-artistique-freelance.fr\/graphiste\/wp-content\/uploads\/2018\/12\/design-logo-enseigne-creation-graphique-graphiste-photomontage.jpg\" class=\"attachment-full size-full\" alt=\"\" srcset=\"https:\/\/www.directeur-artistique-freelance.fr\/graphiste\/wp-content\/uploads\/2018\/12\/design-logo-enseigne-creation-graphique-graphiste-photomontage.jpg 1920w, https:\/\/www.directeur-artistique-freelance.fr\/graphiste\/wp-content\/uploads\/2018\/12\/design-logo-enseigne-creation-graphique-graphiste-photomontage-300x225.jpg 300w, https:\/\/www.directeur-artistique-freelance.fr\/graphiste\/wp-content\/uploads\/2018\/12\/design-logo-enseigne-creation-graphique-graphiste-photomontage-768x576.jpg 768w, https:\/\/www.directeur-artistique-freelance.fr\/graphiste\/wp-content\/uploads\/2018\/12\/design-logo-enseigne-creation-graphique-graphiste-photomontage-1024x768.jpg 1024w\" sizes=\"(max-width: 1920px) 100vw, 1920px\" \/><\/a>\n\t\t\t<\/div><\/figure><figure class='gallery-item'>\n\t\t\t<div class='gallery-icon landscape'>\n\t\t\t\t<a data-elementor-open-lightbox=\"yes\" data-elementor-lightbox-slideshow=\"d8782ca\" data-elementor-lightbox-title=\"ADP_Amabis_Logo\" data-e-action-hash=\"#elementor-action%3Aaction%3Dlightbox%26settings%3DeyJpZCI6NTA4LCJ1cmwiOiJodHRwczpcL1wvd3d3LmRpcmVjdGV1ci1hcnRpc3RpcXVlLWZyZWVsYW5jZS5mclwvZ3JhcGhpc3RlXC93cC1jb250ZW50XC91cGxvYWRzXC8yMDE4XC8xMlwvY3JlYXRpb24tbG9nby1kZXNpZ24tZ3JhcGhpcXVlLWNoYXJ0ZS1ncmFwaGlzdGUtZnJlZWxhbmNlLXNhaW50LWdlcm1haW4tZW4tbGF5ZS5qcGciLCJzbGlkZXNob3ciOiJkODc4MmNhIn0%3D\" href='https:\/\/www.directeur-artistique-freelance.fr\/graphiste\/wp-content\/uploads\/2018\/12\/creation-logo-design-graphique-charte-graphiste-freelance-saint-germain-en-laye.jpg'><img decoding=\"async\" width=\"1920\" height=\"1400\" src=\"https:\/\/www.directeur-artistique-freelance.fr\/graphiste\/wp-content\/uploads\/2018\/12\/creation-logo-design-graphique-charte-graphiste-freelance-saint-germain-en-laye.jpg\" class=\"attachment-full size-full\" alt=\"\" srcset=\"https:\/\/www.directeur-artistique-freelance.fr\/graphiste\/wp-content\/uploads\/2018\/12\/creation-logo-design-graphique-charte-graphiste-freelance-saint-germain-en-laye.jpg 1920w, https:\/\/www.directeur-artistique-freelance.fr\/graphiste\/wp-content\/uploads\/2018\/12\/creation-logo-design-graphique-charte-graphiste-freelance-saint-germain-en-laye-300x219.jpg 300w, https:\/\/www.directeur-artistique-freelance.fr\/graphiste\/wp-content\/uploads\/2018\/12\/creation-logo-design-graphique-charte-graphiste-freelance-saint-germain-en-laye-768x560.jpg 768w, https:\/\/www.directeur-artistique-freelance.fr\/graphiste\/wp-content\/uploads\/2018\/12\/creation-logo-design-graphique-charte-graphiste-freelance-saint-germain-en-laye-1024x747.jpg 1024w\" sizes=\"(max-width: 1920px) 100vw, 1920px\" \/><\/a>\n\t\t\t<\/div><\/figure><figure class='gallery-item'>\n\t\t\t<div class='gallery-icon landscape'>\n\t\t\t\t<a data-elementor-open-lightbox=\"yes\" data-elementor-lightbox-slideshow=\"d8782ca\" data-elementor-lightbox-title=\"ADP_Amabis_ID_01\" data-e-action-hash=\"#elementor-action%3Aaction%3Dlightbox%26settings%3DeyJpZCI6NTA1LCJ1cmwiOiJodHRwczpcL1wvd3d3LmRpcmVjdGV1ci1hcnRpc3RpcXVlLWZyZWVsYW5jZS5mclwvZ3JhcGhpc3RlXC93cC1jb250ZW50XC91cGxvYWRzXC8yMDE4XC8xMlwvaWRlbnRpdGUtdmlzdWVsbGUtY29ycG9yYXRlLWJyYW5kaW5nLWNyZWF0aW9uLWxvZ28tZ3JhcGhpc3RlLWZyZWVsYW5jZS03OC5qcGciLCJzbGlkZXNob3ciOiJkODc4MmNhIn0%3D\" href='https:\/\/www.directeur-artistique-freelance.fr\/graphiste\/wp-content\/uploads\/2018\/12\/identite-visuelle-corporate-branding-creation-logo-graphiste-freelance-78.jpg'><img loading=\"lazy\" decoding=\"async\" width=\"1920\" height=\"1440\" src=\"https:\/\/www.directeur-artistique-freelance.fr\/graphiste\/wp-content\/uploads\/2018\/12\/identite-visuelle-corporate-branding-creation-logo-graphiste-freelance-78.jpg\" class=\"attachment-full size-full\" alt=\"\" srcset=\"https:\/\/www.directeur-artistique-freelance.fr\/graphiste\/wp-content\/uploads\/2018\/12\/identite-visuelle-corporate-branding-creation-logo-graphiste-freelance-78.jpg 1920w, https:\/\/www.directeur-artistique-freelance.fr\/graphiste\/wp-content\/uploads\/2018\/12\/identite-visuelle-corporate-branding-creation-logo-graphiste-freelance-78-300x225.jpg 300w, https:\/\/www.directeur-artistique-freelance.fr\/graphiste\/wp-content\/uploads\/2018\/12\/identite-visuelle-corporate-branding-creation-logo-graphiste-freelance-78-768x576.jpg 768w, https:\/\/www.directeur-artistique-freelance.fr\/graphiste\/wp-content\/uploads\/2018\/12\/identite-visuelle-corporate-branding-creation-logo-graphiste-freelance-78-1024x768.jpg 1024w\" sizes=\"(max-width: 1920px) 100vw, 1920px\" \/><\/a>\n\t\t\t<\/div><\/figure><figure class='gallery-item'>\n\t\t\t<div class='gallery-icon landscape'>\n\t\t\t\t<a data-elementor-open-lightbox=\"yes\" data-elementor-lightbox-slideshow=\"d8782ca\" data-elementor-lightbox-title=\"ADP_Amabis_CV_1\" data-e-action-hash=\"#elementor-action%3Aaction%3Dlightbox%26settings%3DeyJpZCI6NTAwLCJ1cmwiOiJodHRwczpcL1wvd3d3LmRpcmVjdGV1ci1hcnRpc3RpcXVlLWZyZWVsYW5jZS5mclwvZ3JhcGhpc3RlXC93cC1jb250ZW50XC91cGxvYWRzXC8yMDE4XC8xMlwvY3JlYXRpb24tY2FydGUtZGUtdmlzaXRlLWxvZ28taWRlbnRpdGUtdmlzdWVsbGUtY2hhcnRlLWdyYXBoaXF1ZS1mcmVlbGFuY2Utc2FpbnQtZ2VybWFpbi1lbi1sYXllLmpwZyIsInNsaWRlc2hvdyI6ImQ4NzgyY2EifQ%3D%3D\" href='https:\/\/www.directeur-artistique-freelance.fr\/graphiste\/wp-content\/uploads\/2018\/12\/creation-carte-de-visite-logo-identite-visuelle-charte-graphique-freelance-saint-germain-en-laye.jpg'><img loading=\"lazy\" decoding=\"async\" width=\"1920\" height=\"1440\" src=\"https:\/\/www.directeur-artistique-freelance.fr\/graphiste\/wp-content\/uploads\/2018\/12\/creation-carte-de-visite-logo-identite-visuelle-charte-graphique-freelance-saint-germain-en-laye.jpg\" class=\"attachment-full size-full\" alt=\"\" srcset=\"https:\/\/www.directeur-artistique-freelance.fr\/graphiste\/wp-content\/uploads\/2018\/12\/creation-carte-de-visite-logo-identite-visuelle-charte-graphique-freelance-saint-germain-en-laye.jpg 1920w, https:\/\/www.directeur-artistique-freelance.fr\/graphiste\/wp-content\/uploads\/2018\/12\/creation-carte-de-visite-logo-identite-visuelle-charte-graphique-freelance-saint-germain-en-laye-300x225.jpg 300w, https:\/\/www.directeur-artistique-freelance.fr\/graphiste\/wp-content\/uploads\/2018\/12\/creation-carte-de-visite-logo-identite-visuelle-charte-graphique-freelance-saint-germain-en-laye-768x576.jpg 768w, https:\/\/www.directeur-artistique-freelance.fr\/graphiste\/wp-content\/uploads\/2018\/12\/creation-carte-de-visite-logo-identite-visuelle-charte-graphique-freelance-saint-germain-en-laye-1024x768.jpg 1024w\" sizes=\"(max-width: 1920px) 100vw, 1920px\" \/><\/a>\n\t\t\t<\/div><\/figure><figure class='gallery-item'>\n\t\t\t<div class='gallery-icon landscape'>\n\t\t\t\t<a data-elementor-open-lightbox=\"yes\" data-elementor-lightbox-slideshow=\"d8782ca\" data-elementor-lightbox-title=\"ADP_AMABIS_LETTRE_01\" data-e-action-hash=\"#elementor-action%3Aaction%3Dlightbox%26settings%3DeyJpZCI6NTA3LCJ1cmwiOiJodHRwczpcL1wvd3d3LmRpcmVjdGV1ci1hcnRpc3RpcXVlLWZyZWVsYW5jZS5mclwvZ3JhcGhpc3RlXC93cC1jb250ZW50XC91cGxvYWRzXC8yMDE4XC8xMlwvY3JlYXRpb24tZW50ZXRlLWxldHRyZS1jaGFydGUtZ3JhcGhpcXVlLWdyYXBoaXNtZS1mcmVlbGFuY2UtcGFyaXMtZGVzaWduLmpwZyIsInNsaWRlc2hvdyI6ImQ4NzgyY2EifQ%3D%3D\" href='https:\/\/www.directeur-artistique-freelance.fr\/graphiste\/wp-content\/uploads\/2018\/12\/creation-entete-lettre-charte-graphique-graphisme-freelance-paris-design.jpg'><img loading=\"lazy\" decoding=\"async\" width=\"1920\" height=\"1440\" src=\"https:\/\/www.directeur-artistique-freelance.fr\/graphiste\/wp-content\/uploads\/2018\/12\/creation-entete-lettre-charte-graphique-graphisme-freelance-paris-design.jpg\" class=\"attachment-full size-full\" alt=\"\" srcset=\"https:\/\/www.directeur-artistique-freelance.fr\/graphiste\/wp-content\/uploads\/2018\/12\/creation-entete-lettre-charte-graphique-graphisme-freelance-paris-design.jpg 1920w, https:\/\/www.directeur-artistique-freelance.fr\/graphiste\/wp-content\/uploads\/2018\/12\/creation-entete-lettre-charte-graphique-graphisme-freelance-paris-design-300x225.jpg 300w, https:\/\/www.directeur-artistique-freelance.fr\/graphiste\/wp-content\/uploads\/2018\/12\/creation-entete-lettre-charte-graphique-graphisme-freelance-paris-design-768x576.jpg 768w, https:\/\/www.directeur-artistique-freelance.fr\/graphiste\/wp-content\/uploads\/2018\/12\/creation-entete-lettre-charte-graphique-graphisme-freelance-paris-design-1024x768.jpg 1024w\" sizes=\"(max-width: 1920px) 100vw, 1920px\" \/><\/a>\n\t\t\t<\/div><\/figure><figure class='gallery-item'>\n\t\t\t<div class='gallery-icon landscape'>\n\t\t\t\t<a data-elementor-open-lightbox=\"yes\" data-elementor-lightbox-slideshow=\"d8782ca\" data-elementor-lightbox-title=\"ADP_Amabis_CC_01\" data-e-action-hash=\"#elementor-action%3Aaction%3Dlightbox%26settings%3DeyJpZCI6NDk5LCJ1cmwiOiJodHRwczpcL1wvd3d3LmRpcmVjdGV1ci1hcnRpc3RpcXVlLWZyZWVsYW5jZS5mclwvZ3JhcGhpc3RlXC93cC1jb250ZW50XC91cGxvYWRzXC8yMDE4XC8xMlwvY3JlYXRpb24tY2FydGUtZGUtY29ycmVzcG9uZGFuY2UtZ3JhcGhpc21lLWxvZ28tZ3JhcGhpc21lLWZyZWVsYW5jZS1ib3Vsb2duZS1iaWxsYW5jb3VydC5qcGciLCJzbGlkZXNob3ciOiJkODc4MmNhIn0%3D\" href='https:\/\/www.directeur-artistique-freelance.fr\/graphiste\/wp-content\/uploads\/2018\/12\/creation-carte-de-correspondance-graphisme-logo-graphisme-freelance-boulogne-billancourt.jpg'><img loading=\"lazy\" decoding=\"async\" width=\"1920\" height=\"1440\" src=\"https:\/\/www.directeur-artistique-freelance.fr\/graphiste\/wp-content\/uploads\/2018\/12\/creation-carte-de-correspondance-graphisme-logo-graphisme-freelance-boulogne-billancourt.jpg\" class=\"attachment-full size-full\" alt=\"\" srcset=\"https:\/\/www.directeur-artistique-freelance.fr\/graphiste\/wp-content\/uploads\/2018\/12\/creation-carte-de-correspondance-graphisme-logo-graphisme-freelance-boulogne-billancourt.jpg 1920w, https:\/\/www.directeur-artistique-freelance.fr\/graphiste\/wp-content\/uploads\/2018\/12\/creation-carte-de-correspondance-graphisme-logo-graphisme-freelance-boulogne-billancourt-300x225.jpg 300w, https:\/\/www.directeur-artistique-freelance.fr\/graphiste\/wp-content\/uploads\/2018\/12\/creation-carte-de-correspondance-graphisme-logo-graphisme-freelance-boulogne-billancourt-768x576.jpg 768w, https:\/\/www.directeur-artistique-freelance.fr\/graphiste\/wp-content\/uploads\/2018\/12\/creation-carte-de-correspondance-graphisme-logo-graphisme-freelance-boulogne-billancourt-1024x768.jpg 1024w\" sizes=\"(max-width: 1920px) 100vw, 1920px\" \/><\/a>\n\t\t\t<\/div><\/figure><figure class='gallery-item'>\n\t\t\t<div class='gallery-icon landscape'>\n\t\t\t\t<a data-elementor-open-lightbox=\"yes\" data-elementor-lightbox-slideshow=\"d8782ca\" data-elementor-lightbox-title=\"ADP_Amabis_Enveloppe\" data-e-action-hash=\"#elementor-action%3Aaction%3Dlightbox%26settings%3DeyJpZCI6NTAxLCJ1cmwiOiJodHRwczpcL1wvd3d3LmRpcmVjdGV1ci1hcnRpc3RpcXVlLWZyZWVsYW5jZS5mclwvZ3JhcGhpc3RlXC93cC1jb250ZW50XC91cGxvYWRzXC8yMDE4XC8xMlwvY3JlYXRpb24tY2hhcnRlLWdyYXBoaXF1ZS1sb2dvLWlkZW50aXRlLWVudmVsb3BwZS1ncmFwaGlzdGUtZnJlZWxhbmNlLXBhcmlzLmpwZyIsInNsaWRlc2hvdyI6ImQ4NzgyY2EifQ%3D%3D\" href='https:\/\/www.directeur-artistique-freelance.fr\/graphiste\/wp-content\/uploads\/2018\/12\/creation-charte-graphique-logo-identite-enveloppe-graphiste-freelance-paris.jpg'><img loading=\"lazy\" decoding=\"async\" width=\"1920\" height=\"1440\" src=\"https:\/\/www.directeur-artistique-freelance.fr\/graphiste\/wp-content\/uploads\/2018\/12\/creation-charte-graphique-logo-identite-enveloppe-graphiste-freelance-paris.jpg\" class=\"attachment-full size-full\" alt=\"\" srcset=\"https:\/\/www.directeur-artistique-freelance.fr\/graphiste\/wp-content\/uploads\/2018\/12\/creation-charte-graphique-logo-identite-enveloppe-graphiste-freelance-paris.jpg 1920w, https:\/\/www.directeur-artistique-freelance.fr\/graphiste\/wp-content\/uploads\/2018\/12\/creation-charte-graphique-logo-identite-enveloppe-graphiste-freelance-paris-300x225.jpg 300w, https:\/\/www.directeur-artistique-freelance.fr\/graphiste\/wp-content\/uploads\/2018\/12\/creation-charte-graphique-logo-identite-enveloppe-graphiste-freelance-paris-768x576.jpg 768w, https:\/\/www.directeur-artistique-freelance.fr\/graphiste\/wp-content\/uploads\/2018\/12\/creation-charte-graphique-logo-identite-enveloppe-graphiste-freelance-paris-1024x768.jpg 1024w\" sizes=\"(max-width: 1920px) 100vw, 1920px\" \/><\/a>\n\t\t\t<\/div><\/figure><figure class='gallery-item'>\n\t\t\t<div class='gallery-icon landscape'>\n\t\t\t\t<a data-elementor-open-lightbox=\"yes\" data-elementor-lightbox-slideshow=\"d8782ca\" data-elementor-lightbox-title=\"ADP_Amabis_Flyer_01\" data-e-action-hash=\"#elementor-action%3Aaction%3Dlightbox%26settings%3DeyJpZCI6NTAyLCJ1cmwiOiJodHRwczpcL1wvd3d3LmRpcmVjdGV1ci1hcnRpc3RpcXVlLWZyZWVsYW5jZS5mclwvZ3JhcGhpc3RlXC93cC1jb250ZW50XC91cGxvYWRzXC8yMDE4XC8xMlwvY3JlYXRpb24tZmx5ZXItYnJhbmRpbmctc3RyYXRlZ2llLWxvZ28tbWFycXVlLWlkZW50aXRlLXZpc3VlbGxlLWZyZWVsYW5jZS15dmVsaW5lcy03OC5qcGciLCJzbGlkZXNob3ciOiJkODc4MmNhIn0%3D\" href='https:\/\/www.directeur-artistique-freelance.fr\/graphiste\/wp-content\/uploads\/2018\/12\/creation-flyer-branding-strategie-logo-marque-identite-visuelle-freelance-yvelines-78.jpg'><img loading=\"lazy\" decoding=\"async\" width=\"1920\" height=\"1440\" src=\"https:\/\/www.directeur-artistique-freelance.fr\/graphiste\/wp-content\/uploads\/2018\/12\/creation-flyer-branding-strategie-logo-marque-identite-visuelle-freelance-yvelines-78.jpg\" class=\"attachment-full size-full\" alt=\"\" srcset=\"https:\/\/www.directeur-artistique-freelance.fr\/graphiste\/wp-content\/uploads\/2018\/12\/creation-flyer-branding-strategie-logo-marque-identite-visuelle-freelance-yvelines-78.jpg 1920w, https:\/\/www.directeur-artistique-freelance.fr\/graphiste\/wp-content\/uploads\/2018\/12\/creation-flyer-branding-strategie-logo-marque-identite-visuelle-freelance-yvelines-78-300x225.jpg 300w, https:\/\/www.directeur-artistique-freelance.fr\/graphiste\/wp-content\/uploads\/2018\/12\/creation-flyer-branding-strategie-logo-marque-identite-visuelle-freelance-yvelines-78-768x576.jpg 768w, https:\/\/www.directeur-artistique-freelance.fr\/graphiste\/wp-content\/uploads\/2018\/12\/creation-flyer-branding-strategie-logo-marque-identite-visuelle-freelance-yvelines-78-1024x768.jpg 1024w\" sizes=\"(max-width: 1920px) 100vw, 1920px\" \/><\/a>\n\t\t\t<\/div><\/figure><figure class='gallery-item'>\n\t\t\t<div class='gallery-icon landscape'>\n\t\t\t\t<a data-elementor-open-lightbox=\"yes\" data-elementor-lightbox-slideshow=\"d8782ca\" data-elementor-lightbox-title=\"ADP_Amabis_Flyer_02\" data-e-action-hash=\"#elementor-action%3Aaction%3Dlightbox%26settings%3DeyJpZCI6NTAzLCJ1cmwiOiJodHRwczpcL1wvd3d3LmRpcmVjdGV1ci1hcnRpc3RpcXVlLWZyZWVsYW5jZS5mclwvZ3JhcGhpc3RlXC93cC1jb250ZW50XC91cGxvYWRzXC8yMDE4XC8xMlwvY3JlYXRpb24tZ3JhcGhpcXVlLWZseWVyLWdyYXBoaXF1ZXMtZGVzaWduLWZyZWVsYW5jZS1zYWludC1nZXJtYWluLWVuLWxheWUtNzguanBnIiwic2xpZGVzaG93IjoiZDg3ODJjYSJ9\" href='https:\/\/www.directeur-artistique-freelance.fr\/graphiste\/wp-content\/uploads\/2018\/12\/creation-graphique-flyer-graphiques-design-freelance-saint-germain-en-laye-78.jpg'><img loading=\"lazy\" decoding=\"async\" width=\"1920\" height=\"1440\" src=\"https:\/\/www.directeur-artistique-freelance.fr\/graphiste\/wp-content\/uploads\/2018\/12\/creation-graphique-flyer-graphiques-design-freelance-saint-germain-en-laye-78.jpg\" class=\"attachment-full size-full\" alt=\"\" srcset=\"https:\/\/www.directeur-artistique-freelance.fr\/graphiste\/wp-content\/uploads\/2018\/12\/creation-graphique-flyer-graphiques-design-freelance-saint-germain-en-laye-78.jpg 1920w, https:\/\/www.directeur-artistique-freelance.fr\/graphiste\/wp-content\/uploads\/2018\/12\/creation-graphique-flyer-graphiques-design-freelance-saint-germain-en-laye-78-300x225.jpg 300w, https:\/\/www.directeur-artistique-freelance.fr\/graphiste\/wp-content\/uploads\/2018\/12\/creation-graphique-flyer-graphiques-design-freelance-saint-germain-en-laye-78-768x576.jpg 768w, https:\/\/www.directeur-artistique-freelance.fr\/graphiste\/wp-content\/uploads\/2018\/12\/creation-graphique-flyer-graphiques-design-freelance-saint-germain-en-laye-78-1024x768.jpg 1024w\" sizes=\"(max-width: 1920px) 100vw, 1920px\" \/><\/a>\n\t\t\t<\/div><\/figure><figure class='gallery-item'>\n\t\t\t<div class='gallery-icon landscape'>\n\t\t\t\t<a data-elementor-open-lightbox=\"yes\" data-elementor-lightbox-slideshow=\"d8782ca\" data-elementor-lightbox-title=\"ADP_Amabis_Folder\" data-e-action-hash=\"#elementor-action%3Aaction%3Dlightbox%26settings%3DeyJpZCI6NTA0LCJ1cmwiOiJodHRwczpcL1wvd3d3LmRpcmVjdGV1ci1hcnRpc3RpcXVlLWZyZWVsYW5jZS5mclwvZ3JhcGhpc3RlXC93cC1jb250ZW50XC91cGxvYWRzXC8yMDE4XC8xMlwvY3JlYXRpb24tZGVzaWduLWNoZW1pc2UtY2FydG9uLWdyYXBoaXN0ZS1mcmVlbGFuY2UtYnJhbmRpbmctbWFycXVlLWxvZ28tNzguanBnIiwic2xpZGVzaG93IjoiZDg3ODJjYSJ9\" href='https:\/\/www.directeur-artistique-freelance.fr\/graphiste\/wp-content\/uploads\/2018\/12\/creation-design-chemise-carton-graphiste-freelance-branding-marque-logo-78.jpg'><img loading=\"lazy\" decoding=\"async\" width=\"1920\" height=\"1440\" src=\"https:\/\/www.directeur-artistique-freelance.fr\/graphiste\/wp-content\/uploads\/2018\/12\/creation-design-chemise-carton-graphiste-freelance-branding-marque-logo-78.jpg\" class=\"attachment-full size-full\" alt=\"\" srcset=\"https:\/\/www.directeur-artistique-freelance.fr\/graphiste\/wp-content\/uploads\/2018\/12\/creation-design-chemise-carton-graphiste-freelance-branding-marque-logo-78.jpg 1920w, https:\/\/www.directeur-artistique-freelance.fr\/graphiste\/wp-content\/uploads\/2018\/12\/creation-design-chemise-carton-graphiste-freelance-branding-marque-logo-78-300x225.jpg 300w, https:\/\/www.directeur-artistique-freelance.fr\/graphiste\/wp-content\/uploads\/2018\/12\/creation-design-chemise-carton-graphiste-freelance-branding-marque-logo-78-768x576.jpg 768w, https:\/\/www.directeur-artistique-freelance.fr\/graphiste\/wp-content\/uploads\/2018\/12\/creation-design-chemise-carton-graphiste-freelance-branding-marque-logo-78-1024x768.jpg 1024w\" sizes=\"(max-width: 1920px) 100vw, 1920px\" \/><\/a>\n\t\t\t<\/div><\/figure><figure class='gallery-item'>\n\t\t\t<div class='gallery-icon landscape'>\n\t\t\t\t<a data-elementor-open-lightbox=\"yes\" data-elementor-lightbox-slideshow=\"d8782ca\" data-elementor-lightbox-title=\"Tshirt-Mockup-and-design-graphickadapps\" data-e-action-hash=\"#elementor-action%3Aaction%3Dlightbox%26settings%3DeyJpZCI6NDk3LCJ1cmwiOiJodHRwczpcL1wvd3d3LmRpcmVjdGV1ci1hcnRpc3RpcXVlLWZyZWVsYW5jZS5mclwvZ3JhcGhpc3RlXC93cC1jb250ZW50XC91cGxvYWRzXC8yMDE4XC8xMlwvVHNoaXJ0LU1vY2t1cC1hbmQtZGVzaWduLWdyYXBoaWNrYWRhcHBzLmpwZyIsInNsaWRlc2hvdyI6ImQ4NzgyY2EifQ%3D%3D\" href='https:\/\/www.directeur-artistique-freelance.fr\/graphiste\/wp-content\/uploads\/2018\/12\/Tshirt-Mockup-and-design-graphickadapps.jpg'><img loading=\"lazy\" decoding=\"async\" width=\"900\" height=\"804\" src=\"https:\/\/www.directeur-artistique-freelance.fr\/graphiste\/wp-content\/uploads\/2018\/12\/Tshirt-Mockup-and-design-graphickadapps.jpg\" class=\"attachment-full size-full\" alt=\"\" srcset=\"https:\/\/www.directeur-artistique-freelance.fr\/graphiste\/wp-content\/uploads\/2018\/12\/Tshirt-Mockup-and-design-graphickadapps.jpg 900w, https:\/\/www.directeur-artistique-freelance.fr\/graphiste\/wp-content\/uploads\/2018\/12\/Tshirt-Mockup-and-design-graphickadapps-300x268.jpg 300w, https:\/\/www.directeur-artistique-freelance.fr\/graphiste\/wp-content\/uploads\/2018\/12\/Tshirt-Mockup-and-design-graphickadapps-768x686.jpg 768w\" sizes=\"(max-width: 900px) 100vw, 900px\" \/><\/a>\n\t\t\t<\/div><\/figure><figure class='gallery-item'>\n\t\t\t<div class='gallery-icon landscape'>\n\t\t\t\t<a data-elementor-open-lightbox=\"yes\" data-elementor-lightbox-slideshow=\"d8782ca\" data-elementor-lightbox-title=\"ADP_Amabis_Kake\" data-e-action-hash=\"#elementor-action%3Aaction%3Dlightbox%26settings%3DeyJpZCI6NTA2LCJ1cmwiOiJodHRwczpcL1wvd3d3LmRpcmVjdGV1ci1hcnRpc3RpcXVlLWZyZWVsYW5jZS5mclwvZ3JhcGhpc3RlXC93cC1jb250ZW50XC91cGxvYWRzXC8yMDE4XC8xMlwvY3JlYXRpb24ta2FrZW1vbm8tZGVzaWduLXB1YmxpY2l0ZS1ldmVudC1icmFuZGluZy1pZGVudGl0ZS1tYXJxdWUtZ3JhcGhpc3RlLmpwZyIsInNsaWRlc2hvdyI6ImQ4NzgyY2EifQ%3D%3D\" href='https:\/\/www.directeur-artistique-freelance.fr\/graphiste\/wp-content\/uploads\/2018\/12\/creation-kakemono-design-publicite-event-branding-identite-marque-graphiste.jpg'><img loading=\"lazy\" decoding=\"async\" width=\"1920\" height=\"1440\" src=\"https:\/\/www.directeur-artistique-freelance.fr\/graphiste\/wp-content\/uploads\/2018\/12\/creation-kakemono-design-publicite-event-branding-identite-marque-graphiste.jpg\" class=\"attachment-full size-full\" alt=\"\" srcset=\"https:\/\/www.directeur-artistique-freelance.fr\/graphiste\/wp-content\/uploads\/2018\/12\/creation-kakemono-design-publicite-event-branding-identite-marque-graphiste.jpg 1920w, https:\/\/www.directeur-artistique-freelance.fr\/graphiste\/wp-content\/uploads\/2018\/12\/creation-kakemono-design-publicite-event-branding-identite-marque-graphiste-300x225.jpg 300w, https:\/\/www.directeur-artistique-freelance.fr\/graphiste\/wp-content\/uploads\/2018\/12\/creation-kakemono-design-publicite-event-branding-identite-marque-graphiste-768x576.jpg 768w, https:\/\/www.directeur-artistique-freelance.fr\/graphiste\/wp-content\/uploads\/2018\/12\/creation-kakemono-design-publicite-event-branding-identite-marque-graphiste-1024x768.jpg 1024w\" sizes=\"(max-width: 1920px) 100vw, 1920px\" \/><\/a>\n\t\t\t<\/div><\/figure><figure class='gallery-item'>\n\t\t\t<div class='gallery-icon landscape'>\n\t\t\t\t<a data-elementor-open-lightbox=\"yes\" data-elementor-lightbox-slideshow=\"d8782ca\" data-elementor-lightbox-title=\"ADP_Amabis_Mac_01\" data-e-action-hash=\"#elementor-action%3Aaction%3Dlightbox%26settings%3DeyJpZCI6NTA5LCJ1cmwiOiJodHRwczpcL1wvd3d3LmRpcmVjdGV1ci1hcnRpc3RpcXVlLWZyZWVsYW5jZS5mclwvZ3JhcGhpc3RlXC93cC1jb250ZW50XC91cGxvYWRzXC8yMDE4XC8xMlwvbG9nby1kZXNpZ24tZ3JhcGhpcXVlLWxvZ2ljaWVsLWNyZWF0aW9uLWdyYXBoaXN0ZS1mcmVlbGFuY2UtdmVyc2FpbGxlcy5qcGciLCJzbGlkZXNob3ciOiJkODc4MmNhIn0%3D\" href='https:\/\/www.directeur-artistique-freelance.fr\/graphiste\/wp-content\/uploads\/2018\/12\/logo-design-graphique-logiciel-creation-graphiste-freelance-versailles.jpg'><img loading=\"lazy\" decoding=\"async\" width=\"1920\" height=\"1440\" src=\"https:\/\/www.directeur-artistique-freelance.fr\/graphiste\/wp-content\/uploads\/2018\/12\/logo-design-graphique-logiciel-creation-graphiste-freelance-versailles.jpg\" class=\"attachment-full size-full\" alt=\"\" srcset=\"https:\/\/www.directeur-artistique-freelance.fr\/graphiste\/wp-content\/uploads\/2018\/12\/logo-design-graphique-logiciel-creation-graphiste-freelance-versailles.jpg 1920w, https:\/\/www.directeur-artistique-freelance.fr\/graphiste\/wp-content\/uploads\/2018\/12\/logo-design-graphique-logiciel-creation-graphiste-freelance-versailles-300x225.jpg 300w, https:\/\/www.directeur-artistique-freelance.fr\/graphiste\/wp-content\/uploads\/2018\/12\/logo-design-graphique-logiciel-creation-graphiste-freelance-versailles-768x576.jpg 768w, https:\/\/www.directeur-artistique-freelance.fr\/graphiste\/wp-content\/uploads\/2018\/12\/logo-design-graphique-logiciel-creation-graphiste-freelance-versailles-1024x768.jpg 1024w\" sizes=\"(max-width: 1920px) 100vw, 1920px\" \/><\/a>\n\t\t\t<\/div><\/figure>\n\t\t<\/div>\n\t\t<\/div>\n\t\t\t\t\t\t<\/div>\n\t\t\t\t<\/div>\n\t\t\t\t\t<\/div>\n\t\t<\/div>\n\t\t\t\t\t<\/div>\n\t\t<\/section>\n\t\t\t\t<\/div>\n\t\t","protected":false},"excerpt":{"rendered":"<p>Client: Amabis Date: septembre 14, 2017 Amabis Donnons du sens \u00e0 la data client ! L&rsquo;objectiif \u00e9tait de cr\u00e9er une nouvelle identit\u00e9 visuelle avec sa charte compl\u00e8te pour la soci\u00e9t\u00e9 Amabis.J\u2019ai \u00e9galement r\u00e9alis\u00e9 les outils de communications pour 2 salons : Stand, cartes de visite, leaflets, chemise, flyers, panneaux, kakemonos, etc\u2026Ainsi que quelques images pour [&hellip;]<\/p>\n","protected":false},"author":1,"featured_media":473,"comment_status":"open","ping_status":"open","sticky":false,"template":"","format":"standard","meta":{"footnotes":""},"categories":[3],"tags":[],"class_list":["post-24","post","type-post","status-publish","format-standard","has-post-thumbnail","hentry","category-identite-visuelle"],"yoast_head":"<!-- This site is optimized with the Yoast SEO plugin v26.8 - https:\/\/yoast.com\/product\/yoast-seo-wordpress\/ -->\n<title>Amabis - Graphiste Freelance<\/title>\n<meta name=\"robots\" content=\"index, follow, max-snippet:-1, max-image-preview:large, max-video-preview:-1\" \/>\n<link rel=\"canonical\" href=\"https:\/\/www.directeur-artistique-freelance.fr\/graphiste\/amabis\/\" \/>\n<meta property=\"og:locale\" content=\"fr_FR\" \/>\n<meta property=\"og:type\" content=\"article\" \/>\n<meta property=\"og:title\" content=\"Amabis - Graphiste Freelance\" \/>\n<meta property=\"og:description\" content=\"Client: Amabis Date: septembre 14, 2017 Amabis Donnons du sens \u00e0 la data client ! L&rsquo;objectiif \u00e9tait de cr\u00e9er une nouvelle identit\u00e9 visuelle avec sa charte compl\u00e8te pour la soci\u00e9t\u00e9 Amabis.J\u2019ai \u00e9galement r\u00e9alis\u00e9 les outils de communications pour 2 salons : Stand, cartes de visite, leaflets, chemise, flyers, panneaux, kakemonos, etc\u2026Ainsi que quelques images pour [&hellip;]\" \/>\n<meta property=\"og:url\" content=\"https:\/\/www.directeur-artistique-freelance.fr\/graphiste\/amabis\/\" \/>\n<meta property=\"og:site_name\" content=\"Graphiste Freelance\" \/>\n<meta property=\"article:publisher\" content=\"https:\/\/www.facebook.com\/annepieusserguesdherbicourt\/\" \/>\n<meta property=\"article:published_time\" content=\"2017-10-30T22:27:59+00:00\" \/>\n<meta property=\"article:modified_time\" content=\"2022-08-04T16:11:38+00:00\" \/>\n<meta property=\"og:image\" content=\"https:\/\/www.directeur-artistique-freelance.fr\/graphiste\/wp-content\/uploads\/2018\/11\/corporate-branding-creation-visuelle-graphiste-crm-freelance.jpg\" \/>\n\t<meta property=\"og:image:width\" content=\"1200\" \/>\n\t<meta property=\"og:image:height\" content=\"960\" \/>\n\t<meta property=\"og:image:type\" content=\"image\/jpeg\" \/>\n<meta name=\"author\" content=\"Freelance\" \/>\n<meta name=\"twitter:card\" content=\"summary_large_image\" \/>\n<meta name=\"twitter:creator\" content=\"@Cheesenane\" \/>\n<meta name=\"twitter:site\" content=\"@Cheesenane\" \/>\n<meta name=\"twitter:label1\" content=\"\u00c9crit par\" \/>\n\t<meta name=\"twitter:data1\" content=\"Freelance\" \/>\n\t<meta name=\"twitter:label2\" content=\"Dur\u00e9e de lecture estim\u00e9e\" \/>\n\t<meta name=\"twitter:data2\" content=\"4 minutes\" \/>\n<script type=\"application\/ld+json\" class=\"yoast-schema-graph\">{\"@context\":\"https:\/\/schema.org\",\"@graph\":[{\"@type\":\"Article\",\"@id\":\"https:\/\/www.directeur-artistique-freelance.fr\/graphiste\/amabis\/#article\",\"isPartOf\":{\"@id\":\"https:\/\/www.directeur-artistique-freelance.fr\/graphiste\/amabis\/\"},\"author\":{\"name\":\"Freelance\",\"@id\":\"https:\/\/www.directeur-artistique-freelance.fr\/graphiste\/#\/schema\/person\/7a179c6e49ca4d029f1c0f9aac0b5e03\"},\"headline\":\"Amabis\",\"datePublished\":\"2017-10-30T22:27:59+00:00\",\"dateModified\":\"2022-08-04T16:11:38+00:00\",\"mainEntityOfPage\":{\"@id\":\"https:\/\/www.directeur-artistique-freelance.fr\/graphiste\/amabis\/\"},\"wordCount\":65,\"commentCount\":0,\"publisher\":{\"@id\":\"https:\/\/www.directeur-artistique-freelance.fr\/graphiste\/#organization\"},\"image\":{\"@id\":\"https:\/\/www.directeur-artistique-freelance.fr\/graphiste\/amabis\/#primaryimage\"},\"thumbnailUrl\":\"https:\/\/www.directeur-artistique-freelance.fr\/graphiste\/wp-content\/uploads\/2018\/11\/corporate-branding-creation-visuelle-graphiste-crm-freelance.jpg\",\"articleSection\":[\"identit\u00e9 visuelle\"],\"inLanguage\":\"fr-FR\",\"potentialAction\":[{\"@type\":\"CommentAction\",\"name\":\"Comment\",\"target\":[\"https:\/\/www.directeur-artistique-freelance.fr\/graphiste\/amabis\/#respond\"]}]},{\"@type\":\"WebPage\",\"@id\":\"https:\/\/www.directeur-artistique-freelance.fr\/graphiste\/amabis\/\",\"url\":\"https:\/\/www.directeur-artistique-freelance.fr\/graphiste\/amabis\/\",\"name\":\"Amabis - Graphiste Freelance\",\"isPartOf\":{\"@id\":\"https:\/\/www.directeur-artistique-freelance.fr\/graphiste\/#website\"},\"primaryImageOfPage\":{\"@id\":\"https:\/\/www.directeur-artistique-freelance.fr\/graphiste\/amabis\/#primaryimage\"},\"image\":{\"@id\":\"https:\/\/www.directeur-artistique-freelance.fr\/graphiste\/amabis\/#primaryimage\"},\"thumbnailUrl\":\"https:\/\/www.directeur-artistique-freelance.fr\/graphiste\/wp-content\/uploads\/2018\/11\/corporate-branding-creation-visuelle-graphiste-crm-freelance.jpg\",\"datePublished\":\"2017-10-30T22:27:59+00:00\",\"dateModified\":\"2022-08-04T16:11:38+00:00\",\"breadcrumb\":{\"@id\":\"https:\/\/www.directeur-artistique-freelance.fr\/graphiste\/amabis\/#breadcrumb\"},\"inLanguage\":\"fr-FR\",\"potentialAction\":[{\"@type\":\"ReadAction\",\"target\":[\"https:\/\/www.directeur-artistique-freelance.fr\/graphiste\/amabis\/\"]}]},{\"@type\":\"ImageObject\",\"inLanguage\":\"fr-FR\",\"@id\":\"https:\/\/www.directeur-artistique-freelance.fr\/graphiste\/amabis\/#primaryimage\",\"url\":\"https:\/\/www.directeur-artistique-freelance.fr\/graphiste\/wp-content\/uploads\/2018\/11\/corporate-branding-creation-visuelle-graphiste-crm-freelance.jpg\",\"contentUrl\":\"https:\/\/www.directeur-artistique-freelance.fr\/graphiste\/wp-content\/uploads\/2018\/11\/corporate-branding-creation-visuelle-graphiste-crm-freelance.jpg\",\"width\":1200,\"height\":960},{\"@type\":\"BreadcrumbList\",\"@id\":\"https:\/\/www.directeur-artistique-freelance.fr\/graphiste\/amabis\/#breadcrumb\",\"itemListElement\":[{\"@type\":\"ListItem\",\"position\":1,\"name\":\"Accueil\",\"item\":\"https:\/\/www.directeur-artistique-freelance.fr\/graphiste\/\"},{\"@type\":\"ListItem\",\"position\":2,\"name\":\"Amabis\"}]},{\"@type\":\"WebSite\",\"@id\":\"https:\/\/www.directeur-artistique-freelance.fr\/graphiste\/#website\",\"url\":\"https:\/\/www.directeur-artistique-freelance.fr\/graphiste\/\",\"name\":\"Graphiste Freelance\",\"description\":\"Saint Germain en Laye 78\",\"publisher\":{\"@id\":\"https:\/\/www.directeur-artistique-freelance.fr\/graphiste\/#organization\"},\"potentialAction\":[{\"@type\":\"SearchAction\",\"target\":{\"@type\":\"EntryPoint\",\"urlTemplate\":\"https:\/\/www.directeur-artistique-freelance.fr\/graphiste\/?s={search_term_string}\"},\"query-input\":{\"@type\":\"PropertyValueSpecification\",\"valueRequired\":true,\"valueName\":\"search_term_string\"}}],\"inLanguage\":\"fr-FR\"},{\"@type\":\"Organization\",\"@id\":\"https:\/\/www.directeur-artistique-freelance.fr\/graphiste\/#organization\",\"name\":\"Anne Pieussergues Dherbicourt\",\"url\":\"https:\/\/www.directeur-artistique-freelance.fr\/graphiste\/\",\"logo\":{\"@type\":\"ImageObject\",\"inLanguage\":\"fr-FR\",\"@id\":\"https:\/\/www.directeur-artistique-freelance.fr\/graphiste\/#\/schema\/logo\/image\/\",\"url\":\"https:\/\/www.directeur-artistique-freelance.fr\/graphiste\/wp-content\/uploads\/2019\/06\/graphiste-freelance-saint-germain-en-laye.png\",\"contentUrl\":\"https:\/\/www.directeur-artistique-freelance.fr\/graphiste\/wp-content\/uploads\/2019\/06\/graphiste-freelance-saint-germain-en-laye.png\",\"width\":667,\"height\":200,\"caption\":\"Anne Pieussergues Dherbicourt\"},\"image\":{\"@id\":\"https:\/\/www.directeur-artistique-freelance.fr\/graphiste\/#\/schema\/logo\/image\/\"},\"sameAs\":[\"https:\/\/www.facebook.com\/annepieusserguesdherbicourt\/\",\"https:\/\/x.com\/Cheesenane\",\"https:\/\/www.instagram.com\/anne_pieussergues_dherbicourt\/\",\"https:\/\/www.linkedin.com\/in\/anne-pieussergues-dherbicourt-61603812\/\",\"https:\/\/www.pinterest.fr\/cheesenane\/my-artwork\/\"]},{\"@type\":\"Person\",\"@id\":\"https:\/\/www.directeur-artistique-freelance.fr\/graphiste\/#\/schema\/person\/7a179c6e49ca4d029f1c0f9aac0b5e03\",\"name\":\"Freelance\",\"image\":{\"@type\":\"ImageObject\",\"inLanguage\":\"fr-FR\",\"@id\":\"https:\/\/www.directeur-artistique-freelance.fr\/graphiste\/#\/schema\/person\/image\/\",\"url\":\"https:\/\/www.directeur-artistique-freelance.fr\/graphiste\/wp-content\/litespeed\/avatar\/6f6844df38c3851153fa746d447a597e.jpg?ver=1777339941\",\"contentUrl\":\"https:\/\/www.directeur-artistique-freelance.fr\/graphiste\/wp-content\/litespeed\/avatar\/6f6844df38c3851153fa746d447a597e.jpg?ver=1777339941\",\"caption\":\"Freelance\"},\"url\":\"https:\/\/www.directeur-artistique-freelance.fr\/graphiste\/author\/freelance\/\"}]}<\/script>\n<!-- \/ Yoast SEO plugin. -->","yoast_head_json":{"title":"Amabis - Graphiste Freelance","robots":{"index":"index","follow":"follow","max-snippet":"max-snippet:-1","max-image-preview":"max-image-preview:large","max-video-preview":"max-video-preview:-1"},"canonical":"https:\/\/www.directeur-artistique-freelance.fr\/graphiste\/amabis\/","og_locale":"fr_FR","og_type":"article","og_title":"Amabis - Graphiste Freelance","og_description":"Client: Amabis Date: septembre 14, 2017 Amabis Donnons du sens \u00e0 la data client ! L&rsquo;objectiif \u00e9tait de cr\u00e9er une nouvelle identit\u00e9 visuelle avec sa charte compl\u00e8te pour la soci\u00e9t\u00e9 Amabis.J\u2019ai \u00e9galement r\u00e9alis\u00e9 les outils de communications pour 2 salons : Stand, cartes de visite, leaflets, chemise, flyers, panneaux, kakemonos, etc\u2026Ainsi que quelques images pour [&hellip;]","og_url":"https:\/\/www.directeur-artistique-freelance.fr\/graphiste\/amabis\/","og_site_name":"Graphiste Freelance","article_publisher":"https:\/\/www.facebook.com\/annepieusserguesdherbicourt\/","article_published_time":"2017-10-30T22:27:59+00:00","article_modified_time":"2022-08-04T16:11:38+00:00","og_image":[{"width":1200,"height":960,"url":"https:\/\/www.directeur-artistique-freelance.fr\/graphiste\/wp-content\/uploads\/2018\/11\/corporate-branding-creation-visuelle-graphiste-crm-freelance.jpg","type":"image\/jpeg"}],"author":"Freelance","twitter_card":"summary_large_image","twitter_creator":"@Cheesenane","twitter_site":"@Cheesenane","twitter_misc":{"\u00c9crit par":"Freelance","Dur\u00e9e de lecture estim\u00e9e":"4 minutes"},"schema":{"@context":"https:\/\/schema.org","@graph":[{"@type":"Article","@id":"https:\/\/www.directeur-artistique-freelance.fr\/graphiste\/amabis\/#article","isPartOf":{"@id":"https:\/\/www.directeur-artistique-freelance.fr\/graphiste\/amabis\/"},"author":{"name":"Freelance","@id":"https:\/\/www.directeur-artistique-freelance.fr\/graphiste\/#\/schema\/person\/7a179c6e49ca4d029f1c0f9aac0b5e03"},"headline":"Amabis","datePublished":"2017-10-30T22:27:59+00:00","dateModified":"2022-08-04T16:11:38+00:00","mainEntityOfPage":{"@id":"https:\/\/www.directeur-artistique-freelance.fr\/graphiste\/amabis\/"},"wordCount":65,"commentCount":0,"publisher":{"@id":"https:\/\/www.directeur-artistique-freelance.fr\/graphiste\/#organization"},"image":{"@id":"https:\/\/www.directeur-artistique-freelance.fr\/graphiste\/amabis\/#primaryimage"},"thumbnailUrl":"https:\/\/www.directeur-artistique-freelance.fr\/graphiste\/wp-content\/uploads\/2018\/11\/corporate-branding-creation-visuelle-graphiste-crm-freelance.jpg","articleSection":["identit\u00e9 visuelle"],"inLanguage":"fr-FR","potentialAction":[{"@type":"CommentAction","name":"Comment","target":["https:\/\/www.directeur-artistique-freelance.fr\/graphiste\/amabis\/#respond"]}]},{"@type":"WebPage","@id":"https:\/\/www.directeur-artistique-freelance.fr\/graphiste\/amabis\/","url":"https:\/\/www.directeur-artistique-freelance.fr\/graphiste\/amabis\/","name":"Amabis - Graphiste Freelance","isPartOf":{"@id":"https:\/\/www.directeur-artistique-freelance.fr\/graphiste\/#website"},"primaryImageOfPage":{"@id":"https:\/\/www.directeur-artistique-freelance.fr\/graphiste\/amabis\/#primaryimage"},"image":{"@id":"https:\/\/www.directeur-artistique-freelance.fr\/graphiste\/amabis\/#primaryimage"},"thumbnailUrl":"https:\/\/www.directeur-artistique-freelance.fr\/graphiste\/wp-content\/uploads\/2018\/11\/corporate-branding-creation-visuelle-graphiste-crm-freelance.jpg","datePublished":"2017-10-30T22:27:59+00:00","dateModified":"2022-08-04T16:11:38+00:00","breadcrumb":{"@id":"https:\/\/www.directeur-artistique-freelance.fr\/graphiste\/amabis\/#breadcrumb"},"inLanguage":"fr-FR","potentialAction":[{"@type":"ReadAction","target":["https:\/\/www.directeur-artistique-freelance.fr\/graphiste\/amabis\/"]}]},{"@type":"ImageObject","inLanguage":"fr-FR","@id":"https:\/\/www.directeur-artistique-freelance.fr\/graphiste\/amabis\/#primaryimage","url":"https:\/\/www.directeur-artistique-freelance.fr\/graphiste\/wp-content\/uploads\/2018\/11\/corporate-branding-creation-visuelle-graphiste-crm-freelance.jpg","contentUrl":"https:\/\/www.directeur-artistique-freelance.fr\/graphiste\/wp-content\/uploads\/2018\/11\/corporate-branding-creation-visuelle-graphiste-crm-freelance.jpg","width":1200,"height":960},{"@type":"BreadcrumbList","@id":"https:\/\/www.directeur-artistique-freelance.fr\/graphiste\/amabis\/#breadcrumb","itemListElement":[{"@type":"ListItem","position":1,"name":"Accueil","item":"https:\/\/www.directeur-artistique-freelance.fr\/graphiste\/"},{"@type":"ListItem","position":2,"name":"Amabis"}]},{"@type":"WebSite","@id":"https:\/\/www.directeur-artistique-freelance.fr\/graphiste\/#website","url":"https:\/\/www.directeur-artistique-freelance.fr\/graphiste\/","name":"Graphiste Freelance","description":"Saint Germain en Laye 78","publisher":{"@id":"https:\/\/www.directeur-artistique-freelance.fr\/graphiste\/#organization"},"potentialAction":[{"@type":"SearchAction","target":{"@type":"EntryPoint","urlTemplate":"https:\/\/www.directeur-artistique-freelance.fr\/graphiste\/?s={search_term_string}"},"query-input":{"@type":"PropertyValueSpecification","valueRequired":true,"valueName":"search_term_string"}}],"inLanguage":"fr-FR"},{"@type":"Organization","@id":"https:\/\/www.directeur-artistique-freelance.fr\/graphiste\/#organization","name":"Anne Pieussergues Dherbicourt","url":"https:\/\/www.directeur-artistique-freelance.fr\/graphiste\/","logo":{"@type":"ImageObject","inLanguage":"fr-FR","@id":"https:\/\/www.directeur-artistique-freelance.fr\/graphiste\/#\/schema\/logo\/image\/","url":"https:\/\/www.directeur-artistique-freelance.fr\/graphiste\/wp-content\/uploads\/2019\/06\/graphiste-freelance-saint-germain-en-laye.png","contentUrl":"https:\/\/www.directeur-artistique-freelance.fr\/graphiste\/wp-content\/uploads\/2019\/06\/graphiste-freelance-saint-germain-en-laye.png","width":667,"height":200,"caption":"Anne Pieussergues Dherbicourt"},"image":{"@id":"https:\/\/www.directeur-artistique-freelance.fr\/graphiste\/#\/schema\/logo\/image\/"},"sameAs":["https:\/\/www.facebook.com\/annepieusserguesdherbicourt\/","https:\/\/x.com\/Cheesenane","https:\/\/www.instagram.com\/anne_pieussergues_dherbicourt\/","https:\/\/www.linkedin.com\/in\/anne-pieussergues-dherbicourt-61603812\/","https:\/\/www.pinterest.fr\/cheesenane\/my-artwork\/"]},{"@type":"Person","@id":"https:\/\/www.directeur-artistique-freelance.fr\/graphiste\/#\/schema\/person\/7a179c6e49ca4d029f1c0f9aac0b5e03","name":"Freelance","image":{"@type":"ImageObject","inLanguage":"fr-FR","@id":"https:\/\/www.directeur-artistique-freelance.fr\/graphiste\/#\/schema\/person\/image\/","url":"https:\/\/www.directeur-artistique-freelance.fr\/graphiste\/wp-content\/litespeed\/avatar\/6f6844df38c3851153fa746d447a597e.jpg?ver=1777339941","contentUrl":"https:\/\/www.directeur-artistique-freelance.fr\/graphiste\/wp-content\/litespeed\/avatar\/6f6844df38c3851153fa746d447a597e.jpg?ver=1777339941","caption":"Freelance"},"url":"https:\/\/www.directeur-artistique-freelance.fr\/graphiste\/author\/freelance\/"}]}},"_links":{"self":[{"href":"https:\/\/www.directeur-artistique-freelance.fr\/graphiste\/wp-json\/wp\/v2\/posts\/24","targetHints":{"allow":["GET"]}}],"collection":[{"href":"https:\/\/www.directeur-artistique-freelance.fr\/graphiste\/wp-json\/wp\/v2\/posts"}],"about":[{"href":"https:\/\/www.directeur-artistique-freelance.fr\/graphiste\/wp-json\/wp\/v2\/types\/post"}],"author":[{"embeddable":true,"href":"https:\/\/www.directeur-artistique-freelance.fr\/graphiste\/wp-json\/wp\/v2\/users\/1"}],"replies":[{"embeddable":true,"href":"https:\/\/www.directeur-artistique-freelance.fr\/graphiste\/wp-json\/wp\/v2\/comments?post=24"}],"version-history":[{"count":8,"href":"https:\/\/www.directeur-artistique-freelance.fr\/graphiste\/wp-json\/wp\/v2\/posts\/24\/revisions"}],"predecessor-version":[{"id":2877,"href":"https:\/\/www.directeur-artistique-freelance.fr\/graphiste\/wp-json\/wp\/v2\/posts\/24\/revisions\/2877"}],"wp:featuredmedia":[{"embeddable":true,"href":"https:\/\/www.directeur-artistique-freelance.fr\/graphiste\/wp-json\/wp\/v2\/media\/473"}],"wp:attachment":[{"href":"https:\/\/www.directeur-artistique-freelance.fr\/graphiste\/wp-json\/wp\/v2\/media?parent=24"}],"wp:term":[{"taxonomy":"category","embeddable":true,"href":"https:\/\/www.directeur-artistique-freelance.fr\/graphiste\/wp-json\/wp\/v2\/categories?post=24"},{"taxonomy":"post_tag","embeddable":true,"href":"https:\/\/www.directeur-artistique-freelance.fr\/graphiste\/wp-json\/wp\/v2\/tags?post=24"}],"curies":[{"name":"wp","href":"https:\/\/api.w.org\/{rel}","templated":true}]}}