{"id":2325,"date":"2020-12-17T22:05:56","date_gmt":"2020-12-17T21:05:56","guid":{"rendered":"https:\/\/www.directeur-artistique-freelance.fr\/graphiste\/?p=2325"},"modified":"2024-03-26T11:45:20","modified_gmt":"2024-03-26T10:45:20","slug":"oberty-immobilier","status":"publish","type":"post","link":"https:\/\/www.directeur-artistique-freelance.fr\/graphiste\/oberty-immobilier\/","title":{"rendered":"Oberty Immobilier"},"content":{"rendered":"\t\t<div data-elementor-type=\"wp-post\" data-elementor-id=\"2325\" class=\"elementor elementor-2325\" data-elementor-post-type=\"post\">\n\t\t\t\t\t\t<section class=\"elementor-section elementor-top-section elementor-element elementor-element-2014680 elementor-section-boxed elementor-section-height-default elementor-section-height-default\" data-id=\"2014680\" data-element_type=\"section\">\n\t\t\t\t\t\t<div class=\"elementor-container elementor-column-gap-default\">\n\t\t\t\t\t<div class=\"elementor-column elementor-col-100 elementor-top-column elementor-element elementor-element-64b354b\" data-id=\"64b354b\" data-element_type=\"column\">\n\t\t\t<div class=\"elementor-widget-wrap elementor-element-populated\">\n\t\t\t\t\t\t<div class=\"elementor-element elementor-element-0eb4509 elementor-widget elementor-widget-image\" data-id=\"0eb4509\" data-element_type=\"widget\" data-widget_type=\"image.default\">\n\t\t\t\t<div class=\"elementor-widget-container\">\n\t\t\t\t\t\t\t\t\t\t\t\t\t\t\t<img fetchpriority=\"high\" decoding=\"async\" width=\"1920\" height=\"1080\" src=\"https:\/\/www.directeur-artistique-freelance.fr\/graphiste\/wp-content\/uploads\/2020\/12\/bandeau-graphisme-site-internet-oberty-rennes-design.jpg\" class=\"attachment-full size-full wp-image-2328\" alt=\"\" srcset=\"https:\/\/www.directeur-artistique-freelance.fr\/graphiste\/wp-content\/uploads\/2020\/12\/bandeau-graphisme-site-internet-oberty-rennes-design.jpg 1920w, https:\/\/www.directeur-artistique-freelance.fr\/graphiste\/wp-content\/uploads\/2020\/12\/bandeau-graphisme-site-internet-oberty-rennes-design-300x169.jpg 300w, https:\/\/www.directeur-artistique-freelance.fr\/graphiste\/wp-content\/uploads\/2020\/12\/bandeau-graphisme-site-internet-oberty-rennes-design-1024x576.jpg 1024w, https:\/\/www.directeur-artistique-freelance.fr\/graphiste\/wp-content\/uploads\/2020\/12\/bandeau-graphisme-site-internet-oberty-rennes-design-768x432.jpg 768w, https:\/\/www.directeur-artistique-freelance.fr\/graphiste\/wp-content\/uploads\/2020\/12\/bandeau-graphisme-site-internet-oberty-rennes-design-1536x864.jpg 1536w\" sizes=\"(max-width: 1920px) 100vw, 1920px\" \/>\t\t\t\t\t\t\t\t\t\t\t\t\t\t\t<\/div>\n\t\t\t\t<\/div>\n\t\t\t\t\t<\/div>\n\t\t<\/div>\n\t\t\t\t\t<\/div>\n\t\t<\/section>\n\t\t\t\t<section class=\"elementor-section elementor-top-section elementor-element elementor-element-5aaebda elementor-section-content-middle elementor-section-boxed elementor-section-height-default elementor-section-height-default\" data-id=\"5aaebda\" data-element_type=\"section\">\n\t\t\t\t\t\t<div class=\"elementor-container elementor-column-gap-no\">\n\t\t\t\t\t<div class=\"elementor-column elementor-col-100 elementor-top-column elementor-element elementor-element-2a92886\" data-id=\"2a92886\" data-element_type=\"column\">\n\t\t\t<div class=\"elementor-widget-wrap elementor-element-populated\">\n\t\t\t\t\t\t<div class=\"elementor-element elementor-element-c308216 elementor-align-start elementor-icon-list--layout-traditional elementor-list-item-link-full_width elementor-widget elementor-widget-icon-list\" data-id=\"c308216\" data-element_type=\"widget\" data-widget_type=\"icon-list.default\">\n\t\t\t\t<div class=\"elementor-widget-container\">\n\t\t\t\t\t\t\t<ul class=\"elementor-icon-list-items\">\n\t\t\t\t\t\t\t<li class=\"elementor-icon-list-item\">\n\t\t\t\t\t\t\t\t\t\t\t<a href=\"https:\/\/www.oberty.fr\/\" target=\"_blank\">\n\n\t\t\t\t\t\t\t\t\t\t\t\t<span class=\"elementor-icon-list-icon\">\n\t\t\t\t\t\t\t<i aria-hidden=\"true\" class=\"fab fa-envira\"><\/i>\t\t\t\t\t\t<\/span>\n\t\t\t\t\t\t\t\t\t\t<span class=\"elementor-icon-list-text\">Client:\tOberty Immobilier<\/span>\n\t\t\t\t\t\t\t\t\t\t\t<\/a>\n\t\t\t\t\t\t\t\t\t<\/li>\n\t\t\t\t\t\t\t\t<li class=\"elementor-icon-list-item\">\n\t\t\t\t\t\t\t\t\t\t\t<span class=\"elementor-icon-list-icon\">\n\t\t\t\t\t\t\t<i aria-hidden=\"true\" class=\"fas fa-calendar-alt\"><\/i>\t\t\t\t\t\t<\/span>\n\t\t\t\t\t\t\t\t\t\t<span class=\"elementor-icon-list-text\"> Date:\tAo\u00fbt, 2020<\/span>\n\t\t\t\t\t\t\t\t\t<\/li>\n\t\t\t\t\t\t<\/ul>\n\t\t\t\t\t\t<\/div>\n\t\t\t\t<\/div>\n\t\t\t\t<div class=\"elementor-element elementor-element-ddd2a66 elementor-widget elementor-widget-heading\" data-id=\"ddd2a66\" data-element_type=\"widget\" data-widget_type=\"heading.default\">\n\t\t\t\t<div class=\"elementor-widget-container\">\n\t\t\t\t\t<h3 class=\"elementor-heading-title elementor-size-default\">Oberty Immobilier<\/h3>\t\t\t\t<\/div>\n\t\t\t\t<\/div>\n\t\t\t\t<div class=\"elementor-element elementor-element-5e48de8 elementor-widget elementor-widget-text-editor\" data-id=\"5e48de8\" data-element_type=\"widget\" data-widget_type=\"text-editor.default\">\n\t\t\t\t<div class=\"elementor-widget-container\">\n\t\t\t\t\t\t\t\t\t<p>Votre projet immobilier clef en main !<\/p>\t\t\t\t\t\t\t\t<\/div>\n\t\t\t\t<\/div>\n\t\t\t\t<section class=\"elementor-section elementor-inner-section elementor-element elementor-element-3343436 elementor-section-boxed elementor-section-height-default elementor-section-height-default\" data-id=\"3343436\" data-element_type=\"section\">\n\t\t\t\t\t\t<div class=\"elementor-container elementor-column-gap-default\">\n\t\t\t\t\t<div class=\"elementor-column elementor-col-100 elementor-inner-column elementor-element elementor-element-9e0cf5e\" data-id=\"9e0cf5e\" data-element_type=\"column\">\n\t\t\t<div class=\"elementor-widget-wrap elementor-element-populated\">\n\t\t\t\t\t\t<div class=\"elementor-element elementor-element-67ac9b9 elementor-widget elementor-widget-text-editor\" data-id=\"67ac9b9\" data-element_type=\"widget\" data-widget_type=\"text-editor.default\">\n\t\t\t\t<div class=\"elementor-widget-container\">\n\t\t\t\t\t\t\t\t\t<p>J&rsquo;ai \u00e9t\u00e9 contact\u00e9 par Soumeya Boissel et Aude Lemetayer pour cr\u00e9er de toutes pi\u00e8ces l&rsquo;identit\u00e9 visuelle de leur nouvelle entreprise : Oberty Immobilier.<\/p><p>Le d\u00e9fi \u00e9tait de cr\u00e9er un logo simple, \u00e9vocateur et impactant qui repr\u00e9sentait bien leur nouveau concept de soci\u00e9t\u00e9. <br \/>Il fallait \u00e9voquer l&rsquo;immobilier, la finance, la r\u00e9novation\/construction et la d\u00e9coration, jusqu&rsquo;\u00e0 la remise des clefs !<\/p><p>Le concept de cette soci\u00e9t\u00e9 devait \u00e9galement \u00eatre d\u00e9velopp\u00e9 sur plusieurs documents print, brochures, lealfets pour les deux cibles en immobilier (l&rsquo;investissement locatif et l&rsquo;investissement en r\u00e9sidence principale et secondaire), ainsi que sur des panneaux de communication.<\/p><p>Enfin il a fallu penser le design UX et design UI du site internet dans une navigation fluide et efficace pour expliquer ce nouveau concept.<\/p>\t\t\t\t\t\t\t\t<\/div>\n\t\t\t\t<\/div>\n\t\t\t\t\t<\/div>\n\t\t<\/div>\n\t\t\t\t\t<\/div>\n\t\t<\/section>\n\t\t\t\t\t<\/div>\n\t\t<\/div>\n\t\t\t\t\t<\/div>\n\t\t<\/section>\n\t\t\t\t<section class=\"elementor-section elementor-top-section elementor-element elementor-element-ad0bc2a elementor-section-boxed elementor-section-height-default elementor-section-height-default\" data-id=\"ad0bc2a\" data-element_type=\"section\">\n\t\t\t\t\t\t<div class=\"elementor-container elementor-column-gap-default\">\n\t\t\t\t\t<div class=\"elementor-column elementor-col-100 elementor-top-column elementor-element elementor-element-cb4ee7b\" data-id=\"cb4ee7b\" data-element_type=\"column\">\n\t\t\t<div class=\"elementor-widget-wrap elementor-element-populated\">\n\t\t\t\t\t\t<div class=\"elementor-element elementor-element-adce1f9 elementor-widget elementor-widget-image-gallery\" data-id=\"adce1f9\" data-element_type=\"widget\" data-widget_type=\"image-gallery.default\">\n\t\t\t\t<div class=\"elementor-widget-container\">\n\t\t\t\t\t\t\t<div class=\"elementor-image-gallery\">\n\t\t\t<div id='gallery-1' class='gallery galleryid-2325 gallery-columns-2 gallery-size-full'><figure class='gallery-item'>\n\t\t\t<div class='gallery-icon landscape'>\n\t\t\t\t<a data-elementor-open-lightbox=\"yes\" data-elementor-lightbox-slideshow=\"adce1f9\" data-elementor-lightbox-title=\"brochure-res-print-graphisme-freelance\" data-e-action-hash=\"#elementor-action%3Aaction%3Dlightbox%26settings%3DeyJpZCI6MjMzNSwidXJsIjoiaHR0cHM6XC9cL3d3dy5kaXJlY3RldXItYXJ0aXN0aXF1ZS1mcmVlbGFuY2UuZnJcL2dyYXBoaXN0ZVwvd3AtY29udGVudFwvdXBsb2Fkc1wvMjAyMFwvMTJcL2Jyb2NodXJlLXJlcy1wcmludC1ncmFwaGlzbWUtZnJlZWxhbmNlLmpwZyIsInNsaWRlc2hvdyI6ImFkY2UxZjkifQ%3D%3D\" href='https:\/\/www.directeur-artistique-freelance.fr\/graphiste\/wp-content\/uploads\/2020\/12\/brochure-res-print-graphisme-freelance.jpg'><img decoding=\"async\" width=\"2040\" height=\"1440\" src=\"https:\/\/www.directeur-artistique-freelance.fr\/graphiste\/wp-content\/uploads\/2020\/12\/brochure-res-print-graphisme-freelance.jpg\" class=\"attachment-full size-full\" alt=\"\" srcset=\"https:\/\/www.directeur-artistique-freelance.fr\/graphiste\/wp-content\/uploads\/2020\/12\/brochure-res-print-graphisme-freelance.jpg 2040w, https:\/\/www.directeur-artistique-freelance.fr\/graphiste\/wp-content\/uploads\/2020\/12\/brochure-res-print-graphisme-freelance-300x212.jpg 300w, https:\/\/www.directeur-artistique-freelance.fr\/graphiste\/wp-content\/uploads\/2020\/12\/brochure-res-print-graphisme-freelance-1024x723.jpg 1024w, https:\/\/www.directeur-artistique-freelance.fr\/graphiste\/wp-content\/uploads\/2020\/12\/brochure-res-print-graphisme-freelance-768x542.jpg 768w, https:\/\/www.directeur-artistique-freelance.fr\/graphiste\/wp-content\/uploads\/2020\/12\/brochure-res-print-graphisme-freelance-1536x1084.jpg 1536w\" sizes=\"(max-width: 2040px) 100vw, 2040px\" \/><\/a>\n\t\t\t<\/div><\/figure><figure class='gallery-item'>\n\t\t\t<div class='gallery-icon landscape'>\n\t\t\t\t<a data-elementor-open-lightbox=\"yes\" data-elementor-lightbox-slideshow=\"adce1f9\" data-elementor-lightbox-title=\"brochure-inte-loc-graphiste-freelance-saint-germain\" data-e-action-hash=\"#elementor-action%3Aaction%3Dlightbox%26settings%3DeyJpZCI6MjMzMiwidXJsIjoiaHR0cHM6XC9cL3d3dy5kaXJlY3RldXItYXJ0aXN0aXF1ZS1mcmVlbGFuY2UuZnJcL2dyYXBoaXN0ZVwvd3AtY29udGVudFwvdXBsb2Fkc1wvMjAyMFwvMTJcL2Jyb2NodXJlLWludGUtbG9jLWdyYXBoaXN0ZS1mcmVlbGFuY2Utc2FpbnQtZ2VybWFpbi5qcGciLCJzbGlkZXNob3ciOiJhZGNlMWY5In0%3D\" href='https:\/\/www.directeur-artistique-freelance.fr\/graphiste\/wp-content\/uploads\/2020\/12\/brochure-inte-loc-graphiste-freelance-saint-germain.jpg'><img decoding=\"async\" width=\"2040\" height=\"1440\" src=\"https:\/\/www.directeur-artistique-freelance.fr\/graphiste\/wp-content\/uploads\/2020\/12\/brochure-inte-loc-graphiste-freelance-saint-germain.jpg\" class=\"attachment-full size-full\" alt=\"\" srcset=\"https:\/\/www.directeur-artistique-freelance.fr\/graphiste\/wp-content\/uploads\/2020\/12\/brochure-inte-loc-graphiste-freelance-saint-germain.jpg 2040w, https:\/\/www.directeur-artistique-freelance.fr\/graphiste\/wp-content\/uploads\/2020\/12\/brochure-inte-loc-graphiste-freelance-saint-germain-300x212.jpg 300w, https:\/\/www.directeur-artistique-freelance.fr\/graphiste\/wp-content\/uploads\/2020\/12\/brochure-inte-loc-graphiste-freelance-saint-germain-1024x723.jpg 1024w, https:\/\/www.directeur-artistique-freelance.fr\/graphiste\/wp-content\/uploads\/2020\/12\/brochure-inte-loc-graphiste-freelance-saint-germain-768x542.jpg 768w, https:\/\/www.directeur-artistique-freelance.fr\/graphiste\/wp-content\/uploads\/2020\/12\/brochure-inte-loc-graphiste-freelance-saint-germain-1536x1084.jpg 1536w\" sizes=\"(max-width: 2040px) 100vw, 2040px\" \/><\/a>\n\t\t\t<\/div><\/figure><figure class='gallery-item'>\n\t\t\t<div class='gallery-icon landscape'>\n\t\t\t\t<a data-elementor-open-lightbox=\"yes\" data-elementor-lightbox-slideshow=\"adce1f9\" data-elementor-lightbox-title=\"brochure-loc-print-graphisme-freelance\" data-e-action-hash=\"#elementor-action%3Aaction%3Dlightbox%26settings%3DeyJpZCI6MjMzNCwidXJsIjoiaHR0cHM6XC9cL3d3dy5kaXJlY3RldXItYXJ0aXN0aXF1ZS1mcmVlbGFuY2UuZnJcL2dyYXBoaXN0ZVwvd3AtY29udGVudFwvdXBsb2Fkc1wvMjAyMFwvMTJcL2Jyb2NodXJlLWxvYy1wcmludC1ncmFwaGlzbWUtZnJlZWxhbmNlLmpwZyIsInNsaWRlc2hvdyI6ImFkY2UxZjkifQ%3D%3D\" href='https:\/\/www.directeur-artistique-freelance.fr\/graphiste\/wp-content\/uploads\/2020\/12\/brochure-loc-print-graphisme-freelance.jpg'><img loading=\"lazy\" decoding=\"async\" width=\"2040\" height=\"1440\" src=\"https:\/\/www.directeur-artistique-freelance.fr\/graphiste\/wp-content\/uploads\/2020\/12\/brochure-loc-print-graphisme-freelance.jpg\" class=\"attachment-full size-full\" alt=\"\" srcset=\"https:\/\/www.directeur-artistique-freelance.fr\/graphiste\/wp-content\/uploads\/2020\/12\/brochure-loc-print-graphisme-freelance.jpg 2040w, https:\/\/www.directeur-artistique-freelance.fr\/graphiste\/wp-content\/uploads\/2020\/12\/brochure-loc-print-graphisme-freelance-300x212.jpg 300w, https:\/\/www.directeur-artistique-freelance.fr\/graphiste\/wp-content\/uploads\/2020\/12\/brochure-loc-print-graphisme-freelance-1024x723.jpg 1024w, https:\/\/www.directeur-artistique-freelance.fr\/graphiste\/wp-content\/uploads\/2020\/12\/brochure-loc-print-graphisme-freelance-768x542.jpg 768w, https:\/\/www.directeur-artistique-freelance.fr\/graphiste\/wp-content\/uploads\/2020\/12\/brochure-loc-print-graphisme-freelance-1536x1084.jpg 1536w\" sizes=\"(max-width: 2040px) 100vw, 2040px\" \/><\/a>\n\t\t\t<\/div><\/figure><figure class='gallery-item'>\n\t\t\t<div class='gallery-icon landscape'>\n\t\t\t\t<a data-elementor-open-lightbox=\"yes\" data-elementor-lightbox-slideshow=\"adce1f9\" data-elementor-lightbox-title=\"brochure-inte-res-graphiste-freelance-saint-germain\" data-e-action-hash=\"#elementor-action%3Aaction%3Dlightbox%26settings%3DeyJpZCI6MjMzMywidXJsIjoiaHR0cHM6XC9cL3d3dy5kaXJlY3RldXItYXJ0aXN0aXF1ZS1mcmVlbGFuY2UuZnJcL2dyYXBoaXN0ZVwvd3AtY29udGVudFwvdXBsb2Fkc1wvMjAyMFwvMTJcL2Jyb2NodXJlLWludGUtcmVzLWdyYXBoaXN0ZS1mcmVlbGFuY2Utc2FpbnQtZ2VybWFpbi5qcGciLCJzbGlkZXNob3ciOiJhZGNlMWY5In0%3D\" href='https:\/\/www.directeur-artistique-freelance.fr\/graphiste\/wp-content\/uploads\/2020\/12\/brochure-inte-res-graphiste-freelance-saint-germain.jpg'><img loading=\"lazy\" decoding=\"async\" width=\"2040\" height=\"1440\" src=\"https:\/\/www.directeur-artistique-freelance.fr\/graphiste\/wp-content\/uploads\/2020\/12\/brochure-inte-res-graphiste-freelance-saint-germain.jpg\" class=\"attachment-full size-full\" alt=\"\" srcset=\"https:\/\/www.directeur-artistique-freelance.fr\/graphiste\/wp-content\/uploads\/2020\/12\/brochure-inte-res-graphiste-freelance-saint-germain.jpg 2040w, https:\/\/www.directeur-artistique-freelance.fr\/graphiste\/wp-content\/uploads\/2020\/12\/brochure-inte-res-graphiste-freelance-saint-germain-300x212.jpg 300w, https:\/\/www.directeur-artistique-freelance.fr\/graphiste\/wp-content\/uploads\/2020\/12\/brochure-inte-res-graphiste-freelance-saint-germain-1024x723.jpg 1024w, https:\/\/www.directeur-artistique-freelance.fr\/graphiste\/wp-content\/uploads\/2020\/12\/brochure-inte-res-graphiste-freelance-saint-germain-768x542.jpg 768w, https:\/\/www.directeur-artistique-freelance.fr\/graphiste\/wp-content\/uploads\/2020\/12\/brochure-inte-res-graphiste-freelance-saint-germain-1536x1084.jpg 1536w\" sizes=\"(max-width: 2040px) 100vw, 2040px\" \/><\/a>\n\t\t\t<\/div><\/figure><figure class='gallery-item'>\n\t\t\t<div class='gallery-icon landscape'>\n\t\t\t\t<a data-elementor-open-lightbox=\"yes\" data-elementor-lightbox-slideshow=\"adce1f9\" data-elementor-lightbox-title=\"loc-brochure-graphisme-print-st-germain-en-laye\" data-e-action-hash=\"#elementor-action%3Aaction%3Dlightbox%26settings%3DeyJpZCI6MjM0MiwidXJsIjoiaHR0cHM6XC9cL3d3dy5kaXJlY3RldXItYXJ0aXN0aXF1ZS1mcmVlbGFuY2UuZnJcL2dyYXBoaXN0ZVwvd3AtY29udGVudFwvdXBsb2Fkc1wvMjAyMFwvMTJcL2xvYy1icm9jaHVyZS1ncmFwaGlzbWUtcHJpbnQtc3QtZ2VybWFpbi1lbi1sYXllLmpwZyIsInNsaWRlc2hvdyI6ImFkY2UxZjkifQ%3D%3D\" href='https:\/\/www.directeur-artistique-freelance.fr\/graphiste\/wp-content\/uploads\/2020\/12\/loc-brochure-graphisme-print-st-germain-en-laye.jpg'><img loading=\"lazy\" decoding=\"async\" width=\"2040\" height=\"1440\" src=\"https:\/\/www.directeur-artistique-freelance.fr\/graphiste\/wp-content\/uploads\/2020\/12\/loc-brochure-graphisme-print-st-germain-en-laye.jpg\" class=\"attachment-full size-full\" alt=\"\" srcset=\"https:\/\/www.directeur-artistique-freelance.fr\/graphiste\/wp-content\/uploads\/2020\/12\/loc-brochure-graphisme-print-st-germain-en-laye.jpg 2040w, https:\/\/www.directeur-artistique-freelance.fr\/graphiste\/wp-content\/uploads\/2020\/12\/loc-brochure-graphisme-print-st-germain-en-laye-300x212.jpg 300w, https:\/\/www.directeur-artistique-freelance.fr\/graphiste\/wp-content\/uploads\/2020\/12\/loc-brochure-graphisme-print-st-germain-en-laye-1024x723.jpg 1024w, https:\/\/www.directeur-artistique-freelance.fr\/graphiste\/wp-content\/uploads\/2020\/12\/loc-brochure-graphisme-print-st-germain-en-laye-768x542.jpg 768w, https:\/\/www.directeur-artistique-freelance.fr\/graphiste\/wp-content\/uploads\/2020\/12\/loc-brochure-graphisme-print-st-germain-en-laye-1536x1084.jpg 1536w\" sizes=\"(max-width: 2040px) 100vw, 2040px\" \/><\/a>\n\t\t\t<\/div><\/figure><figure class='gallery-item'>\n\t\t\t<div class='gallery-icon landscape'>\n\t\t\t\t<a data-elementor-open-lightbox=\"yes\" data-elementor-lightbox-slideshow=\"adce1f9\" data-elementor-lightbox-title=\"res-brochure-graphisme-print-st-germain-en-laye\" data-e-action-hash=\"#elementor-action%3Aaction%3Dlightbox%26settings%3DeyJpZCI6MjM0NCwidXJsIjoiaHR0cHM6XC9cL3d3dy5kaXJlY3RldXItYXJ0aXN0aXF1ZS1mcmVlbGFuY2UuZnJcL2dyYXBoaXN0ZVwvd3AtY29udGVudFwvdXBsb2Fkc1wvMjAyMFwvMTJcL3Jlcy1icm9jaHVyZS1ncmFwaGlzbWUtcHJpbnQtc3QtZ2VybWFpbi1lbi1sYXllLmpwZyIsInNsaWRlc2hvdyI6ImFkY2UxZjkifQ%3D%3D\" href='https:\/\/www.directeur-artistique-freelance.fr\/graphiste\/wp-content\/uploads\/2020\/12\/res-brochure-graphisme-print-st-germain-en-laye.jpg'><img loading=\"lazy\" decoding=\"async\" width=\"2040\" height=\"1440\" src=\"https:\/\/www.directeur-artistique-freelance.fr\/graphiste\/wp-content\/uploads\/2020\/12\/res-brochure-graphisme-print-st-germain-en-laye.jpg\" class=\"attachment-full size-full\" alt=\"\" srcset=\"https:\/\/www.directeur-artistique-freelance.fr\/graphiste\/wp-content\/uploads\/2020\/12\/res-brochure-graphisme-print-st-germain-en-laye.jpg 2040w, https:\/\/www.directeur-artistique-freelance.fr\/graphiste\/wp-content\/uploads\/2020\/12\/res-brochure-graphisme-print-st-germain-en-laye-300x212.jpg 300w, https:\/\/www.directeur-artistique-freelance.fr\/graphiste\/wp-content\/uploads\/2020\/12\/res-brochure-graphisme-print-st-germain-en-laye-1024x723.jpg 1024w, https:\/\/www.directeur-artistique-freelance.fr\/graphiste\/wp-content\/uploads\/2020\/12\/res-brochure-graphisme-print-st-germain-en-laye-768x542.jpg 768w, https:\/\/www.directeur-artistique-freelance.fr\/graphiste\/wp-content\/uploads\/2020\/12\/res-brochure-graphisme-print-st-germain-en-laye-1536x1084.jpg 1536w\" sizes=\"(max-width: 2040px) 100vw, 2040px\" \/><\/a>\n\t\t\t<\/div><\/figure><figure class='gallery-item'>\n\t\t\t<div class='gallery-icon landscape'>\n\t\t\t\t<a data-elementor-open-lightbox=\"yes\" data-elementor-lightbox-slideshow=\"adce1f9\" data-elementor-lightbox-title=\"brochures-oberty-print-design-graphic\" data-e-action-hash=\"#elementor-action%3Aaction%3Dlightbox%26settings%3DeyJpZCI6MjMzNiwidXJsIjoiaHR0cHM6XC9cL3d3dy5kaXJlY3RldXItYXJ0aXN0aXF1ZS1mcmVlbGFuY2UuZnJcL2dyYXBoaXN0ZVwvd3AtY29udGVudFwvdXBsb2Fkc1wvMjAyMFwvMTJcL2Jyb2NodXJlcy1vYmVydHktcHJpbnQtZGVzaWduLWdyYXBoaWMuanBnIiwic2xpZGVzaG93IjoiYWRjZTFmOSJ9\" href='https:\/\/www.directeur-artistique-freelance.fr\/graphiste\/wp-content\/uploads\/2020\/12\/brochures-oberty-print-design-graphic.jpg'><img loading=\"lazy\" decoding=\"async\" width=\"2160\" height=\"1440\" src=\"https:\/\/www.directeur-artistique-freelance.fr\/graphiste\/wp-content\/uploads\/2020\/12\/brochures-oberty-print-design-graphic.jpg\" class=\"attachment-full size-full\" alt=\"\" srcset=\"https:\/\/www.directeur-artistique-freelance.fr\/graphiste\/wp-content\/uploads\/2020\/12\/brochures-oberty-print-design-graphic.jpg 2160w, https:\/\/www.directeur-artistique-freelance.fr\/graphiste\/wp-content\/uploads\/2020\/12\/brochures-oberty-print-design-graphic-300x200.jpg 300w, https:\/\/www.directeur-artistique-freelance.fr\/graphiste\/wp-content\/uploads\/2020\/12\/brochures-oberty-print-design-graphic-1024x683.jpg 1024w, https:\/\/www.directeur-artistique-freelance.fr\/graphiste\/wp-content\/uploads\/2020\/12\/brochures-oberty-print-design-graphic-768x512.jpg 768w, https:\/\/www.directeur-artistique-freelance.fr\/graphiste\/wp-content\/uploads\/2020\/12\/brochures-oberty-print-design-graphic-1536x1024.jpg 1536w, https:\/\/www.directeur-artistique-freelance.fr\/graphiste\/wp-content\/uploads\/2020\/12\/brochures-oberty-print-design-graphic-2048x1365.jpg 2048w\" sizes=\"(max-width: 2160px) 100vw, 2160px\" \/><\/a>\n\t\t\t<\/div><\/figure><figure class='gallery-item'>\n\t\t\t<div class='gallery-icon landscape'>\n\t\t\t\t<a data-elementor-open-lightbox=\"yes\" data-elementor-lightbox-slideshow=\"adce1f9\" data-elementor-lightbox-title=\"chemise-oberty-immo-papier-deco-immo-reno\" data-e-action-hash=\"#elementor-action%3Aaction%3Dlightbox%26settings%3DeyJpZCI6MjMzOCwidXJsIjoiaHR0cHM6XC9cL3d3dy5kaXJlY3RldXItYXJ0aXN0aXF1ZS1mcmVlbGFuY2UuZnJcL2dyYXBoaXN0ZVwvd3AtY29udGVudFwvdXBsb2Fkc1wvMjAyMFwvMTJcL2NoZW1pc2Utb2JlcnR5LWltbW8tcGFwaWVyLWRlY28taW1tby1yZW5vLmpwZyIsInNsaWRlc2hvdyI6ImFkY2UxZjkifQ%3D%3D\" href='https:\/\/www.directeur-artistique-freelance.fr\/graphiste\/wp-content\/uploads\/2020\/12\/chemise-oberty-immo-papier-deco-immo-reno.jpg'><img loading=\"lazy\" decoding=\"async\" width=\"2160\" height=\"1440\" src=\"https:\/\/www.directeur-artistique-freelance.fr\/graphiste\/wp-content\/uploads\/2020\/12\/chemise-oberty-immo-papier-deco-immo-reno.jpg\" class=\"attachment-full size-full\" alt=\"\" srcset=\"https:\/\/www.directeur-artistique-freelance.fr\/graphiste\/wp-content\/uploads\/2020\/12\/chemise-oberty-immo-papier-deco-immo-reno.jpg 2160w, https:\/\/www.directeur-artistique-freelance.fr\/graphiste\/wp-content\/uploads\/2020\/12\/chemise-oberty-immo-papier-deco-immo-reno-300x200.jpg 300w, https:\/\/www.directeur-artistique-freelance.fr\/graphiste\/wp-content\/uploads\/2020\/12\/chemise-oberty-immo-papier-deco-immo-reno-1024x683.jpg 1024w, https:\/\/www.directeur-artistique-freelance.fr\/graphiste\/wp-content\/uploads\/2020\/12\/chemise-oberty-immo-papier-deco-immo-reno-768x512.jpg 768w, https:\/\/www.directeur-artistique-freelance.fr\/graphiste\/wp-content\/uploads\/2020\/12\/chemise-oberty-immo-papier-deco-immo-reno-1536x1024.jpg 1536w, https:\/\/www.directeur-artistique-freelance.fr\/graphiste\/wp-content\/uploads\/2020\/12\/chemise-oberty-immo-papier-deco-immo-reno-2048x1365.jpg 2048w\" sizes=\"(max-width: 2160px) 100vw, 2160px\" \/><\/a>\n\t\t\t<\/div><\/figure><figure class='gallery-item'>\n\t\t\t<div class='gallery-icon landscape'>\n\t\t\t\t<a data-elementor-open-lightbox=\"yes\" data-elementor-lightbox-slideshow=\"adce1f9\" data-elementor-lightbox-title=\"carte-visite-graphisme-freelance-print-oberty\" data-e-action-hash=\"#elementor-action%3Aaction%3Dlightbox%26settings%3DeyJpZCI6MjMzNywidXJsIjoiaHR0cHM6XC9cL3d3dy5kaXJlY3RldXItYXJ0aXN0aXF1ZS1mcmVlbGFuY2UuZnJcL2dyYXBoaXN0ZVwvd3AtY29udGVudFwvdXBsb2Fkc1wvMjAyMFwvMTJcL2NhcnRlLXZpc2l0ZS1ncmFwaGlzbWUtZnJlZWxhbmNlLXByaW50LW9iZXJ0eS5qcGciLCJzbGlkZXNob3ciOiJhZGNlMWY5In0%3D\" href='https:\/\/www.directeur-artistique-freelance.fr\/graphiste\/wp-content\/uploads\/2020\/12\/carte-visite-graphisme-freelance-print-oberty.jpg'><img loading=\"lazy\" decoding=\"async\" width=\"2161\" height=\"1440\" src=\"https:\/\/www.directeur-artistique-freelance.fr\/graphiste\/wp-content\/uploads\/2020\/12\/carte-visite-graphisme-freelance-print-oberty.jpg\" class=\"attachment-full size-full\" alt=\"\" srcset=\"https:\/\/www.directeur-artistique-freelance.fr\/graphiste\/wp-content\/uploads\/2020\/12\/carte-visite-graphisme-freelance-print-oberty.jpg 2161w, https:\/\/www.directeur-artistique-freelance.fr\/graphiste\/wp-content\/uploads\/2020\/12\/carte-visite-graphisme-freelance-print-oberty-300x200.jpg 300w, https:\/\/www.directeur-artistique-freelance.fr\/graphiste\/wp-content\/uploads\/2020\/12\/carte-visite-graphisme-freelance-print-oberty-1024x682.jpg 1024w, https:\/\/www.directeur-artistique-freelance.fr\/graphiste\/wp-content\/uploads\/2020\/12\/carte-visite-graphisme-freelance-print-oberty-768x512.jpg 768w, https:\/\/www.directeur-artistique-freelance.fr\/graphiste\/wp-content\/uploads\/2020\/12\/carte-visite-graphisme-freelance-print-oberty-1536x1024.jpg 1536w, https:\/\/www.directeur-artistique-freelance.fr\/graphiste\/wp-content\/uploads\/2020\/12\/carte-visite-graphisme-freelance-print-oberty-2048x1365.jpg 2048w\" sizes=\"(max-width: 2161px) 100vw, 2161px\" \/><\/a>\n\t\t\t<\/div><\/figure><figure class='gallery-item'>\n\t\t\t<div class='gallery-icon landscape'>\n\t\t\t\t<a data-elementor-open-lightbox=\"yes\" data-elementor-lightbox-slideshow=\"adce1f9\" data-elementor-lightbox-title=\"site-internet-design-graphique-\" data-e-action-hash=\"#elementor-action%3Aaction%3Dlightbox%26settings%3DeyJpZCI6MjM0NSwidXJsIjoiaHR0cHM6XC9cL3d3dy5kaXJlY3RldXItYXJ0aXN0aXF1ZS1mcmVlbGFuY2UuZnJcL2dyYXBoaXN0ZVwvd3AtY29udGVudFwvdXBsb2Fkc1wvMjAyMFwvMTJcL3NpdGUtaW50ZXJuZXQtZGVzaWduLWdyYXBoaXF1ZS0uanBnIiwic2xpZGVzaG93IjoiYWRjZTFmOSJ9\" href='https:\/\/www.directeur-artistique-freelance.fr\/graphiste\/wp-content\/uploads\/2020\/12\/site-internet-design-graphique-.jpg'><img loading=\"lazy\" decoding=\"async\" width=\"2160\" height=\"1440\" src=\"https:\/\/www.directeur-artistique-freelance.fr\/graphiste\/wp-content\/uploads\/2020\/12\/site-internet-design-graphique-.jpg\" class=\"attachment-full size-full\" alt=\"\" srcset=\"https:\/\/www.directeur-artistique-freelance.fr\/graphiste\/wp-content\/uploads\/2020\/12\/site-internet-design-graphique-.jpg 2160w, https:\/\/www.directeur-artistique-freelance.fr\/graphiste\/wp-content\/uploads\/2020\/12\/site-internet-design-graphique--300x200.jpg 300w, https:\/\/www.directeur-artistique-freelance.fr\/graphiste\/wp-content\/uploads\/2020\/12\/site-internet-design-graphique--1024x683.jpg 1024w, https:\/\/www.directeur-artistique-freelance.fr\/graphiste\/wp-content\/uploads\/2020\/12\/site-internet-design-graphique--768x512.jpg 768w, https:\/\/www.directeur-artistique-freelance.fr\/graphiste\/wp-content\/uploads\/2020\/12\/site-internet-design-graphique--1536x1024.jpg 1536w, https:\/\/www.directeur-artistique-freelance.fr\/graphiste\/wp-content\/uploads\/2020\/12\/site-internet-design-graphique--2048x1365.jpg 2048w\" sizes=\"(max-width: 2160px) 100vw, 2160px\" \/><\/a>\n\t\t\t<\/div><\/figure><figure class='gallery-item'>\n\t\t\t<div class='gallery-icon landscape'>\n\t\t\t\t<a data-elementor-open-lightbox=\"yes\" data-elementor-lightbox-slideshow=\"adce1f9\" data-elementor-lightbox-title=\"brochure-promoteur-oberty-immobilier-design-leaflet-print-recto\" data-e-action-hash=\"#elementor-action%3Aaction%3Dlightbox%26settings%3DeyJpZCI6MzQ4MCwidXJsIjoiaHR0cHM6XC9cL3d3dy5kaXJlY3RldXItYXJ0aXN0aXF1ZS1mcmVlbGFuY2UuZnJcL2dyYXBoaXN0ZVwvd3AtY29udGVudFwvdXBsb2Fkc1wvMjAyMlwvMTJcL2Jyb2NodXJlLXByb21vdGV1ci1vYmVydHktaW1tb2JpbGllci1kZXNpZ24tbGVhZmxldC1wcmludC1yZWN0by5qcGciLCJzbGlkZXNob3ciOiJhZGNlMWY5In0%3D\" href='https:\/\/www.directeur-artistique-freelance.fr\/graphiste\/wp-content\/uploads\/2022\/12\/brochure-promoteur-oberty-immobilier-design-leaflet-print-recto.jpg'><img loading=\"lazy\" decoding=\"async\" width=\"900\" height=\"635\" src=\"https:\/\/www.directeur-artistique-freelance.fr\/graphiste\/wp-content\/uploads\/2022\/12\/brochure-promoteur-oberty-immobilier-design-leaflet-print-recto.jpg\" class=\"attachment-full size-full\" alt=\"\" srcset=\"https:\/\/www.directeur-artistique-freelance.fr\/graphiste\/wp-content\/uploads\/2022\/12\/brochure-promoteur-oberty-immobilier-design-leaflet-print-recto.jpg 900w, https:\/\/www.directeur-artistique-freelance.fr\/graphiste\/wp-content\/uploads\/2022\/12\/brochure-promoteur-oberty-immobilier-design-leaflet-print-recto-300x212.jpg 300w, https:\/\/www.directeur-artistique-freelance.fr\/graphiste\/wp-content\/uploads\/2022\/12\/brochure-promoteur-oberty-immobilier-design-leaflet-print-recto-768x542.jpg 768w\" sizes=\"(max-width: 900px) 100vw, 900px\" \/><\/a>\n\t\t\t<\/div><\/figure><figure class='gallery-item'>\n\t\t\t<div class='gallery-icon landscape'>\n\t\t\t\t<a data-elementor-open-lightbox=\"yes\" data-elementor-lightbox-slideshow=\"adce1f9\" data-elementor-lightbox-title=\"oberty-brochure-promoteur-immobilier-vente-location-design-graphique-leaflet-print-crea\" data-e-action-hash=\"#elementor-action%3Aaction%3Dlightbox%26settings%3DeyJpZCI6MzQ4MSwidXJsIjoiaHR0cHM6XC9cL3d3dy5kaXJlY3RldXItYXJ0aXN0aXF1ZS1mcmVlbGFuY2UuZnJcL2dyYXBoaXN0ZVwvd3AtY29udGVudFwvdXBsb2Fkc1wvMjAyMlwvMTJcL29iZXJ0eS1icm9jaHVyZS1wcm9tb3RldXItaW1tb2JpbGllci12ZW50ZS1sb2NhdGlvbi1kZXNpZ24tZ3JhcGhpcXVlLWxlYWZsZXQtcHJpbnQtY3JlYS5qcGciLCJzbGlkZXNob3ciOiJhZGNlMWY5In0%3D\" href='https:\/\/www.directeur-artistique-freelance.fr\/graphiste\/wp-content\/uploads\/2022\/12\/oberty-brochure-promoteur-immobilier-vente-location-design-graphique-leaflet-print-crea.jpg'><img loading=\"lazy\" decoding=\"async\" width=\"900\" height=\"635\" src=\"https:\/\/www.directeur-artistique-freelance.fr\/graphiste\/wp-content\/uploads\/2022\/12\/oberty-brochure-promoteur-immobilier-vente-location-design-graphique-leaflet-print-crea.jpg\" class=\"attachment-full size-full\" alt=\"\" srcset=\"https:\/\/www.directeur-artistique-freelance.fr\/graphiste\/wp-content\/uploads\/2022\/12\/oberty-brochure-promoteur-immobilier-vente-location-design-graphique-leaflet-print-crea.jpg 900w, https:\/\/www.directeur-artistique-freelance.fr\/graphiste\/wp-content\/uploads\/2022\/12\/oberty-brochure-promoteur-immobilier-vente-location-design-graphique-leaflet-print-crea-300x212.jpg 300w, https:\/\/www.directeur-artistique-freelance.fr\/graphiste\/wp-content\/uploads\/2022\/12\/oberty-brochure-promoteur-immobilier-vente-location-design-graphique-leaflet-print-crea-768x542.jpg 768w\" sizes=\"(max-width: 900px) 100vw, 900px\" \/><\/a>\n\t\t\t<\/div><\/figure><figure class='gallery-item'>\n\t\t\t<div class='gallery-icon landscape'>\n\t\t\t\t<a data-elementor-open-lightbox=\"yes\" data-elementor-lightbox-slideshow=\"adce1f9\" data-elementor-lightbox-title=\"oberty-brochure-promoteur-immobilier-vente-location-design-graphique-leaflet-print-crea\" data-e-action-hash=\"#elementor-action%3Aaction%3Dlightbox%26settings%3DeyJpZCI6MzU1MCwidXJsIjoiaHR0cHM6XC9cL3d3dy5kaXJlY3RldXItYXJ0aXN0aXF1ZS1mcmVlbGFuY2UuZnJcL2dyYXBoaXN0ZVwvd3AtY29udGVudFwvdXBsb2Fkc1wvMjAyM1wvMDNcL29iZXJ0eS1icm9jaHVyZS0wNC1kZXNpZ24tZ3JhcGhpc3RlLmpwZyIsInNsaWRlc2hvdyI6ImFkY2UxZjkifQ%3D%3D\" href='https:\/\/www.directeur-artistique-freelance.fr\/graphiste\/wp-content\/uploads\/2023\/03\/oberty-brochure-04-design-graphiste.jpg'><img loading=\"lazy\" decoding=\"async\" width=\"1920\" height=\"1440\" src=\"https:\/\/www.directeur-artistique-freelance.fr\/graphiste\/wp-content\/uploads\/2023\/03\/oberty-brochure-04-design-graphiste.jpg\" class=\"attachment-full size-full\" alt=\"graphiste, design, brochure, immobilier, location, vente\" srcset=\"https:\/\/www.directeur-artistique-freelance.fr\/graphiste\/wp-content\/uploads\/2023\/03\/oberty-brochure-04-design-graphiste.jpg 1920w, https:\/\/www.directeur-artistique-freelance.fr\/graphiste\/wp-content\/uploads\/2023\/03\/oberty-brochure-04-design-graphiste-300x225.jpg 300w, https:\/\/www.directeur-artistique-freelance.fr\/graphiste\/wp-content\/uploads\/2023\/03\/oberty-brochure-04-design-graphiste-1024x768.jpg 1024w, https:\/\/www.directeur-artistique-freelance.fr\/graphiste\/wp-content\/uploads\/2023\/03\/oberty-brochure-04-design-graphiste-768x576.jpg 768w, https:\/\/www.directeur-artistique-freelance.fr\/graphiste\/wp-content\/uploads\/2023\/03\/oberty-brochure-04-design-graphiste-1536x1152.jpg 1536w\" sizes=\"(max-width: 1920px) 100vw, 1920px\" \/><\/a>\n\t\t\t<\/div><\/figure><figure class='gallery-item'>\n\t\t\t<div class='gallery-icon landscape'>\n\t\t\t\t<a data-elementor-open-lightbox=\"yes\" data-elementor-lightbox-slideshow=\"adce1f9\" data-elementor-lightbox-title=\"oberty-brochure-promoteur-immobilier-vente-location-design-graphique-leaflet-print-crea\" data-e-action-hash=\"#elementor-action%3Aaction%3Dlightbox%26settings%3DeyJpZCI6MzU0OCwidXJsIjoiaHR0cHM6XC9cL3d3dy5kaXJlY3RldXItYXJ0aXN0aXF1ZS1mcmVlbGFuY2UuZnJcL2dyYXBoaXN0ZVwvd3AtY29udGVudFwvdXBsb2Fkc1wvMjAyM1wvMDNcL29iZXJ0eS1icm9jaHVyZS0wMi1sb2NhdGlvbi12ZW50ZS1pbW1vYmlsaWVyLmpwZyIsInNsaWRlc2hvdyI6ImFkY2UxZjkifQ%3D%3D\" href='https:\/\/www.directeur-artistique-freelance.fr\/graphiste\/wp-content\/uploads\/2023\/03\/oberty-brochure-02-location-vente-immobilier.jpg'><img loading=\"lazy\" decoding=\"async\" width=\"1920\" height=\"1440\" src=\"https:\/\/www.directeur-artistique-freelance.fr\/graphiste\/wp-content\/uploads\/2023\/03\/oberty-brochure-02-location-vente-immobilier.jpg\" class=\"attachment-full size-full\" alt=\"creation, design, edition, print\" srcset=\"https:\/\/www.directeur-artistique-freelance.fr\/graphiste\/wp-content\/uploads\/2023\/03\/oberty-brochure-02-location-vente-immobilier.jpg 1920w, https:\/\/www.directeur-artistique-freelance.fr\/graphiste\/wp-content\/uploads\/2023\/03\/oberty-brochure-02-location-vente-immobilier-300x225.jpg 300w, https:\/\/www.directeur-artistique-freelance.fr\/graphiste\/wp-content\/uploads\/2023\/03\/oberty-brochure-02-location-vente-immobilier-1024x768.jpg 1024w, https:\/\/www.directeur-artistique-freelance.fr\/graphiste\/wp-content\/uploads\/2023\/03\/oberty-brochure-02-location-vente-immobilier-768x576.jpg 768w, https:\/\/www.directeur-artistique-freelance.fr\/graphiste\/wp-content\/uploads\/2023\/03\/oberty-brochure-02-location-vente-immobilier-1536x1152.jpg 1536w\" sizes=\"(max-width: 1920px) 100vw, 1920px\" \/><\/a>\n\t\t\t<\/div><\/figure><figure class='gallery-item'>\n\t\t\t<div class='gallery-icon landscape'>\n\t\t\t\t<a data-elementor-open-lightbox=\"yes\" data-elementor-lightbox-slideshow=\"adce1f9\" data-elementor-lightbox-title=\"oberty-brochure-promoteur-immobilier-vente-location-design-graphique-leaflet-print-crea\" data-e-action-hash=\"#elementor-action%3Aaction%3Dlightbox%26settings%3DeyJpZCI6MzU0NywidXJsIjoiaHR0cHM6XC9cL3d3dy5kaXJlY3RldXItYXJ0aXN0aXF1ZS1mcmVlbGFuY2UuZnJcL2dyYXBoaXN0ZVwvd3AtY29udGVudFwvdXBsb2Fkc1wvMjAyM1wvMDNcL29iZXJ0eS1icm9jaHVyZS0wMS1kZWNvcmF0aW9uLWFtZW5hZ2VtZW50LmpwZyIsInNsaWRlc2hvdyI6ImFkY2UxZjkifQ%3D%3D\" href='https:\/\/www.directeur-artistique-freelance.fr\/graphiste\/wp-content\/uploads\/2023\/03\/oberty-brochure-01-decoration-amenagement.jpg'><img loading=\"lazy\" decoding=\"async\" width=\"1920\" height=\"1440\" src=\"https:\/\/www.directeur-artistique-freelance.fr\/graphiste\/wp-content\/uploads\/2023\/03\/oberty-brochure-01-decoration-amenagement.jpg\" class=\"attachment-full size-full\" alt=\"design, print, brochure, edition\" srcset=\"https:\/\/www.directeur-artistique-freelance.fr\/graphiste\/wp-content\/uploads\/2023\/03\/oberty-brochure-01-decoration-amenagement.jpg 1920w, https:\/\/www.directeur-artistique-freelance.fr\/graphiste\/wp-content\/uploads\/2023\/03\/oberty-brochure-01-decoration-amenagement-300x225.jpg 300w, https:\/\/www.directeur-artistique-freelance.fr\/graphiste\/wp-content\/uploads\/2023\/03\/oberty-brochure-01-decoration-amenagement-1024x768.jpg 1024w, https:\/\/www.directeur-artistique-freelance.fr\/graphiste\/wp-content\/uploads\/2023\/03\/oberty-brochure-01-decoration-amenagement-768x576.jpg 768w, https:\/\/www.directeur-artistique-freelance.fr\/graphiste\/wp-content\/uploads\/2023\/03\/oberty-brochure-01-decoration-amenagement-1536x1152.jpg 1536w\" sizes=\"(max-width: 1920px) 100vw, 1920px\" \/><\/a>\n\t\t\t<\/div><\/figure><figure class='gallery-item'>\n\t\t\t<div class='gallery-icon landscape'>\n\t\t\t\t<a data-elementor-open-lightbox=\"yes\" data-elementor-lightbox-slideshow=\"adce1f9\" data-elementor-lightbox-title=\"oberty-brochure-promoteur-immobilier-vente-location-design-graphique-leaflet-print-crea\" data-e-action-hash=\"#elementor-action%3Aaction%3Dlightbox%26settings%3DeyJpZCI6MzU0OSwidXJsIjoiaHR0cHM6XC9cL3d3dy5kaXJlY3RldXItYXJ0aXN0aXF1ZS1mcmVlbGFuY2UuZnJcL2dyYXBoaXN0ZVwvd3AtY29udGVudFwvdXBsb2Fkc1wvMjAyM1wvMDNcL29iZXJ0eS1icm9jaHVyZS0wMy1wcmludC1kZXNpZ24taW1tb2JpbGllci5qcGciLCJzbGlkZXNob3ciOiJhZGNlMWY5In0%3D\" href='https:\/\/www.directeur-artistique-freelance.fr\/graphiste\/wp-content\/uploads\/2023\/03\/oberty-brochure-03-print-design-immobilier.jpg'><img loading=\"lazy\" decoding=\"async\" width=\"1920\" height=\"1440\" src=\"https:\/\/www.directeur-artistique-freelance.fr\/graphiste\/wp-content\/uploads\/2023\/03\/oberty-brochure-03-print-design-immobilier.jpg\" class=\"attachment-full size-full\" alt=\"direction, artistique, edition, brochure\" srcset=\"https:\/\/www.directeur-artistique-freelance.fr\/graphiste\/wp-content\/uploads\/2023\/03\/oberty-brochure-03-print-design-immobilier.jpg 1920w, https:\/\/www.directeur-artistique-freelance.fr\/graphiste\/wp-content\/uploads\/2023\/03\/oberty-brochure-03-print-design-immobilier-300x225.jpg 300w, https:\/\/www.directeur-artistique-freelance.fr\/graphiste\/wp-content\/uploads\/2023\/03\/oberty-brochure-03-print-design-immobilier-1024x768.jpg 1024w, https:\/\/www.directeur-artistique-freelance.fr\/graphiste\/wp-content\/uploads\/2023\/03\/oberty-brochure-03-print-design-immobilier-768x576.jpg 768w, https:\/\/www.directeur-artistique-freelance.fr\/graphiste\/wp-content\/uploads\/2023\/03\/oberty-brochure-03-print-design-immobilier-1536x1152.jpg 1536w\" sizes=\"(max-width: 1920px) 100vw, 1920px\" \/><\/a>\n\t\t\t<\/div><\/figure><figure class='gallery-item'>\n\t\t\t<div class='gallery-icon landscape'>\n\t\t\t\t<a data-elementor-open-lightbox=\"yes\" data-elementor-lightbox-slideshow=\"adce1f9\" data-elementor-lightbox-title=\"oberty-brochure-promoteur-immobilier-vente-location-design-graphique-leaflet-print-crea\" data-e-action-hash=\"#elementor-action%3Aaction%3Dlightbox%26settings%3DeyJpZCI6MzU1MiwidXJsIjoiaHR0cHM6XC9cL3d3dy5kaXJlY3RldXItYXJ0aXN0aXF1ZS1mcmVlbGFuY2UuZnJcL2dyYXBoaXN0ZVwvd3AtY29udGVudFwvdXBsb2Fkc1wvMjAyM1wvMDNcL29iZXJ0eS1icm9jaHVyZS0wNi1kZXNpZ24tcHJpbnQtZWRpdGlvbi1ncmFwaGlxdGUuanBnIiwic2xpZGVzaG93IjoiYWRjZTFmOSJ9\" href='https:\/\/www.directeur-artistique-freelance.fr\/graphiste\/wp-content\/uploads\/2023\/03\/oberty-brochure-06-design-print-edition-graphiqte.jpg'><img loading=\"lazy\" decoding=\"async\" width=\"1920\" height=\"1440\" src=\"https:\/\/www.directeur-artistique-freelance.fr\/graphiste\/wp-content\/uploads\/2023\/03\/oberty-brochure-06-design-print-edition-graphiqte.jpg\" class=\"attachment-full size-full\" alt=\"design, brochure, edition, immobilier, vente, location\" srcset=\"https:\/\/www.directeur-artistique-freelance.fr\/graphiste\/wp-content\/uploads\/2023\/03\/oberty-brochure-06-design-print-edition-graphiqte.jpg 1920w, https:\/\/www.directeur-artistique-freelance.fr\/graphiste\/wp-content\/uploads\/2023\/03\/oberty-brochure-06-design-print-edition-graphiqte-300x225.jpg 300w, https:\/\/www.directeur-artistique-freelance.fr\/graphiste\/wp-content\/uploads\/2023\/03\/oberty-brochure-06-design-print-edition-graphiqte-1024x768.jpg 1024w, https:\/\/www.directeur-artistique-freelance.fr\/graphiste\/wp-content\/uploads\/2023\/03\/oberty-brochure-06-design-print-edition-graphiqte-768x576.jpg 768w, https:\/\/www.directeur-artistique-freelance.fr\/graphiste\/wp-content\/uploads\/2023\/03\/oberty-brochure-06-design-print-edition-graphiqte-1536x1152.jpg 1536w\" sizes=\"(max-width: 1920px) 100vw, 1920px\" \/><\/a>\n\t\t\t<\/div><\/figure><figure class='gallery-item'>\n\t\t\t<div class='gallery-icon landscape'>\n\t\t\t\t<a data-elementor-open-lightbox=\"yes\" data-elementor-lightbox-slideshow=\"adce1f9\" data-elementor-lightbox-title=\"oberty-brochure-promoteur-immobilier-vente-location-design-graphique-leaflet-print-crea\" data-e-action-hash=\"#elementor-action%3Aaction%3Dlightbox%26settings%3DeyJpZCI6MzU1MSwidXJsIjoiaHR0cHM6XC9cL3d3dy5kaXJlY3RldXItYXJ0aXN0aXF1ZS1mcmVlbGFuY2UuZnJcL2dyYXBoaXN0ZVwvd3AtY29udGVudFwvdXBsb2Fkc1wvMjAyM1wvMDNcL29iZXJ0eS1icm9jaHVyZS0wNS1mcmVlbGFuY2UtZGlyZWN0ZXVyLWFydGlzdGlxdWUuanBnIiwic2xpZGVzaG93IjoiYWRjZTFmOSJ9\" href='https:\/\/www.directeur-artistique-freelance.fr\/graphiste\/wp-content\/uploads\/2023\/03\/oberty-brochure-05-freelance-directeur-artistique.jpg'><img loading=\"lazy\" decoding=\"async\" width=\"1920\" height=\"1440\" src=\"https:\/\/www.directeur-artistique-freelance.fr\/graphiste\/wp-content\/uploads\/2023\/03\/oberty-brochure-05-freelance-directeur-artistique.jpg\" class=\"attachment-full size-full\" alt=\"creation, sur-mesure, design, graphisme, identit\u00e9 visuelle\" srcset=\"https:\/\/www.directeur-artistique-freelance.fr\/graphiste\/wp-content\/uploads\/2023\/03\/oberty-brochure-05-freelance-directeur-artistique.jpg 1920w, https:\/\/www.directeur-artistique-freelance.fr\/graphiste\/wp-content\/uploads\/2023\/03\/oberty-brochure-05-freelance-directeur-artistique-300x225.jpg 300w, https:\/\/www.directeur-artistique-freelance.fr\/graphiste\/wp-content\/uploads\/2023\/03\/oberty-brochure-05-freelance-directeur-artistique-1024x768.jpg 1024w, https:\/\/www.directeur-artistique-freelance.fr\/graphiste\/wp-content\/uploads\/2023\/03\/oberty-brochure-05-freelance-directeur-artistique-768x576.jpg 768w, https:\/\/www.directeur-artistique-freelance.fr\/graphiste\/wp-content\/uploads\/2023\/03\/oberty-brochure-05-freelance-directeur-artistique-1536x1152.jpg 1536w\" sizes=\"(max-width: 1920px) 100vw, 1920px\" \/><\/a>\n\t\t\t<\/div><\/figure><figure class='gallery-item'>\n\t\t\t<div class='gallery-icon landscape'>\n\t\t\t\t<a data-elementor-open-lightbox=\"yes\" data-elementor-lightbox-slideshow=\"adce1f9\" data-elementor-lightbox-title=\"A6 Landscape Flyer, Postcard, Greeting Card Mockup\" data-e-action-hash=\"#elementor-action%3Aaction%3Dlightbox%26settings%3DeyJpZCI6MzQ3NSwidXJsIjoiaHR0cHM6XC9cL3d3dy5kaXJlY3RldXItYXJ0aXN0aXF1ZS1mcmVlbGFuY2UuZnJcL2dyYXBoaXN0ZVwvd3AtY29udGVudFwvdXBsb2Fkc1wvMjAyMlwvMTJcL29iZXJ0eS1pbGx1c3RyYXRpb25zLWVxdWlwZS1wZXJzb25uYWdlcy1jYXJ0ZS1kZS12b2V1eC0yMDIxLTIwMjIuanBnIiwic2xpZGVzaG93IjoiYWRjZTFmOSJ9\" href='https:\/\/www.directeur-artistique-freelance.fr\/graphiste\/wp-content\/uploads\/2022\/12\/oberty-illustrations-equipe-personnages-carte-de-voeux-2021-2022.jpg'><img loading=\"lazy\" decoding=\"async\" width=\"900\" height=\"600\" src=\"https:\/\/www.directeur-artistique-freelance.fr\/graphiste\/wp-content\/uploads\/2022\/12\/oberty-illustrations-equipe-personnages-carte-de-voeux-2021-2022.jpg\" class=\"attachment-full size-full\" alt=\"\" srcset=\"https:\/\/www.directeur-artistique-freelance.fr\/graphiste\/wp-content\/uploads\/2022\/12\/oberty-illustrations-equipe-personnages-carte-de-voeux-2021-2022.jpg 900w, https:\/\/www.directeur-artistique-freelance.fr\/graphiste\/wp-content\/uploads\/2022\/12\/oberty-illustrations-equipe-personnages-carte-de-voeux-2021-2022-300x200.jpg 300w, https:\/\/www.directeur-artistique-freelance.fr\/graphiste\/wp-content\/uploads\/2022\/12\/oberty-illustrations-equipe-personnages-carte-de-voeux-2021-2022-768x512.jpg 768w\" sizes=\"(max-width: 900px) 100vw, 900px\" \/><\/a>\n\t\t\t<\/div><\/figure><figure class='gallery-item'>\n\t\t\t<div class='gallery-icon landscape'>\n\t\t\t\t<a data-elementor-open-lightbox=\"yes\" data-elementor-lightbox-slideshow=\"adce1f9\" data-elementor-lightbox-title=\"A6 Landscape Flyer, Postcard, Greeting Card Mockup\" data-e-action-hash=\"#elementor-action%3Aaction%3Dlightbox%26settings%3DeyJpZCI6MzU2OCwidXJsIjoiaHR0cHM6XC9cL3d3dy5kaXJlY3RldXItYXJ0aXN0aXF1ZS1mcmVlbGFuY2UuZnJcL2dyYXBoaXN0ZVwvd3AtY29udGVudFwvdXBsb2Fkc1wvMjAyM1wvMDNcL2ZseWVyLWNhcnRlLWNhZGVhdS1vYmVydHktY2VyaXNlLXN1ci1sYS1kZWNvLmpwZyIsInNsaWRlc2hvdyI6ImFkY2UxZjkifQ%3D%3D\" href='https:\/\/www.directeur-artistique-freelance.fr\/graphiste\/wp-content\/uploads\/2023\/03\/flyer-carte-cadeau-oberty-cerise-sur-la-deco.jpg'><img loading=\"lazy\" decoding=\"async\" width=\"1920\" height=\"1440\" src=\"https:\/\/www.directeur-artistique-freelance.fr\/graphiste\/wp-content\/uploads\/2023\/03\/flyer-carte-cadeau-oberty-cerise-sur-la-deco.jpg\" class=\"attachment-full size-full\" alt=\"flyer, carte cadeau-design-a5\" srcset=\"https:\/\/www.directeur-artistique-freelance.fr\/graphiste\/wp-content\/uploads\/2023\/03\/flyer-carte-cadeau-oberty-cerise-sur-la-deco.jpg 1920w, https:\/\/www.directeur-artistique-freelance.fr\/graphiste\/wp-content\/uploads\/2023\/03\/flyer-carte-cadeau-oberty-cerise-sur-la-deco-300x225.jpg 300w, https:\/\/www.directeur-artistique-freelance.fr\/graphiste\/wp-content\/uploads\/2023\/03\/flyer-carte-cadeau-oberty-cerise-sur-la-deco-1024x768.jpg 1024w, https:\/\/www.directeur-artistique-freelance.fr\/graphiste\/wp-content\/uploads\/2023\/03\/flyer-carte-cadeau-oberty-cerise-sur-la-deco-768x576.jpg 768w, https:\/\/www.directeur-artistique-freelance.fr\/graphiste\/wp-content\/uploads\/2023\/03\/flyer-carte-cadeau-oberty-cerise-sur-la-deco-1536x1152.jpg 1536w\" sizes=\"(max-width: 1920px) 100vw, 1920px\" \/><\/a>\n\t\t\t<\/div><\/figure>\n\t\t<\/div>\n\t\t<\/div>\n\t\t\t\t\t\t<\/div>\n\t\t\t\t<\/div>\n\t\t\t\t\t<\/div>\n\t\t<\/div>\n\t\t\t\t\t<\/div>\n\t\t<\/section>\n\t\t\t\t<section class=\"elementor-section elementor-top-section elementor-element elementor-element-c3cb3cf elementor-section-boxed elementor-section-height-default elementor-section-height-default\" data-id=\"c3cb3cf\" data-element_type=\"section\">\n\t\t\t\t\t\t<div class=\"elementor-container elementor-column-gap-default\">\n\t\t\t\t\t<div class=\"elementor-column elementor-col-100 elementor-top-column elementor-element elementor-element-58dc306\" data-id=\"58dc306\" data-element_type=\"column\">\n\t\t\t<div class=\"elementor-widget-wrap elementor-element-populated\">\n\t\t\t\t\t\t<div class=\"elementor-element elementor-element-403a595 elementor-widget elementor-widget-image\" data-id=\"403a595\" data-element_type=\"widget\" data-widget_type=\"image.default\">\n\t\t\t\t<div class=\"elementor-widget-container\">\n\t\t\t\t\t\t\t\t\t\t\t\t\t\t\t<img loading=\"lazy\" decoding=\"async\" width=\"1209\" height=\"879\" src=\"https:\/\/www.directeur-artistique-freelance.fr\/graphiste\/wp-content\/uploads\/2020\/12\/CarteVoeux-Oberty_Immobilier_2024-illustration-equipe-team.jpg\" class=\"attachment-full size-full wp-image-3899\" alt=\"\" srcset=\"https:\/\/www.directeur-artistique-freelance.fr\/graphiste\/wp-content\/uploads\/2020\/12\/CarteVoeux-Oberty_Immobilier_2024-illustration-equipe-team.jpg 1209w, https:\/\/www.directeur-artistique-freelance.fr\/graphiste\/wp-content\/uploads\/2020\/12\/CarteVoeux-Oberty_Immobilier_2024-illustration-equipe-team-300x218.jpg 300w, https:\/\/www.directeur-artistique-freelance.fr\/graphiste\/wp-content\/uploads\/2020\/12\/CarteVoeux-Oberty_Immobilier_2024-illustration-equipe-team-1024x744.jpg 1024w, https:\/\/www.directeur-artistique-freelance.fr\/graphiste\/wp-content\/uploads\/2020\/12\/CarteVoeux-Oberty_Immobilier_2024-illustration-equipe-team-768x558.jpg 768w\" sizes=\"(max-width: 1209px) 100vw, 1209px\" \/>\t\t\t\t\t\t\t\t\t\t\t\t\t\t\t<\/div>\n\t\t\t\t<\/div>\n\t\t\t\t\t<\/div>\n\t\t<\/div>\n\t\t\t\t\t<\/div>\n\t\t<\/section>\n\t\t\t\t<\/div>\n\t\t","protected":false},"excerpt":{"rendered":"<p>Client: Oberty Immobilier Date: Ao\u00fbt, 2020 Oberty Immobilier Votre projet immobilier clef en main ! J&rsquo;ai \u00e9t\u00e9 contact\u00e9 par Soumeya Boissel et Aude Lemetayer pour cr\u00e9er de toutes pi\u00e8ces l&rsquo;identit\u00e9 visuelle de leur nouvelle entreprise : Oberty Immobilier. Le d\u00e9fi \u00e9tait de cr\u00e9er un logo simple, \u00e9vocateur et impactant qui repr\u00e9sentait bien leur nouveau concept [&hellip;]<\/p>\n","protected":false},"author":1,"featured_media":2356,"comment_status":"open","ping_status":"open","sticky":false,"template":"","format":"standard","meta":{"footnotes":""},"categories":[8,3,5,4],"tags":[],"class_list":["post-2325","post","type-post","status-publish","format-standard","has-post-thumbnail","hentry","category-numeriques","category-identite-visuelle","category-illustrations","category-print-edition"],"yoast_head":"<!-- This site is optimized with the Yoast SEO plugin v26.8 - https:\/\/yoast.com\/product\/yoast-seo-wordpress\/ -->\n<title>Oberty Immobilier - Graphiste Freelance<\/title>\n<meta name=\"robots\" content=\"index, follow, max-snippet:-1, max-image-preview:large, max-video-preview:-1\" \/>\n<link rel=\"canonical\" href=\"https:\/\/www.directeur-artistique-freelance.fr\/graphiste\/oberty-immobilier\/\" \/>\n<meta property=\"og:locale\" content=\"fr_FR\" \/>\n<meta property=\"og:type\" content=\"article\" \/>\n<meta property=\"og:title\" content=\"Oberty Immobilier - Graphiste Freelance\" \/>\n<meta property=\"og:description\" content=\"Client: Oberty Immobilier Date: Ao\u00fbt, 2020 Oberty Immobilier Votre projet immobilier clef en main ! J&rsquo;ai \u00e9t\u00e9 contact\u00e9 par Soumeya Boissel et Aude Lemetayer pour cr\u00e9er de toutes pi\u00e8ces l&rsquo;identit\u00e9 visuelle de leur nouvelle entreprise : Oberty Immobilier. Le d\u00e9fi \u00e9tait de cr\u00e9er un logo simple, \u00e9vocateur et impactant qui repr\u00e9sentait bien leur nouveau concept [&hellip;]\" \/>\n<meta property=\"og:url\" content=\"https:\/\/www.directeur-artistique-freelance.fr\/graphiste\/oberty-immobilier\/\" \/>\n<meta property=\"og:site_name\" content=\"Graphiste Freelance\" \/>\n<meta property=\"article:publisher\" content=\"https:\/\/www.facebook.com\/annepieusserguesdherbicourt\/\" \/>\n<meta property=\"article:published_time\" content=\"2020-12-17T21:05:56+00:00\" \/>\n<meta property=\"article:modified_time\" content=\"2024-03-26T10:45:20+00:00\" \/>\n<meta property=\"og:image\" content=\"https:\/\/www.directeur-artistique-freelance.fr\/graphiste\/wp-content\/uploads\/2020\/12\/vignette-identite-visuelle-oberty-design-immobilier.jpg\" \/>\n\t<meta property=\"og:image:width\" content=\"1460\" \/>\n\t<meta property=\"og:image:height\" content=\"1140\" \/>\n\t<meta property=\"og:image:type\" content=\"image\/jpeg\" \/>\n<meta name=\"author\" content=\"Freelance\" \/>\n<meta name=\"twitter:card\" content=\"summary_large_image\" \/>\n<meta name=\"twitter:creator\" content=\"@Cheesenane\" \/>\n<meta name=\"twitter:site\" content=\"@Cheesenane\" \/>\n<meta name=\"twitter:label1\" content=\"\u00c9crit par\" \/>\n\t<meta name=\"twitter:data1\" content=\"Freelance\" \/>\n\t<meta name=\"twitter:label2\" content=\"Dur\u00e9e de lecture estim\u00e9e\" \/>\n\t<meta name=\"twitter:data2\" content=\"6 minutes\" \/>\n<script type=\"application\/ld+json\" class=\"yoast-schema-graph\">{\"@context\":\"https:\/\/schema.org\",\"@graph\":[{\"@type\":\"Article\",\"@id\":\"https:\/\/www.directeur-artistique-freelance.fr\/graphiste\/oberty-immobilier\/#article\",\"isPartOf\":{\"@id\":\"https:\/\/www.directeur-artistique-freelance.fr\/graphiste\/oberty-immobilier\/\"},\"author\":{\"name\":\"Freelance\",\"@id\":\"https:\/\/www.directeur-artistique-freelance.fr\/graphiste\/#\/schema\/person\/7a179c6e49ca4d029f1c0f9aac0b5e03\"},\"headline\":\"Oberty Immobilier\",\"datePublished\":\"2020-12-17T21:05:56+00:00\",\"dateModified\":\"2024-03-26T10:45:20+00:00\",\"mainEntityOfPage\":{\"@id\":\"https:\/\/www.directeur-artistique-freelance.fr\/graphiste\/oberty-immobilier\/\"},\"wordCount\":152,\"commentCount\":0,\"publisher\":{\"@id\":\"https:\/\/www.directeur-artistique-freelance.fr\/graphiste\/#organization\"},\"image\":{\"@id\":\"https:\/\/www.directeur-artistique-freelance.fr\/graphiste\/oberty-immobilier\/#primaryimage\"},\"thumbnailUrl\":\"https:\/\/www.directeur-artistique-freelance.fr\/graphiste\/wp-content\/uploads\/2020\/12\/vignette-identite-visuelle-oberty-design-immobilier.jpg\",\"articleSection\":[\"Digital\",\"identit\u00e9 visuelle\",\"Illustrations\",\"Print - \u00e9dition\"],\"inLanguage\":\"fr-FR\",\"potentialAction\":[{\"@type\":\"CommentAction\",\"name\":\"Comment\",\"target\":[\"https:\/\/www.directeur-artistique-freelance.fr\/graphiste\/oberty-immobilier\/#respond\"]}]},{\"@type\":\"WebPage\",\"@id\":\"https:\/\/www.directeur-artistique-freelance.fr\/graphiste\/oberty-immobilier\/\",\"url\":\"https:\/\/www.directeur-artistique-freelance.fr\/graphiste\/oberty-immobilier\/\",\"name\":\"Oberty Immobilier - Graphiste Freelance\",\"isPartOf\":{\"@id\":\"https:\/\/www.directeur-artistique-freelance.fr\/graphiste\/#website\"},\"primaryImageOfPage\":{\"@id\":\"https:\/\/www.directeur-artistique-freelance.fr\/graphiste\/oberty-immobilier\/#primaryimage\"},\"image\":{\"@id\":\"https:\/\/www.directeur-artistique-freelance.fr\/graphiste\/oberty-immobilier\/#primaryimage\"},\"thumbnailUrl\":\"https:\/\/www.directeur-artistique-freelance.fr\/graphiste\/wp-content\/uploads\/2020\/12\/vignette-identite-visuelle-oberty-design-immobilier.jpg\",\"datePublished\":\"2020-12-17T21:05:56+00:00\",\"dateModified\":\"2024-03-26T10:45:20+00:00\",\"breadcrumb\":{\"@id\":\"https:\/\/www.directeur-artistique-freelance.fr\/graphiste\/oberty-immobilier\/#breadcrumb\"},\"inLanguage\":\"fr-FR\",\"potentialAction\":[{\"@type\":\"ReadAction\",\"target\":[\"https:\/\/www.directeur-artistique-freelance.fr\/graphiste\/oberty-immobilier\/\"]}]},{\"@type\":\"ImageObject\",\"inLanguage\":\"fr-FR\",\"@id\":\"https:\/\/www.directeur-artistique-freelance.fr\/graphiste\/oberty-immobilier\/#primaryimage\",\"url\":\"https:\/\/www.directeur-artistique-freelance.fr\/graphiste\/wp-content\/uploads\/2020\/12\/vignette-identite-visuelle-oberty-design-immobilier.jpg\",\"contentUrl\":\"https:\/\/www.directeur-artistique-freelance.fr\/graphiste\/wp-content\/uploads\/2020\/12\/vignette-identite-visuelle-oberty-design-immobilier.jpg\",\"width\":1460,\"height\":1140},{\"@type\":\"BreadcrumbList\",\"@id\":\"https:\/\/www.directeur-artistique-freelance.fr\/graphiste\/oberty-immobilier\/#breadcrumb\",\"itemListElement\":[{\"@type\":\"ListItem\",\"position\":1,\"name\":\"Accueil\",\"item\":\"https:\/\/www.directeur-artistique-freelance.fr\/graphiste\/\"},{\"@type\":\"ListItem\",\"position\":2,\"name\":\"Oberty Immobilier\"}]},{\"@type\":\"WebSite\",\"@id\":\"https:\/\/www.directeur-artistique-freelance.fr\/graphiste\/#website\",\"url\":\"https:\/\/www.directeur-artistique-freelance.fr\/graphiste\/\",\"name\":\"Graphiste Freelance\",\"description\":\"Saint Germain en Laye 78\",\"publisher\":{\"@id\":\"https:\/\/www.directeur-artistique-freelance.fr\/graphiste\/#organization\"},\"potentialAction\":[{\"@type\":\"SearchAction\",\"target\":{\"@type\":\"EntryPoint\",\"urlTemplate\":\"https:\/\/www.directeur-artistique-freelance.fr\/graphiste\/?s={search_term_string}\"},\"query-input\":{\"@type\":\"PropertyValueSpecification\",\"valueRequired\":true,\"valueName\":\"search_term_string\"}}],\"inLanguage\":\"fr-FR\"},{\"@type\":\"Organization\",\"@id\":\"https:\/\/www.directeur-artistique-freelance.fr\/graphiste\/#organization\",\"name\":\"Anne Pieussergues Dherbicourt\",\"url\":\"https:\/\/www.directeur-artistique-freelance.fr\/graphiste\/\",\"logo\":{\"@type\":\"ImageObject\",\"inLanguage\":\"fr-FR\",\"@id\":\"https:\/\/www.directeur-artistique-freelance.fr\/graphiste\/#\/schema\/logo\/image\/\",\"url\":\"https:\/\/www.directeur-artistique-freelance.fr\/graphiste\/wp-content\/uploads\/2019\/06\/graphiste-freelance-saint-germain-en-laye.png\",\"contentUrl\":\"https:\/\/www.directeur-artistique-freelance.fr\/graphiste\/wp-content\/uploads\/2019\/06\/graphiste-freelance-saint-germain-en-laye.png\",\"width\":667,\"height\":200,\"caption\":\"Anne Pieussergues Dherbicourt\"},\"image\":{\"@id\":\"https:\/\/www.directeur-artistique-freelance.fr\/graphiste\/#\/schema\/logo\/image\/\"},\"sameAs\":[\"https:\/\/www.facebook.com\/annepieusserguesdherbicourt\/\",\"https:\/\/x.com\/Cheesenane\",\"https:\/\/www.instagram.com\/anne_pieussergues_dherbicourt\/\",\"https:\/\/www.linkedin.com\/in\/anne-pieussergues-dherbicourt-61603812\/\",\"https:\/\/www.pinterest.fr\/cheesenane\/my-artwork\/\"]},{\"@type\":\"Person\",\"@id\":\"https:\/\/www.directeur-artistique-freelance.fr\/graphiste\/#\/schema\/person\/7a179c6e49ca4d029f1c0f9aac0b5e03\",\"name\":\"Freelance\",\"image\":{\"@type\":\"ImageObject\",\"inLanguage\":\"fr-FR\",\"@id\":\"https:\/\/www.directeur-artistique-freelance.fr\/graphiste\/#\/schema\/person\/image\/\",\"url\":\"https:\/\/www.directeur-artistique-freelance.fr\/graphiste\/wp-content\/litespeed\/avatar\/6f6844df38c3851153fa746d447a597e.jpg?ver=1777339941\",\"contentUrl\":\"https:\/\/www.directeur-artistique-freelance.fr\/graphiste\/wp-content\/litespeed\/avatar\/6f6844df38c3851153fa746d447a597e.jpg?ver=1777339941\",\"caption\":\"Freelance\"},\"url\":\"https:\/\/www.directeur-artistique-freelance.fr\/graphiste\/author\/freelance\/\"}]}<\/script>\n<!-- \/ Yoast SEO plugin. -->","yoast_head_json":{"title":"Oberty Immobilier - Graphiste Freelance","robots":{"index":"index","follow":"follow","max-snippet":"max-snippet:-1","max-image-preview":"max-image-preview:large","max-video-preview":"max-video-preview:-1"},"canonical":"https:\/\/www.directeur-artistique-freelance.fr\/graphiste\/oberty-immobilier\/","og_locale":"fr_FR","og_type":"article","og_title":"Oberty Immobilier - Graphiste Freelance","og_description":"Client: Oberty Immobilier Date: Ao\u00fbt, 2020 Oberty Immobilier Votre projet immobilier clef en main ! J&rsquo;ai \u00e9t\u00e9 contact\u00e9 par Soumeya Boissel et Aude Lemetayer pour cr\u00e9er de toutes pi\u00e8ces l&rsquo;identit\u00e9 visuelle de leur nouvelle entreprise : Oberty Immobilier. Le d\u00e9fi \u00e9tait de cr\u00e9er un logo simple, \u00e9vocateur et impactant qui repr\u00e9sentait bien leur nouveau concept [&hellip;]","og_url":"https:\/\/www.directeur-artistique-freelance.fr\/graphiste\/oberty-immobilier\/","og_site_name":"Graphiste Freelance","article_publisher":"https:\/\/www.facebook.com\/annepieusserguesdherbicourt\/","article_published_time":"2020-12-17T21:05:56+00:00","article_modified_time":"2024-03-26T10:45:20+00:00","og_image":[{"width":1460,"height":1140,"url":"https:\/\/www.directeur-artistique-freelance.fr\/graphiste\/wp-content\/uploads\/2020\/12\/vignette-identite-visuelle-oberty-design-immobilier.jpg","type":"image\/jpeg"}],"author":"Freelance","twitter_card":"summary_large_image","twitter_creator":"@Cheesenane","twitter_site":"@Cheesenane","twitter_misc":{"\u00c9crit par":"Freelance","Dur\u00e9e de lecture estim\u00e9e":"6 minutes"},"schema":{"@context":"https:\/\/schema.org","@graph":[{"@type":"Article","@id":"https:\/\/www.directeur-artistique-freelance.fr\/graphiste\/oberty-immobilier\/#article","isPartOf":{"@id":"https:\/\/www.directeur-artistique-freelance.fr\/graphiste\/oberty-immobilier\/"},"author":{"name":"Freelance","@id":"https:\/\/www.directeur-artistique-freelance.fr\/graphiste\/#\/schema\/person\/7a179c6e49ca4d029f1c0f9aac0b5e03"},"headline":"Oberty Immobilier","datePublished":"2020-12-17T21:05:56+00:00","dateModified":"2024-03-26T10:45:20+00:00","mainEntityOfPage":{"@id":"https:\/\/www.directeur-artistique-freelance.fr\/graphiste\/oberty-immobilier\/"},"wordCount":152,"commentCount":0,"publisher":{"@id":"https:\/\/www.directeur-artistique-freelance.fr\/graphiste\/#organization"},"image":{"@id":"https:\/\/www.directeur-artistique-freelance.fr\/graphiste\/oberty-immobilier\/#primaryimage"},"thumbnailUrl":"https:\/\/www.directeur-artistique-freelance.fr\/graphiste\/wp-content\/uploads\/2020\/12\/vignette-identite-visuelle-oberty-design-immobilier.jpg","articleSection":["Digital","identit\u00e9 visuelle","Illustrations","Print - \u00e9dition"],"inLanguage":"fr-FR","potentialAction":[{"@type":"CommentAction","name":"Comment","target":["https:\/\/www.directeur-artistique-freelance.fr\/graphiste\/oberty-immobilier\/#respond"]}]},{"@type":"WebPage","@id":"https:\/\/www.directeur-artistique-freelance.fr\/graphiste\/oberty-immobilier\/","url":"https:\/\/www.directeur-artistique-freelance.fr\/graphiste\/oberty-immobilier\/","name":"Oberty Immobilier - Graphiste Freelance","isPartOf":{"@id":"https:\/\/www.directeur-artistique-freelance.fr\/graphiste\/#website"},"primaryImageOfPage":{"@id":"https:\/\/www.directeur-artistique-freelance.fr\/graphiste\/oberty-immobilier\/#primaryimage"},"image":{"@id":"https:\/\/www.directeur-artistique-freelance.fr\/graphiste\/oberty-immobilier\/#primaryimage"},"thumbnailUrl":"https:\/\/www.directeur-artistique-freelance.fr\/graphiste\/wp-content\/uploads\/2020\/12\/vignette-identite-visuelle-oberty-design-immobilier.jpg","datePublished":"2020-12-17T21:05:56+00:00","dateModified":"2024-03-26T10:45:20+00:00","breadcrumb":{"@id":"https:\/\/www.directeur-artistique-freelance.fr\/graphiste\/oberty-immobilier\/#breadcrumb"},"inLanguage":"fr-FR","potentialAction":[{"@type":"ReadAction","target":["https:\/\/www.directeur-artistique-freelance.fr\/graphiste\/oberty-immobilier\/"]}]},{"@type":"ImageObject","inLanguage":"fr-FR","@id":"https:\/\/www.directeur-artistique-freelance.fr\/graphiste\/oberty-immobilier\/#primaryimage","url":"https:\/\/www.directeur-artistique-freelance.fr\/graphiste\/wp-content\/uploads\/2020\/12\/vignette-identite-visuelle-oberty-design-immobilier.jpg","contentUrl":"https:\/\/www.directeur-artistique-freelance.fr\/graphiste\/wp-content\/uploads\/2020\/12\/vignette-identite-visuelle-oberty-design-immobilier.jpg","width":1460,"height":1140},{"@type":"BreadcrumbList","@id":"https:\/\/www.directeur-artistique-freelance.fr\/graphiste\/oberty-immobilier\/#breadcrumb","itemListElement":[{"@type":"ListItem","position":1,"name":"Accueil","item":"https:\/\/www.directeur-artistique-freelance.fr\/graphiste\/"},{"@type":"ListItem","position":2,"name":"Oberty Immobilier"}]},{"@type":"WebSite","@id":"https:\/\/www.directeur-artistique-freelance.fr\/graphiste\/#website","url":"https:\/\/www.directeur-artistique-freelance.fr\/graphiste\/","name":"Graphiste Freelance","description":"Saint Germain en Laye 78","publisher":{"@id":"https:\/\/www.directeur-artistique-freelance.fr\/graphiste\/#organization"},"potentialAction":[{"@type":"SearchAction","target":{"@type":"EntryPoint","urlTemplate":"https:\/\/www.directeur-artistique-freelance.fr\/graphiste\/?s={search_term_string}"},"query-input":{"@type":"PropertyValueSpecification","valueRequired":true,"valueName":"search_term_string"}}],"inLanguage":"fr-FR"},{"@type":"Organization","@id":"https:\/\/www.directeur-artistique-freelance.fr\/graphiste\/#organization","name":"Anne Pieussergues Dherbicourt","url":"https:\/\/www.directeur-artistique-freelance.fr\/graphiste\/","logo":{"@type":"ImageObject","inLanguage":"fr-FR","@id":"https:\/\/www.directeur-artistique-freelance.fr\/graphiste\/#\/schema\/logo\/image\/","url":"https:\/\/www.directeur-artistique-freelance.fr\/graphiste\/wp-content\/uploads\/2019\/06\/graphiste-freelance-saint-germain-en-laye.png","contentUrl":"https:\/\/www.directeur-artistique-freelance.fr\/graphiste\/wp-content\/uploads\/2019\/06\/graphiste-freelance-saint-germain-en-laye.png","width":667,"height":200,"caption":"Anne Pieussergues Dherbicourt"},"image":{"@id":"https:\/\/www.directeur-artistique-freelance.fr\/graphiste\/#\/schema\/logo\/image\/"},"sameAs":["https:\/\/www.facebook.com\/annepieusserguesdherbicourt\/","https:\/\/x.com\/Cheesenane","https:\/\/www.instagram.com\/anne_pieussergues_dherbicourt\/","https:\/\/www.linkedin.com\/in\/anne-pieussergues-dherbicourt-61603812\/","https:\/\/www.pinterest.fr\/cheesenane\/my-artwork\/"]},{"@type":"Person","@id":"https:\/\/www.directeur-artistique-freelance.fr\/graphiste\/#\/schema\/person\/7a179c6e49ca4d029f1c0f9aac0b5e03","name":"Freelance","image":{"@type":"ImageObject","inLanguage":"fr-FR","@id":"https:\/\/www.directeur-artistique-freelance.fr\/graphiste\/#\/schema\/person\/image\/","url":"https:\/\/www.directeur-artistique-freelance.fr\/graphiste\/wp-content\/litespeed\/avatar\/6f6844df38c3851153fa746d447a597e.jpg?ver=1777339941","contentUrl":"https:\/\/www.directeur-artistique-freelance.fr\/graphiste\/wp-content\/litespeed\/avatar\/6f6844df38c3851153fa746d447a597e.jpg?ver=1777339941","caption":"Freelance"},"url":"https:\/\/www.directeur-artistique-freelance.fr\/graphiste\/author\/freelance\/"}]}},"_links":{"self":[{"href":"https:\/\/www.directeur-artistique-freelance.fr\/graphiste\/wp-json\/wp\/v2\/posts\/2325","targetHints":{"allow":["GET"]}}],"collection":[{"href":"https:\/\/www.directeur-artistique-freelance.fr\/graphiste\/wp-json\/wp\/v2\/posts"}],"about":[{"href":"https:\/\/www.directeur-artistique-freelance.fr\/graphiste\/wp-json\/wp\/v2\/types\/post"}],"author":[{"embeddable":true,"href":"https:\/\/www.directeur-artistique-freelance.fr\/graphiste\/wp-json\/wp\/v2\/users\/1"}],"replies":[{"embeddable":true,"href":"https:\/\/www.directeur-artistique-freelance.fr\/graphiste\/wp-json\/wp\/v2\/comments?post=2325"}],"version-history":[{"count":60,"href":"https:\/\/www.directeur-artistique-freelance.fr\/graphiste\/wp-json\/wp\/v2\/posts\/2325\/revisions"}],"predecessor-version":[{"id":3902,"href":"https:\/\/www.directeur-artistique-freelance.fr\/graphiste\/wp-json\/wp\/v2\/posts\/2325\/revisions\/3902"}],"wp:featuredmedia":[{"embeddable":true,"href":"https:\/\/www.directeur-artistique-freelance.fr\/graphiste\/wp-json\/wp\/v2\/media\/2356"}],"wp:attachment":[{"href":"https:\/\/www.directeur-artistique-freelance.fr\/graphiste\/wp-json\/wp\/v2\/media?parent=2325"}],"wp:term":[{"taxonomy":"category","embeddable":true,"href":"https:\/\/www.directeur-artistique-freelance.fr\/graphiste\/wp-json\/wp\/v2\/categories?post=2325"},{"taxonomy":"post_tag","embeddable":true,"href":"https:\/\/www.directeur-artistique-freelance.fr\/graphiste\/wp-json\/wp\/v2\/tags?post=2325"}],"curies":[{"name":"wp","href":"https:\/\/api.w.org\/{rel}","templated":true}]}}