{"id":2245,"date":"2020-11-15T12:04:09","date_gmt":"2020-11-15T11:04:09","guid":{"rendered":"https:\/\/www.directeur-artistique-freelance.fr\/graphiste\/?p=2245"},"modified":"2022-08-04T18:46:09","modified_gmt":"2022-08-04T16:46:09","slug":"fondation-cognacq-jay","status":"publish","type":"post","link":"https:\/\/www.directeur-artistique-freelance.fr\/graphiste\/fondation-cognacq-jay\/","title":{"rendered":"Fondation Cognacq-Jay"},"content":{"rendered":"\t\t<div data-elementor-type=\"wp-post\" data-elementor-id=\"2245\" class=\"elementor elementor-2245\" data-elementor-post-type=\"post\">\n\t\t\t\t\t\t<section class=\"elementor-section elementor-top-section elementor-element elementor-element-22a46f6 elementor-section-boxed elementor-section-height-default elementor-section-height-default\" data-id=\"22a46f6\" data-element_type=\"section\">\n\t\t\t\t\t\t<div class=\"elementor-container elementor-column-gap-default\">\n\t\t\t\t\t<div class=\"elementor-column elementor-col-100 elementor-top-column elementor-element elementor-element-8b1576b\" data-id=\"8b1576b\" data-element_type=\"column\">\n\t\t\t<div class=\"elementor-widget-wrap elementor-element-populated\">\n\t\t\t\t\t\t<div class=\"elementor-element elementor-element-6e32858 elementor-widget elementor-widget-image\" data-id=\"6e32858\" data-element_type=\"widget\" data-widget_type=\"image.default\">\n\t\t\t\t<div class=\"elementor-widget-container\">\n\t\t\t\t\t\t\t\t\t\t\t\t\t\t\t<img fetchpriority=\"high\" decoding=\"async\" width=\"1920\" height=\"1080\" src=\"https:\/\/www.directeur-artistique-freelance.fr\/graphiste\/wp-content\/uploads\/2020\/11\/bandeau-graphisme-fcj-cancer-femme-affiche.jpg\" class=\"attachment-full size-full wp-image-2248\" alt=\"\" srcset=\"https:\/\/www.directeur-artistique-freelance.fr\/graphiste\/wp-content\/uploads\/2020\/11\/bandeau-graphisme-fcj-cancer-femme-affiche.jpg 1920w, https:\/\/www.directeur-artistique-freelance.fr\/graphiste\/wp-content\/uploads\/2020\/11\/bandeau-graphisme-fcj-cancer-femme-affiche-300x169.jpg 300w, https:\/\/www.directeur-artistique-freelance.fr\/graphiste\/wp-content\/uploads\/2020\/11\/bandeau-graphisme-fcj-cancer-femme-affiche-1024x576.jpg 1024w, https:\/\/www.directeur-artistique-freelance.fr\/graphiste\/wp-content\/uploads\/2020\/11\/bandeau-graphisme-fcj-cancer-femme-affiche-768x432.jpg 768w, https:\/\/www.directeur-artistique-freelance.fr\/graphiste\/wp-content\/uploads\/2020\/11\/bandeau-graphisme-fcj-cancer-femme-affiche-1536x864.jpg 1536w\" sizes=\"(max-width: 1920px) 100vw, 1920px\" \/>\t\t\t\t\t\t\t\t\t\t\t\t\t\t\t<\/div>\n\t\t\t\t<\/div>\n\t\t\t\t\t<\/div>\n\t\t<\/div>\n\t\t\t\t\t<\/div>\n\t\t<\/section>\n\t\t\t\t<section class=\"elementor-section elementor-top-section elementor-element elementor-element-b96470a elementor-section-content-middle elementor-section-boxed elementor-section-height-default elementor-section-height-default\" data-id=\"b96470a\" data-element_type=\"section\">\n\t\t\t\t\t\t<div class=\"elementor-container elementor-column-gap-no\">\n\t\t\t\t\t<div class=\"elementor-column elementor-col-100 elementor-top-column elementor-element elementor-element-d52affb\" data-id=\"d52affb\" data-element_type=\"column\">\n\t\t\t<div class=\"elementor-widget-wrap elementor-element-populated\">\n\t\t\t\t\t\t<div class=\"elementor-element elementor-element-5ed68e6 elementor-align-start elementor-icon-list--layout-traditional elementor-list-item-link-full_width elementor-widget elementor-widget-icon-list\" data-id=\"5ed68e6\" data-element_type=\"widget\" data-widget_type=\"icon-list.default\">\n\t\t\t\t<div class=\"elementor-widget-container\">\n\t\t\t\t\t\t\t<ul class=\"elementor-icon-list-items\">\n\t\t\t\t\t\t\t<li class=\"elementor-icon-list-item\">\n\t\t\t\t\t\t\t\t\t\t\t<a href=\"https:\/\/www.cognacq-jay.fr\/\" target=\"_blank\">\n\n\t\t\t\t\t\t\t\t\t\t\t\t<span class=\"elementor-icon-list-icon\">\n\t\t\t\t\t\t\t\t\t\t\t\t\t\t\t\t<i class=\"fa fa-envira\" aria-hidden=\"true\"><\/i>\n\t\t\t\t\t\t\t\t\t\t\t\t\t<\/span>\n\t\t\t\t\t\t\t\t\t\t<span class=\"elementor-icon-list-text\">Client:\tFondation Cognacq-Jay<\/span>\n\t\t\t\t\t\t\t\t\t\t\t<\/a>\n\t\t\t\t\t\t\t\t\t<\/li>\n\t\t\t\t\t\t\t\t<li class=\"elementor-icon-list-item\">\n\t\t\t\t\t\t\t\t\t\t\t<span class=\"elementor-icon-list-icon\">\n\t\t\t\t\t\t\t\t\t\t\t\t\t\t\t\t<i class=\"fa fa-calendar\" aria-hidden=\"true\"><\/i>\n\t\t\t\t\t\t\t\t\t\t\t\t\t<\/span>\n\t\t\t\t\t\t\t\t\t\t<span class=\"elementor-icon-list-text\"> Date:\tAo\u00fbt, 2020<\/span>\n\t\t\t\t\t\t\t\t\t<\/li>\n\t\t\t\t\t\t<\/ul>\n\t\t\t\t\t\t<\/div>\n\t\t\t\t<\/div>\n\t\t\t\t<div class=\"elementor-element elementor-element-04fcc11 elementor-widget elementor-widget-heading\" data-id=\"04fcc11\" data-element_type=\"widget\" data-widget_type=\"heading.default\">\n\t\t\t\t<div class=\"elementor-widget-container\">\n\t\t\t\t\t<h3 class=\"elementor-heading-title elementor-size-default\">Fondation Cognacq-Jay<\/h3>\t\t\t\t<\/div>\n\t\t\t\t<\/div>\n\t\t\t\t<div class=\"elementor-element elementor-element-bdc8a3c elementor-widget elementor-widget-text-editor\" data-id=\"bdc8a3c\" data-element_type=\"widget\" data-widget_type=\"text-editor.default\">\n\t\t\t\t<div class=\"elementor-widget-container\">\n\t\t\t\t\t\t\t\t\t<p>Le cancer : avec vous tout au long du parcours<\/p>\t\t\t\t\t\t\t\t<\/div>\n\t\t\t\t<\/div>\n\t\t\t\t<section class=\"elementor-section elementor-inner-section elementor-element elementor-element-64a6c7b elementor-section-boxed elementor-section-height-default elementor-section-height-default\" data-id=\"64a6c7b\" data-element_type=\"section\">\n\t\t\t\t\t\t<div class=\"elementor-container elementor-column-gap-default\">\n\t\t\t\t\t<div class=\"elementor-column elementor-col-100 elementor-inner-column elementor-element elementor-element-a9b45ee\" data-id=\"a9b45ee\" data-element_type=\"column\">\n\t\t\t<div class=\"elementor-widget-wrap elementor-element-populated\">\n\t\t\t\t\t\t<div class=\"elementor-element elementor-element-1dc425a elementor-widget elementor-widget-text-editor\" data-id=\"1dc425a\" data-element_type=\"widget\" data-widget_type=\"text-editor.default\">\n\t\t\t\t<div class=\"elementor-widget-container\">\n\t\t\t\t\t\t\t\t\t<p>En 2021, j&rsquo;ai \u00e9t\u00e9 contact\u00e9 par la <a href=\"https:\/\/www.cognacq-jay.fr\/\" target=\"_blank\" rel=\"noopener\">Fondation Cognacq-Jay<\/a> pour la r\u00e9alisation dune campagne sur le cancer et l&rsquo;accompagnement tout au long du parcours m\u00e9dical.<\/p><p>Nous avons donc d\u00e9cider de r\u00e9aliser 5 affiches pour expliquer l&rsquo;accompagnement dans ce parcours difficile :\u00a0<\/p><p>\u2022 diagnostique et d\u00e9pistage<br \/>\u2022 suivi des traitements<br \/>\u2022 Les effets secondaires<br \/>\u2022 mieux vivre avec un cancer<br \/>\u2022 la 5eme reprenait tous les \u00e9l\u00e9ments des 4 premi\u00e8res.<\/p><p>Pour la cr\u00e9ation des ces affiches j&rsquo;ai choisi l&rsquo;illustration en reprenant les couleurs douces de l&rsquo;identit\u00e9 visuelle des \u00e9tablissements. L&rsquo;illustration permet \u00e9galement d&rsquo;expliquer les diff\u00e9rentes \u00e9tapes exactement comme on le souhaite, elle permet plus de libert\u00e9 pour\u00a0 faire une composition de l&rsquo;image ma\u00eetris\u00e9e, ce que ne permettrait pas la photographie. Elle apporte aussi une unit\u00e9 et une douceur dans les propos assez graves et complexes.<\/p>\t\t\t\t\t\t\t\t<\/div>\n\t\t\t\t<\/div>\n\t\t\t\t\t<\/div>\n\t\t<\/div>\n\t\t\t\t\t<\/div>\n\t\t<\/section>\n\t\t\t\t\t<\/div>\n\t\t<\/div>\n\t\t\t\t\t<\/div>\n\t\t<\/section>\n\t\t\t\t<section class=\"elementor-section elementor-top-section elementor-element elementor-element-db0721d elementor-section-boxed elementor-section-height-default elementor-section-height-default\" data-id=\"db0721d\" data-element_type=\"section\">\n\t\t\t\t\t\t<div class=\"elementor-container elementor-column-gap-default\">\n\t\t\t\t\t<div class=\"elementor-column elementor-col-100 elementor-top-column elementor-element elementor-element-2fbe02c\" data-id=\"2fbe02c\" data-element_type=\"column\">\n\t\t\t<div class=\"elementor-widget-wrap elementor-element-populated\">\n\t\t\t\t\t\t<div class=\"elementor-element elementor-element-dea06b9 elementor-widget elementor-widget-image-gallery\" data-id=\"dea06b9\" data-element_type=\"widget\" data-widget_type=\"image-gallery.default\">\n\t\t\t\t<div class=\"elementor-widget-container\">\n\t\t\t\t\t\t\t<div class=\"elementor-image-gallery\">\n\t\t\t<div id='gallery-1' class='gallery galleryid-2245 gallery-columns-2 gallery-size-full'><figure class='gallery-item'>\n\t\t\t<div class='gallery-icon portrait'>\n\t\t\t\t<a data-elementor-open-lightbox=\"yes\" data-elementor-lightbox-slideshow=\"dea06b9\" data-elementor-lightbox-title=\"graphisme-affiche-depistage-cancer-design\" data-e-action-hash=\"#elementor-action%3Aaction%3Dlightbox%26settings%3DeyJpZCI6MjczMiwidXJsIjoiaHR0cHM6XC9cL3d3dy5kaXJlY3RldXItYXJ0aXN0aXF1ZS1mcmVlbGFuY2UuZnJcL2dyYXBoaXN0ZVwvd3AtY29udGVudFwvdXBsb2Fkc1wvMjAyMlwvMDhcL2dyYXBoaXNtZS1hZmZpY2hlLWRlcGlzdGFnZS1jYW5jZXItZGVzaWduLmpwZyIsInNsaWRlc2hvdyI6ImRlYTA2YjkifQ%3D%3D\" href='https:\/\/www.directeur-artistique-freelance.fr\/graphiste\/wp-content\/uploads\/2022\/08\/graphisme-affiche-depistage-cancer-design.jpg'><img decoding=\"async\" width=\"560\" height=\"700\" src=\"https:\/\/www.directeur-artistique-freelance.fr\/graphiste\/wp-content\/uploads\/2022\/08\/graphisme-affiche-depistage-cancer-design.jpg\" class=\"attachment-full size-full\" alt=\"\" srcset=\"https:\/\/www.directeur-artistique-freelance.fr\/graphiste\/wp-content\/uploads\/2022\/08\/graphisme-affiche-depistage-cancer-design.jpg 560w, https:\/\/www.directeur-artistique-freelance.fr\/graphiste\/wp-content\/uploads\/2022\/08\/graphisme-affiche-depistage-cancer-design-240x300.jpg 240w\" sizes=\"(max-width: 560px) 100vw, 560px\" \/><\/a>\n\t\t\t<\/div><\/figure><figure class='gallery-item'>\n\t\t\t<div class='gallery-icon portrait'>\n\t\t\t\t<a data-elementor-open-lightbox=\"yes\" data-elementor-lightbox-slideshow=\"dea06b9\" data-elementor-lightbox-title=\"design-graphique-freelance-fcj\" data-e-action-hash=\"#elementor-action%3Aaction%3Dlightbox%26settings%3DeyJpZCI6MjczMCwidXJsIjoiaHR0cHM6XC9cL3d3dy5kaXJlY3RldXItYXJ0aXN0aXF1ZS1mcmVlbGFuY2UuZnJcL2dyYXBoaXN0ZVwvd3AtY29udGVudFwvdXBsb2Fkc1wvMjAyMlwvMDhcL2Rlc2lnbi1ncmFwaGlxdWUtZnJlZWxhbmNlLWZjai5qcGciLCJzbGlkZXNob3ciOiJkZWEwNmI5In0%3D\" href='https:\/\/www.directeur-artistique-freelance.fr\/graphiste\/wp-content\/uploads\/2022\/08\/design-graphique-freelance-fcj.jpg'><img decoding=\"async\" width=\"560\" height=\"700\" src=\"https:\/\/www.directeur-artistique-freelance.fr\/graphiste\/wp-content\/uploads\/2022\/08\/design-graphique-freelance-fcj.jpg\" class=\"attachment-full size-full\" alt=\"\" srcset=\"https:\/\/www.directeur-artistique-freelance.fr\/graphiste\/wp-content\/uploads\/2022\/08\/design-graphique-freelance-fcj.jpg 560w, https:\/\/www.directeur-artistique-freelance.fr\/graphiste\/wp-content\/uploads\/2022\/08\/design-graphique-freelance-fcj-240x300.jpg 240w\" sizes=\"(max-width: 560px) 100vw, 560px\" \/><\/a>\n\t\t\t<\/div><\/figure><figure class='gallery-item'>\n\t\t\t<div class='gallery-icon portrait'>\n\t\t\t\t<a data-elementor-open-lightbox=\"yes\" data-elementor-lightbox-slideshow=\"dea06b9\" data-elementor-lightbox-title=\"affiche-design-traitements-illustration\" data-e-action-hash=\"#elementor-action%3Aaction%3Dlightbox%26settings%3DeyJpZCI6MjcyNCwidXJsIjoiaHR0cHM6XC9cL3d3dy5kaXJlY3RldXItYXJ0aXN0aXF1ZS1mcmVlbGFuY2UuZnJcL2dyYXBoaXN0ZVwvd3AtY29udGVudFwvdXBsb2Fkc1wvMjAyMlwvMDhcL2FmZmljaGUtZGVzaWduLXRyYWl0ZW1lbnRzLWlsbHVzdHJhdGlvbi5qcGciLCJzbGlkZXNob3ciOiJkZWEwNmI5In0%3D\" href='https:\/\/www.directeur-artistique-freelance.fr\/graphiste\/wp-content\/uploads\/2022\/08\/affiche-design-traitements-illustration.jpg'><img loading=\"lazy\" decoding=\"async\" width=\"560\" height=\"700\" src=\"https:\/\/www.directeur-artistique-freelance.fr\/graphiste\/wp-content\/uploads\/2022\/08\/affiche-design-traitements-illustration.jpg\" class=\"attachment-full size-full\" alt=\"\" srcset=\"https:\/\/www.directeur-artistique-freelance.fr\/graphiste\/wp-content\/uploads\/2022\/08\/affiche-design-traitements-illustration.jpg 560w, https:\/\/www.directeur-artistique-freelance.fr\/graphiste\/wp-content\/uploads\/2022\/08\/affiche-design-traitements-illustration-240x300.jpg 240w\" sizes=\"(max-width: 560px) 100vw, 560px\" \/><\/a>\n\t\t\t<\/div><\/figure><figure class='gallery-item'>\n\t\t\t<div class='gallery-icon portrait'>\n\t\t\t\t<a data-elementor-open-lightbox=\"yes\" data-elementor-lightbox-slideshow=\"dea06b9\" data-elementor-lightbox-title=\"design-graphiste-freelance-paris\" data-e-action-hash=\"#elementor-action%3Aaction%3Dlightbox%26settings%3DeyJpZCI6MjczMSwidXJsIjoiaHR0cHM6XC9cL3d3dy5kaXJlY3RldXItYXJ0aXN0aXF1ZS1mcmVlbGFuY2UuZnJcL2dyYXBoaXN0ZVwvd3AtY29udGVudFwvdXBsb2Fkc1wvMjAyMlwvMDhcL2Rlc2lnbi1ncmFwaGlzdGUtZnJlZWxhbmNlLXBhcmlzLmpwZyIsInNsaWRlc2hvdyI6ImRlYTA2YjkifQ%3D%3D\" href='https:\/\/www.directeur-artistique-freelance.fr\/graphiste\/wp-content\/uploads\/2022\/08\/design-graphiste-freelance-paris.jpg'><img loading=\"lazy\" decoding=\"async\" width=\"560\" height=\"700\" src=\"https:\/\/www.directeur-artistique-freelance.fr\/graphiste\/wp-content\/uploads\/2022\/08\/design-graphiste-freelance-paris.jpg\" class=\"attachment-full size-full\" alt=\"\" srcset=\"https:\/\/www.directeur-artistique-freelance.fr\/graphiste\/wp-content\/uploads\/2022\/08\/design-graphiste-freelance-paris.jpg 560w, https:\/\/www.directeur-artistique-freelance.fr\/graphiste\/wp-content\/uploads\/2022\/08\/design-graphiste-freelance-paris-240x300.jpg 240w\" sizes=\"(max-width: 560px) 100vw, 560px\" \/><\/a>\n\t\t\t<\/div><\/figure><figure class='gallery-item'>\n\t\t\t<div class='gallery-icon portrait'>\n\t\t\t\t<a data-elementor-open-lightbox=\"yes\" data-elementor-lightbox-slideshow=\"dea06b9\" data-elementor-lightbox-title=\"design-affiche-effets-secondaires-illustrations-vectorielles\" data-e-action-hash=\"#elementor-action%3Aaction%3Dlightbox%26settings%3DeyJpZCI6MjcyOCwidXJsIjoiaHR0cHM6XC9cL3d3dy5kaXJlY3RldXItYXJ0aXN0aXF1ZS1mcmVlbGFuY2UuZnJcL2dyYXBoaXN0ZVwvd3AtY29udGVudFwvdXBsb2Fkc1wvMjAyMlwvMDhcL2Rlc2lnbi1hZmZpY2hlLWVmZmV0cy1zZWNvbmRhaXJlcy1pbGx1c3RyYXRpb25zLXZlY3RvcmllbGxlcy5qcGciLCJzbGlkZXNob3ciOiJkZWEwNmI5In0%3D\" href='https:\/\/www.directeur-artistique-freelance.fr\/graphiste\/wp-content\/uploads\/2022\/08\/design-affiche-effets-secondaires-illustrations-vectorielles.jpg'><img loading=\"lazy\" decoding=\"async\" width=\"560\" height=\"700\" src=\"https:\/\/www.directeur-artistique-freelance.fr\/graphiste\/wp-content\/uploads\/2022\/08\/design-affiche-effets-secondaires-illustrations-vectorielles.jpg\" class=\"attachment-full size-full\" alt=\"\" srcset=\"https:\/\/www.directeur-artistique-freelance.fr\/graphiste\/wp-content\/uploads\/2022\/08\/design-affiche-effets-secondaires-illustrations-vectorielles.jpg 560w, https:\/\/www.directeur-artistique-freelance.fr\/graphiste\/wp-content\/uploads\/2022\/08\/design-affiche-effets-secondaires-illustrations-vectorielles-240x300.jpg 240w\" sizes=\"(max-width: 560px) 100vw, 560px\" \/><\/a>\n\t\t\t<\/div><\/figure><figure class='gallery-item'>\n\t\t\t<div class='gallery-icon portrait'>\n\t\t\t\t<a data-elementor-open-lightbox=\"yes\" data-elementor-lightbox-slideshow=\"dea06b9\" data-elementor-lightbox-title=\"affiche-design-mise-en-page\" data-e-action-hash=\"#elementor-action%3Aaction%3Dlightbox%26settings%3DeyJpZCI6MjcyMywidXJsIjoiaHR0cHM6XC9cL3d3dy5kaXJlY3RldXItYXJ0aXN0aXF1ZS1mcmVlbGFuY2UuZnJcL2dyYXBoaXN0ZVwvd3AtY29udGVudFwvdXBsb2Fkc1wvMjAyMlwvMDhcL2FmZmljaGUtZGVzaWduLW1pc2UtZW4tcGFnZS5qcGciLCJzbGlkZXNob3ciOiJkZWEwNmI5In0%3D\" href='https:\/\/www.directeur-artistique-freelance.fr\/graphiste\/wp-content\/uploads\/2022\/08\/affiche-design-mise-en-page.jpg'><img loading=\"lazy\" decoding=\"async\" width=\"560\" height=\"700\" src=\"https:\/\/www.directeur-artistique-freelance.fr\/graphiste\/wp-content\/uploads\/2022\/08\/affiche-design-mise-en-page.jpg\" class=\"attachment-full size-full\" alt=\"\" srcset=\"https:\/\/www.directeur-artistique-freelance.fr\/graphiste\/wp-content\/uploads\/2022\/08\/affiche-design-mise-en-page.jpg 560w, https:\/\/www.directeur-artistique-freelance.fr\/graphiste\/wp-content\/uploads\/2022\/08\/affiche-design-mise-en-page-240x300.jpg 240w\" sizes=\"(max-width: 560px) 100vw, 560px\" \/><\/a>\n\t\t\t<\/div><\/figure><figure class='gallery-item'>\n\t\t\t<div class='gallery-icon portrait'>\n\t\t\t\t<a data-elementor-open-lightbox=\"yes\" data-elementor-lightbox-slideshow=\"dea06b9\" data-elementor-lightbox-title=\"design-cancer-vivre-illustrations-illustrator-graphisme\" data-e-action-hash=\"#elementor-action%3Aaction%3Dlightbox%26settings%3DeyJpZCI6MjcyOSwidXJsIjoiaHR0cHM6XC9cL3d3dy5kaXJlY3RldXItYXJ0aXN0aXF1ZS1mcmVlbGFuY2UuZnJcL2dyYXBoaXN0ZVwvd3AtY29udGVudFwvdXBsb2Fkc1wvMjAyMlwvMDhcL2Rlc2lnbi1jYW5jZXItdml2cmUtaWxsdXN0cmF0aW9ucy1pbGx1c3RyYXRvci1ncmFwaGlzbWUuanBnIiwic2xpZGVzaG93IjoiZGVhMDZiOSJ9\" href='https:\/\/www.directeur-artistique-freelance.fr\/graphiste\/wp-content\/uploads\/2022\/08\/design-cancer-vivre-illustrations-illustrator-graphisme.jpg'><img loading=\"lazy\" decoding=\"async\" width=\"560\" height=\"700\" src=\"https:\/\/www.directeur-artistique-freelance.fr\/graphiste\/wp-content\/uploads\/2022\/08\/design-cancer-vivre-illustrations-illustrator-graphisme.jpg\" class=\"attachment-full size-full\" alt=\"\" srcset=\"https:\/\/www.directeur-artistique-freelance.fr\/graphiste\/wp-content\/uploads\/2022\/08\/design-cancer-vivre-illustrations-illustrator-graphisme.jpg 560w, https:\/\/www.directeur-artistique-freelance.fr\/graphiste\/wp-content\/uploads\/2022\/08\/design-cancer-vivre-illustrations-illustrator-graphisme-240x300.jpg 240w\" sizes=\"(max-width: 560px) 100vw, 560px\" \/><\/a>\n\t\t\t<\/div><\/figure><figure class='gallery-item'>\n\t\t\t<div class='gallery-icon portrait'>\n\t\t\t\t<a data-elementor-open-lightbox=\"yes\" data-elementor-lightbox-slideshow=\"dea06b9\" data-elementor-lightbox-title=\"affiche-execution-graphique-pao\" data-e-action-hash=\"#elementor-action%3Aaction%3Dlightbox%26settings%3DeyJpZCI6MjcyNSwidXJsIjoiaHR0cHM6XC9cL3d3dy5kaXJlY3RldXItYXJ0aXN0aXF1ZS1mcmVlbGFuY2UuZnJcL2dyYXBoaXN0ZVwvd3AtY29udGVudFwvdXBsb2Fkc1wvMjAyMlwvMDhcL2FmZmljaGUtZXhlY3V0aW9uLWdyYXBoaXF1ZS1wYW8uanBnIiwic2xpZGVzaG93IjoiZGVhMDZiOSJ9\" href='https:\/\/www.directeur-artistique-freelance.fr\/graphiste\/wp-content\/uploads\/2022\/08\/affiche-execution-graphique-pao.jpg'><img loading=\"lazy\" decoding=\"async\" width=\"560\" height=\"700\" src=\"https:\/\/www.directeur-artistique-freelance.fr\/graphiste\/wp-content\/uploads\/2022\/08\/affiche-execution-graphique-pao.jpg\" class=\"attachment-full size-full\" alt=\"\" srcset=\"https:\/\/www.directeur-artistique-freelance.fr\/graphiste\/wp-content\/uploads\/2022\/08\/affiche-execution-graphique-pao.jpg 560w, https:\/\/www.directeur-artistique-freelance.fr\/graphiste\/wp-content\/uploads\/2022\/08\/affiche-execution-graphique-pao-240x300.jpg 240w\" sizes=\"(max-width: 560px) 100vw, 560px\" \/><\/a>\n\t\t\t<\/div><\/figure><figure class='gallery-item'>\n\t\t\t<div class='gallery-icon portrait'>\n\t\t\t\t<a data-elementor-open-lightbox=\"yes\" data-elementor-lightbox-slideshow=\"dea06b9\" data-elementor-lightbox-title=\"affiche-recap-cancer-design-graphique\" data-e-action-hash=\"#elementor-action%3Aaction%3Dlightbox%26settings%3DeyJpZCI6MjcyNywidXJsIjoiaHR0cHM6XC9cL3d3dy5kaXJlY3RldXItYXJ0aXN0aXF1ZS1mcmVlbGFuY2UuZnJcL2dyYXBoaXN0ZVwvd3AtY29udGVudFwvdXBsb2Fkc1wvMjAyMlwvMDhcL2FmZmljaGUtcmVjYXAtY2FuY2VyLWRlc2lnbi1ncmFwaGlxdWUuanBnIiwic2xpZGVzaG93IjoiZGVhMDZiOSJ9\" href='https:\/\/www.directeur-artistique-freelance.fr\/graphiste\/wp-content\/uploads\/2022\/08\/affiche-recap-cancer-design-graphique.jpg'><img loading=\"lazy\" decoding=\"async\" width=\"560\" height=\"700\" src=\"https:\/\/www.directeur-artistique-freelance.fr\/graphiste\/wp-content\/uploads\/2022\/08\/affiche-recap-cancer-design-graphique.jpg\" class=\"attachment-full size-full\" alt=\"\" srcset=\"https:\/\/www.directeur-artistique-freelance.fr\/graphiste\/wp-content\/uploads\/2022\/08\/affiche-recap-cancer-design-graphique.jpg 560w, https:\/\/www.directeur-artistique-freelance.fr\/graphiste\/wp-content\/uploads\/2022\/08\/affiche-recap-cancer-design-graphique-240x300.jpg 240w\" sizes=\"(max-width: 560px) 100vw, 560px\" \/><\/a>\n\t\t\t<\/div><\/figure><figure class='gallery-item'>\n\t\t\t<div class='gallery-icon portrait'>\n\t\t\t\t<a data-elementor-open-lightbox=\"yes\" data-elementor-lightbox-slideshow=\"dea06b9\" data-elementor-lightbox-title=\"affiche-mot-clefs-reseaux-sociaux\" data-e-action-hash=\"#elementor-action%3Aaction%3Dlightbox%26settings%3DeyJpZCI6MjcyNiwidXJsIjoiaHR0cHM6XC9cL3d3dy5kaXJlY3RldXItYXJ0aXN0aXF1ZS1mcmVlbGFuY2UuZnJcL2dyYXBoaXN0ZVwvd3AtY29udGVudFwvdXBsb2Fkc1wvMjAyMlwvMDhcL2FmZmljaGUtbW90LWNsZWZzLXJlc2VhdXgtc29jaWF1eC5qcGciLCJzbGlkZXNob3ciOiJkZWEwNmI5In0%3D\" href='https:\/\/www.directeur-artistique-freelance.fr\/graphiste\/wp-content\/uploads\/2022\/08\/affiche-mot-clefs-reseaux-sociaux.jpg'><img loading=\"lazy\" decoding=\"async\" width=\"560\" height=\"700\" src=\"https:\/\/www.directeur-artistique-freelance.fr\/graphiste\/wp-content\/uploads\/2022\/08\/affiche-mot-clefs-reseaux-sociaux.jpg\" class=\"attachment-full size-full\" alt=\"\" srcset=\"https:\/\/www.directeur-artistique-freelance.fr\/graphiste\/wp-content\/uploads\/2022\/08\/affiche-mot-clefs-reseaux-sociaux.jpg 560w, https:\/\/www.directeur-artistique-freelance.fr\/graphiste\/wp-content\/uploads\/2022\/08\/affiche-mot-clefs-reseaux-sociaux-240x300.jpg 240w\" sizes=\"(max-width: 560px) 100vw, 560px\" \/><\/a>\n\t\t\t<\/div><\/figure>\n\t\t<\/div>\n\t\t<\/div>\n\t\t\t\t\t\t<\/div>\n\t\t\t\t<\/div>\n\t\t\t\t\t<\/div>\n\t\t<\/div>\n\t\t\t\t\t<\/div>\n\t\t<\/section>\n\t\t\t\t<section class=\"elementor-section elementor-top-section elementor-element elementor-element-14c8db4 elementor-section-content-middle elementor-section-boxed elementor-section-height-default elementor-section-height-default\" data-id=\"14c8db4\" data-element_type=\"section\">\n\t\t\t\t\t\t<div class=\"elementor-container elementor-column-gap-no\">\n\t\t\t\t\t<div class=\"elementor-column elementor-col-100 elementor-top-column elementor-element elementor-element-950b125\" data-id=\"950b125\" data-element_type=\"column\">\n\t\t\t<div class=\"elementor-widget-wrap elementor-element-populated\">\n\t\t\t\t\t\t<div class=\"elementor-element elementor-element-657818a elementor-widget elementor-widget-text-editor\" data-id=\"657818a\" data-element_type=\"widget\" data-widget_type=\"text-editor.default\">\n\t\t\t\t<div class=\"elementor-widget-container\">\n\t\t\t\t\t\t\t\t\t<p>Movember<\/p>\t\t\t\t\t\t\t\t<\/div>\n\t\t\t\t<\/div>\n\t\t\t\t<section class=\"elementor-section elementor-inner-section elementor-element elementor-element-6cac77f elementor-section-boxed elementor-section-height-default elementor-section-height-default\" data-id=\"6cac77f\" data-element_type=\"section\">\n\t\t\t\t\t\t<div class=\"elementor-container elementor-column-gap-default\">\n\t\t\t\t\t<div class=\"elementor-column elementor-col-100 elementor-inner-column elementor-element elementor-element-59a2d2a\" data-id=\"59a2d2a\" data-element_type=\"column\">\n\t\t\t<div class=\"elementor-widget-wrap elementor-element-populated\">\n\t\t\t\t\t\t<div class=\"elementor-element elementor-element-686464b elementor-widget elementor-widget-text-editor\" data-id=\"686464b\" data-element_type=\"widget\" data-widget_type=\"text-editor.default\">\n\t\t\t\t<div class=\"elementor-widget-container\">\n\t\t\t\t\t\t\t\t\t<p>En 2021, nous avons \u00e9galement activer le mois de novembre \u00ab\u00a0Movember\u00a0\u00bb pour sensibiliser les hommes au cancer.<\/p><p>La campagne de pr\u00e9vention comprenait une communication print et sur les r\u00e9seaux sociaux.<\/p><p>L&rsquo;id\u00e9e \u00e9tait d&rsquo;illustrer tous les hommes de fa\u00e7on simple, sans les marquer, sans les genrer mais en reprenant les codes de \u00ab\u00a0Movember\u00a0\u00bb la moustache.<\/p>\t\t\t\t\t\t\t\t<\/div>\n\t\t\t\t<\/div>\n\t\t\t\t\t<\/div>\n\t\t<\/div>\n\t\t\t\t\t<\/div>\n\t\t<\/section>\n\t\t\t\t\t<\/div>\n\t\t<\/div>\n\t\t\t\t\t<\/div>\n\t\t<\/section>\n\t\t\t\t<section class=\"elementor-section elementor-top-section elementor-element elementor-element-f4981b4 elementor-section-boxed elementor-section-height-default elementor-section-height-default\" data-id=\"f4981b4\" data-element_type=\"section\">\n\t\t\t\t\t\t<div class=\"elementor-container elementor-column-gap-default\">\n\t\t\t\t\t<div class=\"elementor-column elementor-col-100 elementor-top-column elementor-element elementor-element-6685e42\" data-id=\"6685e42\" data-element_type=\"column\">\n\t\t\t<div class=\"elementor-widget-wrap elementor-element-populated\">\n\t\t\t\t\t\t<div class=\"elementor-element elementor-element-d001f68 elementor-widget elementor-widget-image-gallery\" data-id=\"d001f68\" data-element_type=\"widget\" data-widget_type=\"image-gallery.default\">\n\t\t\t\t<div class=\"elementor-widget-container\">\n\t\t\t\t\t\t\t<div class=\"elementor-image-gallery\">\n\t\t\t<div id='gallery-2' class='gallery galleryid-2245 gallery-columns-2 gallery-size-full'><figure class='gallery-item'>\n\t\t\t<div class='gallery-icon landscape'>\n\t\t\t\t<a data-elementor-open-lightbox=\"yes\" data-elementor-lightbox-slideshow=\"d001f68\" data-elementor-lightbox-title=\"publicite-homme-movember-affiche-graphisme\" data-e-action-hash=\"#elementor-action%3Aaction%3Dlightbox%26settings%3DeyJpZCI6Mjc1MywidXJsIjoiaHR0cHM6XC9cL3d3dy5kaXJlY3RldXItYXJ0aXN0aXF1ZS1mcmVlbGFuY2UuZnJcL2dyYXBoaXN0ZVwvd3AtY29udGVudFwvdXBsb2Fkc1wvMjAyMlwvMDhcL3B1YmxpY2l0ZS1ob21tZS1tb3ZlbWJlci1hZmZpY2hlLWdyYXBoaXNtZS5qcGciLCJzbGlkZXNob3ciOiJkMDAxZjY4In0%3D\" href='https:\/\/www.directeur-artistique-freelance.fr\/graphiste\/wp-content\/uploads\/2022\/08\/publicite-homme-movember-affiche-graphisme.jpg'><img loading=\"lazy\" decoding=\"async\" width=\"700\" height=\"525\" src=\"https:\/\/www.directeur-artistique-freelance.fr\/graphiste\/wp-content\/uploads\/2022\/08\/publicite-homme-movember-affiche-graphisme.jpg\" class=\"attachment-full size-full\" alt=\"\" aria-describedby=\"gallery-2-2753\" srcset=\"https:\/\/www.directeur-artistique-freelance.fr\/graphiste\/wp-content\/uploads\/2022\/08\/publicite-homme-movember-affiche-graphisme.jpg 700w, https:\/\/www.directeur-artistique-freelance.fr\/graphiste\/wp-content\/uploads\/2022\/08\/publicite-homme-movember-affiche-graphisme-300x225.jpg 300w\" sizes=\"(max-width: 700px) 100vw, 700px\" \/><\/a>\n\t\t\t<\/div>\n\t\t\t\t<figcaption class='wp-caption-text gallery-caption' id='gallery-2-2753'>\n\t\t\t\tAffiche\n\t\t\t\t<\/figcaption><\/figure><figure class='gallery-item'>\n\t\t\t<div class='gallery-icon landscape'>\n\t\t\t\t<a data-elementor-open-lightbox=\"yes\" data-elementor-lightbox-slideshow=\"d001f68\" data-elementor-lightbox-title=\"kakemono-creation-movember-graphisme\" data-e-action-hash=\"#elementor-action%3Aaction%3Dlightbox%26settings%3DeyJpZCI6Mjc1OCwidXJsIjoiaHR0cHM6XC9cL3d3dy5kaXJlY3RldXItYXJ0aXN0aXF1ZS1mcmVlbGFuY2UuZnJcL2dyYXBoaXN0ZVwvd3AtY29udGVudFwvdXBsb2Fkc1wvMjAyMlwvMDhcL2tha2Vtb25vLWNyZWF0aW9uLW1vdmVtYmVyLWdyYXBoaXNtZS5qcGciLCJzbGlkZXNob3ciOiJkMDAxZjY4In0%3D\" href='https:\/\/www.directeur-artistique-freelance.fr\/graphiste\/wp-content\/uploads\/2022\/08\/kakemono-creation-movember-graphisme.jpg'><img loading=\"lazy\" decoding=\"async\" width=\"700\" height=\"525\" src=\"https:\/\/www.directeur-artistique-freelance.fr\/graphiste\/wp-content\/uploads\/2022\/08\/kakemono-creation-movember-graphisme.jpg\" class=\"attachment-full size-full\" alt=\"\" aria-describedby=\"gallery-2-2758\" srcset=\"https:\/\/www.directeur-artistique-freelance.fr\/graphiste\/wp-content\/uploads\/2022\/08\/kakemono-creation-movember-graphisme.jpg 700w, https:\/\/www.directeur-artistique-freelance.fr\/graphiste\/wp-content\/uploads\/2022\/08\/kakemono-creation-movember-graphisme-300x225.jpg 300w\" sizes=\"(max-width: 700px) 100vw, 700px\" \/><\/a>\n\t\t\t<\/div>\n\t\t\t\t<figcaption class='wp-caption-text gallery-caption' id='gallery-2-2758'>\n\t\t\t\tRoll-up\n\t\t\t\t<\/figcaption><\/figure><figure class='gallery-item'>\n\t\t\t<div class='gallery-icon landscape'>\n\t\t\t\t<a data-elementor-open-lightbox=\"yes\" data-elementor-lightbox-slideshow=\"d001f68\" data-elementor-lightbox-title=\"iPhone 12 Pro Mockup by Anthony Boyd Graphics\" data-e-action-hash=\"#elementor-action%3Aaction%3Dlightbox%26settings%3DeyJpZCI6Mjc0NSwidXJsIjoiaHR0cHM6XC9cL3d3dy5kaXJlY3RldXItYXJ0aXN0aXF1ZS1mcmVlbGFuY2UuZnJcL2dyYXBoaXN0ZVwvd3AtY29udGVudFwvdXBsb2Fkc1wvMjAyMlwvMDhcL2luc3RhZ3JhbS1tb3ZlbWJlci1mb25kYXRpb24tY29nbmFjcS1qYXktZ3JhcGhpc21lLmpwZyIsInNsaWRlc2hvdyI6ImQwMDFmNjgifQ%3D%3D\" href='https:\/\/www.directeur-artistique-freelance.fr\/graphiste\/wp-content\/uploads\/2022\/08\/instagram-movember-fondation-cognacq-jay-graphisme.jpg'><img loading=\"lazy\" decoding=\"async\" width=\"700\" height=\"525\" src=\"https:\/\/www.directeur-artistique-freelance.fr\/graphiste\/wp-content\/uploads\/2022\/08\/instagram-movember-fondation-cognacq-jay-graphisme.jpg\" class=\"attachment-full size-full\" alt=\"\" aria-describedby=\"gallery-2-2745\" srcset=\"https:\/\/www.directeur-artistique-freelance.fr\/graphiste\/wp-content\/uploads\/2022\/08\/instagram-movember-fondation-cognacq-jay-graphisme.jpg 700w, https:\/\/www.directeur-artistique-freelance.fr\/graphiste\/wp-content\/uploads\/2022\/08\/instagram-movember-fondation-cognacq-jay-graphisme-300x225.jpg 300w\" sizes=\"(max-width: 700px) 100vw, 700px\" \/><\/a>\n\t\t\t<\/div>\n\t\t\t\t<figcaption class='wp-caption-text gallery-caption' id='gallery-2-2745'>\n\t\t\t\tanimation sur les r\u00e9seaux sociaux\n\t\t\t\t<\/figcaption><\/figure><figure class='gallery-item'>\n\t\t\t<div class='gallery-icon landscape'>\n\t\t\t\t<a data-elementor-open-lightbox=\"yes\" data-elementor-lightbox-slideshow=\"d001f68\" data-elementor-lightbox-title=\"Top View iPad Pro 2018 Mockup by Anthony Boyd Graphics\" data-e-action-hash=\"#elementor-action%3Aaction%3Dlightbox%26settings%3DeyJpZCI6Mjc0NiwidXJsIjoiaHR0cHM6XC9cL3d3dy5kaXJlY3RldXItYXJ0aXN0aXF1ZS1mcmVlbGFuY2UuZnJcL2dyYXBoaXN0ZVwvd3AtY29udGVudFwvdXBsb2Fkc1wvMjAyMlwvMDhcL2lwYWQtY29tbXVuaWNhdGlvbi1tb3ZlbWJlci1ncmFwaGlzbWUuanBnIiwic2xpZGVzaG93IjoiZDAwMWY2OCJ9\" href='https:\/\/www.directeur-artistique-freelance.fr\/graphiste\/wp-content\/uploads\/2022\/08\/ipad-communication-movember-graphisme.jpg'><img loading=\"lazy\" decoding=\"async\" width=\"700\" height=\"525\" src=\"https:\/\/www.directeur-artistique-freelance.fr\/graphiste\/wp-content\/uploads\/2022\/08\/ipad-communication-movember-graphisme.jpg\" class=\"attachment-full size-full\" alt=\"\" aria-describedby=\"gallery-2-2746\" srcset=\"https:\/\/www.directeur-artistique-freelance.fr\/graphiste\/wp-content\/uploads\/2022\/08\/ipad-communication-movember-graphisme.jpg 700w, https:\/\/www.directeur-artistique-freelance.fr\/graphiste\/wp-content\/uploads\/2022\/08\/ipad-communication-movember-graphisme-300x225.jpg 300w\" sizes=\"(max-width: 700px) 100vw, 700px\" \/><\/a>\n\t\t\t<\/div>\n\t\t\t\t<figcaption class='wp-caption-text gallery-caption' id='gallery-2-2746'>\n\t\t\t\thabillage pr\u00e9sentation tablette\n\t\t\t\t<\/figcaption><\/figure><figure class='gallery-item'>\n\t\t\t<div class='gallery-icon landscape'>\n\t\t\t\t<a data-elementor-open-lightbox=\"yes\" data-elementor-lightbox-slideshow=\"d001f68\" data-elementor-lightbox-title=\"Apple MacBook Pro 16 Inch Mockup by Anthony Boyd Graphics\" data-e-action-hash=\"#elementor-action%3Aaction%3Dlightbox%26settings%3DeyJpZCI6Mjc0OCwidXJsIjoiaHR0cHM6XC9cL3d3dy5kaXJlY3RldXItYXJ0aXN0aXF1ZS1mcmVlbGFuY2UuZnJcL2dyYXBoaXN0ZVwvd3AtY29udGVudFwvdXBsb2Fkc1wvMjAyMlwvMDhcL21vdmVtYmVyLWdyYXBoaXNtZS1kaWdpdGFsLXNpdGUtd2ViLmpwZyIsInNsaWRlc2hvdyI6ImQwMDFmNjgifQ%3D%3D\" href='https:\/\/www.directeur-artistique-freelance.fr\/graphiste\/wp-content\/uploads\/2022\/08\/movember-graphisme-digital-site-web.jpg'><img loading=\"lazy\" decoding=\"async\" width=\"700\" height=\"525\" src=\"https:\/\/www.directeur-artistique-freelance.fr\/graphiste\/wp-content\/uploads\/2022\/08\/movember-graphisme-digital-site-web.jpg\" class=\"attachment-full size-full\" alt=\"\" aria-describedby=\"gallery-2-2748\" srcset=\"https:\/\/www.directeur-artistique-freelance.fr\/graphiste\/wp-content\/uploads\/2022\/08\/movember-graphisme-digital-site-web.jpg 700w, https:\/\/www.directeur-artistique-freelance.fr\/graphiste\/wp-content\/uploads\/2022\/08\/movember-graphisme-digital-site-web-300x225.jpg 300w\" sizes=\"(max-width: 700px) 100vw, 700px\" \/><\/a>\n\t\t\t<\/div>\n\t\t\t\t<figcaption class='wp-caption-text gallery-caption' id='gallery-2-2748'>\n\t\t\t\thabillage du site internet\n\t\t\t\t<\/figcaption><\/figure>\n\t\t<\/div>\n\t\t<\/div>\n\t\t\t\t\t\t<\/div>\n\t\t\t\t<\/div>\n\t\t\t\t\t<\/div>\n\t\t<\/div>\n\t\t\t\t\t<\/div>\n\t\t<\/section>\n\t\t\t\t<section class=\"elementor-section elementor-top-section elementor-element elementor-element-927ae3b elementor-section-content-middle elementor-section-boxed elementor-section-height-default elementor-section-height-default\" data-id=\"927ae3b\" data-element_type=\"section\">\n\t\t\t\t\t\t<div class=\"elementor-container elementor-column-gap-no\">\n\t\t\t\t\t<div class=\"elementor-column elementor-col-100 elementor-top-column elementor-element elementor-element-0ee696c\" data-id=\"0ee696c\" data-element_type=\"column\">\n\t\t\t<div class=\"elementor-widget-wrap elementor-element-populated\">\n\t\t\t\t\t\t<div class=\"elementor-element elementor-element-a017df2 elementor-widget elementor-widget-text-editor\" data-id=\"a017df2\" data-element_type=\"widget\" data-widget_type=\"text-editor.default\">\n\t\t\t\t<div class=\"elementor-widget-container\">\n\t\t\t\t\t\t\t\t\t<p>Octobre Rose<\/p>\t\t\t\t\t\t\t\t<\/div>\n\t\t\t\t<\/div>\n\t\t\t\t<section class=\"elementor-section elementor-inner-section elementor-element elementor-element-f082f3c elementor-section-boxed elementor-section-height-default elementor-section-height-default\" data-id=\"f082f3c\" data-element_type=\"section\">\n\t\t\t\t\t\t<div class=\"elementor-container elementor-column-gap-default\">\n\t\t\t\t\t<div class=\"elementor-column elementor-col-100 elementor-inner-column elementor-element elementor-element-cc3dab3\" data-id=\"cc3dab3\" data-element_type=\"column\">\n\t\t\t<div class=\"elementor-widget-wrap elementor-element-populated\">\n\t\t\t\t\t\t<div class=\"elementor-element elementor-element-0b1a6c6 elementor-widget elementor-widget-text-editor\" data-id=\"0b1a6c6\" data-element_type=\"widget\" data-widget_type=\"text-editor.default\">\n\t\t\t\t<div class=\"elementor-widget-container\">\n\t\t\t\t\t\t\t\t\t<p>En 2020, j&rsquo;ai \u00e9t\u00e9 contact\u00e9 par la <a href=\"https:\/\/www.cognacq-jay.fr\/\" target=\"_blank\" rel=\"noopener\">Fondation Cognacq-Jay<\/a> pour la r\u00e9alisation de la campagne publicitaire d&rsquo;Octobre Rose.<br \/>Comme c&rsquo;est une cause qui me touche, j&rsquo;ai bien \u00e9videment accept\u00e9 de me plonger dans ce nouveau d\u00e9fi !<br \/>Nous avons voulu une campagne douce rappelant les couleurs de cette action et faisant passer le message de la Fondation sur ces diff\u00e9rentes actions du mois.<br \/>J&rsquo;ai choisi une campagne en illustration pour apporter cette douceur et une plus grande facilit\u00e9 \u00e0 repr\u00e9senter toutes les sp\u00e9cificit\u00e9s de la maladie et des actions propos\u00e9es.<\/p><p><strong>Il y avait 4 grandes actions.<\/strong><\/p><p>La premi\u00e8re\u00a0 : \u00ab\u00a0un mois pour prendre sa sant\u00e9 en main\u00a0\u00bb.<br \/>Elle regroupait 6 \u00e9v\u00e9nements r\u00e9partis dans le mois comme : <br \/>\u2022 le cancer et l&rsquo;alimentation,<br \/>\u2022 l&rsquo;auriculoth\u00e9rapie, <br \/>\u2022 la reconstruction mammaire,<br \/>\u2022 l&rsquo;hormonoth\u00e9rapie, <br \/>\u2022 le lymph\u0153d\u00e8me, <br \/>\u2022 et mieux vivre avec son traitement.<\/p><p>La deuxi\u00e8me : \u00ab\u00a0un mois pour trouver du r\u00e9pit pour le corps et l&rsquo;esprit\u00a0\u00bb proposait 4 \u00e9v\u00e9nements : <br \/>\u2022 une journ\u00e9e de d\u00e9couverte \u00e0 <a href=\"https:\/\/www.lateliercognacq-jay.fr\/\" target=\"_blank\" rel=\"noopener\">l&rsquo;Atelier Cognacq-Jay<\/a>, <br \/>\u2022 une journ\u00e9e bien-\u00eatre \u00e0 la <a href=\"http:\/\/www.clinique-stjeandedieu.com\/\" target=\"_blank\" rel=\"noopener\">Clinique Saint-Jean-De-Dieu<\/a>, <br \/>\u2022 une journ\u00e9e de mise en beaut\u00e9 et de soin de soi \u00e0 la <a href=\"http:\/\/www.clinique-stjeandedieu.com\/\" target=\"_blank\" rel=\"noopener\">Clinique Saint-Jean-De-Dieu<\/a>, <br \/>\u2022 et une journ\u00e9e sur l&rsquo;alimentation \u00e0 la <a href=\"http:\/\/www.clinique-stjeandedieu.com\/\" target=\"_blank\" rel=\"noopener\">Clinique Saint-Jean-De-Dieu<\/a>.<\/p><p>La troisi\u00e8me \u00e9tait orient\u00e9e pour les professionnels du secteur m\u00e9dical : \u00ab\u00a04 rendez-vous pour vous aider \u00e0 accompagner les patients touch\u00e9s par le cancer\u00a0\u00bb.<br \/>Il y avait, au sein de cette action, 4 \u00e9v\u00e9nements autour des sujets suivants : <br \/>\u2022 le lymph\u0153d\u00e8me, <br \/>\u2022 la reconstruction mammaire, <br \/>\u2022 les soins de support, <br \/>\u2022 mieux vivre avec son traitement.<\/p><p>La quatri\u00e8me action \u00e9tait l&rsquo;exposition des \u0153uvres de L\u00e9na\u00efg Jestin \u00ab\u00a0La petite Boule\u00a0\u00bb dans diff\u00e9rents lieux :<br \/><a href=\"https:\/\/www.lateliercognacq-jay.fr\/\" target=\"_blank\" rel=\"noopener\">\u2022\u00a0 l&rsquo;Atelier Cognacq-Jay<\/a>,<br \/>\u2022 <a href=\"https:\/\/hopital-forcilles.cognacq-jay.fr\/patient\/consultation\" target=\"_blank\" rel=\"noopener\">L&rsquo;h\u00f4pital de Forcilles<\/a>, <br \/>\u2022 la <a href=\"http:\/\/www.clinique-stjeandedieu.com\/\" target=\"_blank\" rel=\"noopener\">Clinique Saint-Jean-De-Dieu<\/a>, <br \/>\u2022 et <a href=\"https:\/\/www.hopitalfrancobritannique.org\/\" target=\"_blank\" rel=\"noopener\">l&rsquo;h\u00f4pital Franco-Britannique<\/a>. <br \/>Je vous invite \u00e0 aller d\u00e9couvrir son travail et son livre tr\u00e8s touchant.<\/p><p>\u00c0 cause de la pand\u00e9mie de la Covid-19, nous avons r\u00e9alis\u00e9 une campagne print mais surtout digitale pour \u00eatre largement diffus\u00e9e sur internet et sur les r\u00e9seaux sociaux des diff\u00e9rents lieux.<\/p>\t\t\t\t\t\t\t\t<\/div>\n\t\t\t\t<\/div>\n\t\t\t\t\t<\/div>\n\t\t<\/div>\n\t\t\t\t\t<\/div>\n\t\t<\/section>\n\t\t\t\t\t<\/div>\n\t\t<\/div>\n\t\t\t\t\t<\/div>\n\t\t<\/section>\n\t\t\t\t<section class=\"elementor-section elementor-top-section elementor-element elementor-element-e8d061d elementor-section-boxed elementor-section-height-default elementor-section-height-default\" data-id=\"e8d061d\" data-element_type=\"section\">\n\t\t\t\t\t\t<div class=\"elementor-container elementor-column-gap-default\">\n\t\t\t\t\t<div class=\"elementor-column elementor-col-100 elementor-top-column elementor-element elementor-element-b6940e3\" data-id=\"b6940e3\" data-element_type=\"column\">\n\t\t\t<div class=\"elementor-widget-wrap elementor-element-populated\">\n\t\t\t\t\t\t<div class=\"elementor-element elementor-element-d10c6f1 elementor-widget elementor-widget-image-gallery\" data-id=\"d10c6f1\" data-element_type=\"widget\" data-widget_type=\"image-gallery.default\">\n\t\t\t\t<div class=\"elementor-widget-container\">\n\t\t\t\t\t\t\t<div class=\"elementor-image-gallery\">\n\t\t\t<div id='gallery-3' class='gallery galleryid-2245 gallery-columns-2 gallery-size-full'><figure class='gallery-item'>\n\t\t\t<div class='gallery-icon landscape'>\n\t\t\t\t<a data-elementor-open-lightbox=\"yes\" data-elementor-lightbox-slideshow=\"d10c6f1\" data-elementor-lightbox-title=\"affiches-design-graphique-print-event-octobre-rose\" data-e-action-hash=\"#elementor-action%3Aaction%3Dlightbox%26settings%3DeyJpZCI6MjI2NiwidXJsIjoiaHR0cHM6XC9cL3d3dy5kaXJlY3RldXItYXJ0aXN0aXF1ZS1mcmVlbGFuY2UuZnJcL2dyYXBoaXN0ZVwvd3AtY29udGVudFwvdXBsb2Fkc1wvMjAyMFwvMTFcL2FmZmljaGVzLWRlc2lnbi1ncmFwaGlxdWUtcHJpbnQtZXZlbnQtb2N0b2JyZS1yb3NlLmpwZyIsInNsaWRlc2hvdyI6ImQxMGM2ZjEifQ%3D%3D\" href='https:\/\/www.directeur-artistique-freelance.fr\/graphiste\/wp-content\/uploads\/2020\/11\/affiches-design-graphique-print-event-octobre-rose.jpg'><img loading=\"lazy\" decoding=\"async\" width=\"1920\" height=\"1440\" src=\"https:\/\/www.directeur-artistique-freelance.fr\/graphiste\/wp-content\/uploads\/2020\/11\/affiches-design-graphique-print-event-octobre-rose.jpg\" class=\"attachment-full size-full\" alt=\"\" srcset=\"https:\/\/www.directeur-artistique-freelance.fr\/graphiste\/wp-content\/uploads\/2020\/11\/affiches-design-graphique-print-event-octobre-rose.jpg 1920w, https:\/\/www.directeur-artistique-freelance.fr\/graphiste\/wp-content\/uploads\/2020\/11\/affiches-design-graphique-print-event-octobre-rose-300x225.jpg 300w, https:\/\/www.directeur-artistique-freelance.fr\/graphiste\/wp-content\/uploads\/2020\/11\/affiches-design-graphique-print-event-octobre-rose-1024x768.jpg 1024w, https:\/\/www.directeur-artistique-freelance.fr\/graphiste\/wp-content\/uploads\/2020\/11\/affiches-design-graphique-print-event-octobre-rose-768x576.jpg 768w, https:\/\/www.directeur-artistique-freelance.fr\/graphiste\/wp-content\/uploads\/2020\/11\/affiches-design-graphique-print-event-octobre-rose-1536x1152.jpg 1536w\" sizes=\"(max-width: 1920px) 100vw, 1920px\" \/><\/a>\n\t\t\t<\/div><\/figure><figure class='gallery-item'>\n\t\t\t<div class='gallery-icon landscape'>\n\t\t\t\t<a data-elementor-open-lightbox=\"yes\" data-elementor-lightbox-slideshow=\"d10c6f1\" data-elementor-lightbox-title=\"graphiste-design-affiche-print-fcj\" data-e-action-hash=\"#elementor-action%3Aaction%3Dlightbox%26settings%3DeyJpZCI6MjI2NywidXJsIjoiaHR0cHM6XC9cL3d3dy5kaXJlY3RldXItYXJ0aXN0aXF1ZS1mcmVlbGFuY2UuZnJcL2dyYXBoaXN0ZVwvd3AtY29udGVudFwvdXBsb2Fkc1wvMjAyMFwvMTFcL2dyYXBoaXN0ZS1kZXNpZ24tYWZmaWNoZS1wcmludC1mY2ouanBnIiwic2xpZGVzaG93IjoiZDEwYzZmMSJ9\" href='https:\/\/www.directeur-artistique-freelance.fr\/graphiste\/wp-content\/uploads\/2020\/11\/graphiste-design-affiche-print-fcj.jpg'><img loading=\"lazy\" decoding=\"async\" width=\"1920\" height=\"1440\" src=\"https:\/\/www.directeur-artistique-freelance.fr\/graphiste\/wp-content\/uploads\/2020\/11\/graphiste-design-affiche-print-fcj.jpg\" class=\"attachment-full size-full\" alt=\"\" srcset=\"https:\/\/www.directeur-artistique-freelance.fr\/graphiste\/wp-content\/uploads\/2020\/11\/graphiste-design-affiche-print-fcj.jpg 1920w, https:\/\/www.directeur-artistique-freelance.fr\/graphiste\/wp-content\/uploads\/2020\/11\/graphiste-design-affiche-print-fcj-300x225.jpg 300w, https:\/\/www.directeur-artistique-freelance.fr\/graphiste\/wp-content\/uploads\/2020\/11\/graphiste-design-affiche-print-fcj-1024x768.jpg 1024w, https:\/\/www.directeur-artistique-freelance.fr\/graphiste\/wp-content\/uploads\/2020\/11\/graphiste-design-affiche-print-fcj-768x576.jpg 768w, https:\/\/www.directeur-artistique-freelance.fr\/graphiste\/wp-content\/uploads\/2020\/11\/graphiste-design-affiche-print-fcj-1536x1152.jpg 1536w\" sizes=\"(max-width: 1920px) 100vw, 1920px\" \/><\/a>\n\t\t\t<\/div><\/figure><figure class='gallery-item'>\n\t\t\t<div class='gallery-icon portrait'>\n\t\t\t\t<a data-elementor-open-lightbox=\"yes\" data-elementor-lightbox-slideshow=\"d10c6f1\" data-elementor-lightbox-title=\"Affiche-fcj-design-print-freelance-graphiste\" data-e-action-hash=\"#elementor-action%3Aaction%3Dlightbox%26settings%3DeyJpZCI6MjI2MywidXJsIjoiaHR0cHM6XC9cL3d3dy5kaXJlY3RldXItYXJ0aXN0aXF1ZS1mcmVlbGFuY2UuZnJcL2dyYXBoaXN0ZVwvd3AtY29udGVudFwvdXBsb2Fkc1wvMjAyMFwvMTFcL0FmZmljaGUtZmNqLWRlc2lnbi1wcmludC1mcmVlbGFuY2UtZ3JhcGhpc3RlLmpwZyIsInNsaWRlc2hvdyI6ImQxMGM2ZjEifQ%3D%3D\" href='https:\/\/www.directeur-artistique-freelance.fr\/graphiste\/wp-content\/uploads\/2020\/11\/Affiche-fcj-design-print-freelance-graphiste.jpg'><img loading=\"lazy\" decoding=\"async\" width=\"1440\" height=\"1920\" src=\"https:\/\/www.directeur-artistique-freelance.fr\/graphiste\/wp-content\/uploads\/2020\/11\/Affiche-fcj-design-print-freelance-graphiste.jpg\" class=\"attachment-full size-full\" alt=\"\" srcset=\"https:\/\/www.directeur-artistique-freelance.fr\/graphiste\/wp-content\/uploads\/2020\/11\/Affiche-fcj-design-print-freelance-graphiste.jpg 1440w, https:\/\/www.directeur-artistique-freelance.fr\/graphiste\/wp-content\/uploads\/2020\/11\/Affiche-fcj-design-print-freelance-graphiste-225x300.jpg 225w, https:\/\/www.directeur-artistique-freelance.fr\/graphiste\/wp-content\/uploads\/2020\/11\/Affiche-fcj-design-print-freelance-graphiste-768x1024.jpg 768w, https:\/\/www.directeur-artistique-freelance.fr\/graphiste\/wp-content\/uploads\/2020\/11\/Affiche-fcj-design-print-freelance-graphiste-1152x1536.jpg 1152w\" sizes=\"(max-width: 1440px) 100vw, 1440px\" \/><\/a>\n\t\t\t<\/div><\/figure><figure class='gallery-item'>\n\t\t\t<div class='gallery-icon portrait'>\n\t\t\t\t<a data-elementor-open-lightbox=\"yes\" data-elementor-lightbox-slideshow=\"d10c6f1\" data-elementor-lightbox-title=\"affiche-femme-cancer-fondation-cognacq-jay-octobre-rose-design\" data-e-action-hash=\"#elementor-action%3Aaction%3Dlightbox%26settings%3DeyJpZCI6MjI2NCwidXJsIjoiaHR0cHM6XC9cL3d3dy5kaXJlY3RldXItYXJ0aXN0aXF1ZS1mcmVlbGFuY2UuZnJcL2dyYXBoaXN0ZVwvd3AtY29udGVudFwvdXBsb2Fkc1wvMjAyMFwvMTFcL2FmZmljaGUtZmVtbWUtY2FuY2VyLWZvbmRhdGlvbi1jb2duYWNxLWpheS1vY3RvYnJlLXJvc2UtZGVzaWduLmpwZyIsInNsaWRlc2hvdyI6ImQxMGM2ZjEifQ%3D%3D\" href='https:\/\/www.directeur-artistique-freelance.fr\/graphiste\/wp-content\/uploads\/2020\/11\/affiche-femme-cancer-fondation-cognacq-jay-octobre-rose-design.jpg'><img loading=\"lazy\" decoding=\"async\" width=\"1440\" height=\"1920\" src=\"https:\/\/www.directeur-artistique-freelance.fr\/graphiste\/wp-content\/uploads\/2020\/11\/affiche-femme-cancer-fondation-cognacq-jay-octobre-rose-design.jpg\" class=\"attachment-full size-full\" alt=\"\" srcset=\"https:\/\/www.directeur-artistique-freelance.fr\/graphiste\/wp-content\/uploads\/2020\/11\/affiche-femme-cancer-fondation-cognacq-jay-octobre-rose-design.jpg 1440w, https:\/\/www.directeur-artistique-freelance.fr\/graphiste\/wp-content\/uploads\/2020\/11\/affiche-femme-cancer-fondation-cognacq-jay-octobre-rose-design-225x300.jpg 225w, https:\/\/www.directeur-artistique-freelance.fr\/graphiste\/wp-content\/uploads\/2020\/11\/affiche-femme-cancer-fondation-cognacq-jay-octobre-rose-design-768x1024.jpg 768w, https:\/\/www.directeur-artistique-freelance.fr\/graphiste\/wp-content\/uploads\/2020\/11\/affiche-femme-cancer-fondation-cognacq-jay-octobre-rose-design-1152x1536.jpg 1152w\" sizes=\"(max-width: 1440px) 100vw, 1440px\" \/><\/a>\n\t\t\t<\/div><\/figure><figure class='gallery-item'>\n\t\t\t<div class='gallery-icon portrait'>\n\t\t\t\t<a data-elementor-open-lightbox=\"yes\" data-elementor-lightbox-slideshow=\"d10c6f1\" data-elementor-lightbox-title=\"affiche-medecin-graphiste-freelance-paris\" data-e-action-hash=\"#elementor-action%3Aaction%3Dlightbox%26settings%3DeyJpZCI6MjI2NSwidXJsIjoiaHR0cHM6XC9cL3d3dy5kaXJlY3RldXItYXJ0aXN0aXF1ZS1mcmVlbGFuY2UuZnJcL2dyYXBoaXN0ZVwvd3AtY29udGVudFwvdXBsb2Fkc1wvMjAyMFwvMTFcL2FmZmljaGUtbWVkZWNpbi1ncmFwaGlzdGUtZnJlZWxhbmNlLXBhcmlzLmpwZyIsInNsaWRlc2hvdyI6ImQxMGM2ZjEifQ%3D%3D\" href='https:\/\/www.directeur-artistique-freelance.fr\/graphiste\/wp-content\/uploads\/2020\/11\/affiche-medecin-graphiste-freelance-paris.jpg'><img loading=\"lazy\" decoding=\"async\" width=\"1440\" height=\"1920\" src=\"https:\/\/www.directeur-artistique-freelance.fr\/graphiste\/wp-content\/uploads\/2020\/11\/affiche-medecin-graphiste-freelance-paris.jpg\" class=\"attachment-full size-full\" alt=\"\" srcset=\"https:\/\/www.directeur-artistique-freelance.fr\/graphiste\/wp-content\/uploads\/2020\/11\/affiche-medecin-graphiste-freelance-paris.jpg 1440w, https:\/\/www.directeur-artistique-freelance.fr\/graphiste\/wp-content\/uploads\/2020\/11\/affiche-medecin-graphiste-freelance-paris-225x300.jpg 225w, https:\/\/www.directeur-artistique-freelance.fr\/graphiste\/wp-content\/uploads\/2020\/11\/affiche-medecin-graphiste-freelance-paris-768x1024.jpg 768w, https:\/\/www.directeur-artistique-freelance.fr\/graphiste\/wp-content\/uploads\/2020\/11\/affiche-medecin-graphiste-freelance-paris-1152x1536.jpg 1152w\" sizes=\"(max-width: 1440px) 100vw, 1440px\" \/><\/a>\n\t\t\t<\/div><\/figure><figure class='gallery-item'>\n\t\t\t<div class='gallery-icon portrait'>\n\t\t\t\t<a data-elementor-open-lightbox=\"yes\" data-elementor-lightbox-slideshow=\"d10c6f1\" data-elementor-lightbox-title=\"affiche-exposition-graphiste-fcj-design-petite-boule\" data-e-action-hash=\"#elementor-action%3Aaction%3Dlightbox%26settings%3DeyJpZCI6MjI2OCwidXJsIjoiaHR0cHM6XC9cL3d3dy5kaXJlY3RldXItYXJ0aXN0aXF1ZS1mcmVlbGFuY2UuZnJcL2dyYXBoaXN0ZVwvd3AtY29udGVudFwvdXBsb2Fkc1wvMjAyMFwvMTFcL2FmZmljaGUtZXhwb3NpdGlvbi1ncmFwaGlzdGUtZmNqLWRlc2lnbi1wZXRpdGUtYm91bGUuanBnIiwic2xpZGVzaG93IjoiZDEwYzZmMSJ9\" href='https:\/\/www.directeur-artistique-freelance.fr\/graphiste\/wp-content\/uploads\/2020\/11\/affiche-exposition-graphiste-fcj-design-petite-boule.jpg'><img loading=\"lazy\" decoding=\"async\" width=\"1440\" height=\"1920\" src=\"https:\/\/www.directeur-artistique-freelance.fr\/graphiste\/wp-content\/uploads\/2020\/11\/affiche-exposition-graphiste-fcj-design-petite-boule.jpg\" class=\"attachment-full size-full\" alt=\"\" srcset=\"https:\/\/www.directeur-artistique-freelance.fr\/graphiste\/wp-content\/uploads\/2020\/11\/affiche-exposition-graphiste-fcj-design-petite-boule.jpg 1440w, https:\/\/www.directeur-artistique-freelance.fr\/graphiste\/wp-content\/uploads\/2020\/11\/affiche-exposition-graphiste-fcj-design-petite-boule-225x300.jpg 225w, https:\/\/www.directeur-artistique-freelance.fr\/graphiste\/wp-content\/uploads\/2020\/11\/affiche-exposition-graphiste-fcj-design-petite-boule-768x1024.jpg 768w, https:\/\/www.directeur-artistique-freelance.fr\/graphiste\/wp-content\/uploads\/2020\/11\/affiche-exposition-graphiste-fcj-design-petite-boule-1152x1536.jpg 1152w\" sizes=\"(max-width: 1440px) 100vw, 1440px\" \/><\/a>\n\t\t\t<\/div><\/figure><figure class='gallery-item'>\n\t\t\t<div class='gallery-icon landscape'>\n\t\t\t\t<a data-elementor-open-lightbox=\"yes\" data-elementor-lightbox-slideshow=\"d10c6f1\" data-elementor-lightbox-title=\"iMac-site-internet-digital-graphisme-freelance-paris\" data-e-action-hash=\"#elementor-action%3Aaction%3Dlightbox%26settings%3DeyJpZCI6MjI4MiwidXJsIjoiaHR0cHM6XC9cL3d3dy5kaXJlY3RldXItYXJ0aXN0aXF1ZS1mcmVlbGFuY2UuZnJcL2dyYXBoaXN0ZVwvd3AtY29udGVudFwvdXBsb2Fkc1wvMjAyMFwvMTFcL2lNYWMtc2l0ZS1pbnRlcm5ldC1kaWdpdGFsLWdyYXBoaXNtZS1mcmVlbGFuY2UtcGFyaXMuanBnIiwic2xpZGVzaG93IjoiZDEwYzZmMSJ9\" href='https:\/\/www.directeur-artistique-freelance.fr\/graphiste\/wp-content\/uploads\/2020\/11\/iMac-site-internet-digital-graphisme-freelance-paris.jpg'><img loading=\"lazy\" decoding=\"async\" width=\"1920\" height=\"1440\" src=\"https:\/\/www.directeur-artistique-freelance.fr\/graphiste\/wp-content\/uploads\/2020\/11\/iMac-site-internet-digital-graphisme-freelance-paris.jpg\" class=\"attachment-full size-full\" alt=\"\" srcset=\"https:\/\/www.directeur-artistique-freelance.fr\/graphiste\/wp-content\/uploads\/2020\/11\/iMac-site-internet-digital-graphisme-freelance-paris.jpg 1920w, https:\/\/www.directeur-artistique-freelance.fr\/graphiste\/wp-content\/uploads\/2020\/11\/iMac-site-internet-digital-graphisme-freelance-paris-300x225.jpg 300w, https:\/\/www.directeur-artistique-freelance.fr\/graphiste\/wp-content\/uploads\/2020\/11\/iMac-site-internet-digital-graphisme-freelance-paris-1024x768.jpg 1024w, https:\/\/www.directeur-artistique-freelance.fr\/graphiste\/wp-content\/uploads\/2020\/11\/iMac-site-internet-digital-graphisme-freelance-paris-768x576.jpg 768w, https:\/\/www.directeur-artistique-freelance.fr\/graphiste\/wp-content\/uploads\/2020\/11\/iMac-site-internet-digital-graphisme-freelance-paris-1536x1152.jpg 1536w\" sizes=\"(max-width: 1920px) 100vw, 1920px\" \/><\/a>\n\t\t\t<\/div><\/figure><figure class='gallery-item'>\n\t\t\t<div class='gallery-icon landscape'>\n\t\t\t\t<a data-elementor-open-lightbox=\"yes\" data-elementor-lightbox-slideshow=\"d10c6f1\" data-elementor-lightbox-title=\"iphone-reseaux-sociaux-fcj-digital-graphiste\" data-e-action-hash=\"#elementor-action%3Aaction%3Dlightbox%26settings%3DeyJpZCI6MjI4MywidXJsIjoiaHR0cHM6XC9cL3d3dy5kaXJlY3RldXItYXJ0aXN0aXF1ZS1mcmVlbGFuY2UuZnJcL2dyYXBoaXN0ZVwvd3AtY29udGVudFwvdXBsb2Fkc1wvMjAyMFwvMTFcL2lwaG9uZS1yZXNlYXV4LXNvY2lhdXgtZmNqLWRpZ2l0YWwtZ3JhcGhpc3RlLmpwZyIsInNsaWRlc2hvdyI6ImQxMGM2ZjEifQ%3D%3D\" href='https:\/\/www.directeur-artistique-freelance.fr\/graphiste\/wp-content\/uploads\/2020\/11\/iphone-reseaux-sociaux-fcj-digital-graphiste.jpg'><img loading=\"lazy\" decoding=\"async\" width=\"1920\" height=\"1440\" src=\"https:\/\/www.directeur-artistique-freelance.fr\/graphiste\/wp-content\/uploads\/2020\/11\/iphone-reseaux-sociaux-fcj-digital-graphiste.jpg\" class=\"attachment-full size-full\" alt=\"\" srcset=\"https:\/\/www.directeur-artistique-freelance.fr\/graphiste\/wp-content\/uploads\/2020\/11\/iphone-reseaux-sociaux-fcj-digital-graphiste.jpg 1920w, https:\/\/www.directeur-artistique-freelance.fr\/graphiste\/wp-content\/uploads\/2020\/11\/iphone-reseaux-sociaux-fcj-digital-graphiste-300x225.jpg 300w, https:\/\/www.directeur-artistique-freelance.fr\/graphiste\/wp-content\/uploads\/2020\/11\/iphone-reseaux-sociaux-fcj-digital-graphiste-1024x768.jpg 1024w, https:\/\/www.directeur-artistique-freelance.fr\/graphiste\/wp-content\/uploads\/2020\/11\/iphone-reseaux-sociaux-fcj-digital-graphiste-768x576.jpg 768w, https:\/\/www.directeur-artistique-freelance.fr\/graphiste\/wp-content\/uploads\/2020\/11\/iphone-reseaux-sociaux-fcj-digital-graphiste-1536x1152.jpg 1536w\" sizes=\"(max-width: 1920px) 100vw, 1920px\" \/><\/a>\n\t\t\t<\/div><\/figure>\n\t\t<\/div>\n\t\t<\/div>\n\t\t\t\t\t\t<\/div>\n\t\t\t\t<\/div>\n\t\t\t\t\t<\/div>\n\t\t<\/div>\n\t\t\t\t\t<\/div>\n\t\t<\/section>\n\t\t\t\t<section class=\"elementor-section elementor-top-section elementor-element elementor-element-d253369 elementor-section-boxed elementor-section-height-default elementor-section-height-default\" data-id=\"d253369\" data-element_type=\"section\">\n\t\t\t\t\t\t<div class=\"elementor-container elementor-column-gap-default\">\n\t\t\t\t\t<div class=\"elementor-column elementor-col-100 elementor-top-column elementor-element elementor-element-57c0de4\" data-id=\"57c0de4\" data-element_type=\"column\">\n\t\t\t<div class=\"elementor-widget-wrap elementor-element-populated\">\n\t\t\t\t\t\t<div class=\"elementor-element elementor-element-1d7ed33 elementor-widget elementor-widget-image\" data-id=\"1d7ed33\" data-element_type=\"widget\" data-widget_type=\"image.default\">\n\t\t\t\t<div class=\"elementor-widget-container\">\n\t\t\t\t\t\t\t\t\t\t\t\t\t\t\t<img loading=\"lazy\" decoding=\"async\" width=\"2353\" height=\"1440\" src=\"https:\/\/www.directeur-artistique-freelance.fr\/graphiste\/wp-content\/uploads\/2020\/11\/image-reseaux-sociaux-digital-graphisme-freelanc_V1.jpg\" class=\"attachment-full size-full wp-image-2287\" alt=\"\" srcset=\"https:\/\/www.directeur-artistique-freelance.fr\/graphiste\/wp-content\/uploads\/2020\/11\/image-reseaux-sociaux-digital-graphisme-freelanc_V1.jpg 2353w, https:\/\/www.directeur-artistique-freelance.fr\/graphiste\/wp-content\/uploads\/2020\/11\/image-reseaux-sociaux-digital-graphisme-freelanc_V1-300x184.jpg 300w, https:\/\/www.directeur-artistique-freelance.fr\/graphiste\/wp-content\/uploads\/2020\/11\/image-reseaux-sociaux-digital-graphisme-freelanc_V1-1024x627.jpg 1024w, https:\/\/www.directeur-artistique-freelance.fr\/graphiste\/wp-content\/uploads\/2020\/11\/image-reseaux-sociaux-digital-graphisme-freelanc_V1-768x470.jpg 768w, https:\/\/www.directeur-artistique-freelance.fr\/graphiste\/wp-content\/uploads\/2020\/11\/image-reseaux-sociaux-digital-graphisme-freelanc_V1-1536x940.jpg 1536w, https:\/\/www.directeur-artistique-freelance.fr\/graphiste\/wp-content\/uploads\/2020\/11\/image-reseaux-sociaux-digital-graphisme-freelanc_V1-2048x1253.jpg 2048w\" sizes=\"(max-width: 2353px) 100vw, 2353px\" \/>\t\t\t\t\t\t\t\t\t\t\t\t\t\t\t<\/div>\n\t\t\t\t<\/div>\n\t\t\t\t\t<\/div>\n\t\t<\/div>\n\t\t\t\t\t<\/div>\n\t\t<\/section>\n\t\t\t\t<section class=\"elementor-section elementor-top-section elementor-element elementor-element-0ea6c10 elementor-section-boxed elementor-section-height-default elementor-section-height-default\" data-id=\"0ea6c10\" data-element_type=\"section\">\n\t\t\t\t\t\t<div class=\"elementor-container elementor-column-gap-default\">\n\t\t\t\t\t<div class=\"elementor-column elementor-col-100 elementor-top-column elementor-element elementor-element-db18ec4\" data-id=\"db18ec4\" data-element_type=\"column\">\n\t\t\t<div class=\"elementor-widget-wrap elementor-element-populated\">\n\t\t\t\t\t\t<div class=\"elementor-element elementor-element-c932da3 elementor-widget elementor-widget-image\" data-id=\"c932da3\" data-element_type=\"widget\" data-widget_type=\"image.default\">\n\t\t\t\t<div class=\"elementor-widget-container\">\n\t\t\t\t\t\t\t\t\t\t\t\t\t\t\t<img loading=\"lazy\" decoding=\"async\" width=\"2353\" height=\"1440\" src=\"https:\/\/www.directeur-artistique-freelance.fr\/graphiste\/wp-content\/uploads\/2020\/11\/image-reseaux-sociaux-digital-graphisme-freelanc_V2.jpg\" class=\"attachment-full size-full wp-image-2291\" alt=\"\" srcset=\"https:\/\/www.directeur-artistique-freelance.fr\/graphiste\/wp-content\/uploads\/2020\/11\/image-reseaux-sociaux-digital-graphisme-freelanc_V2.jpg 2353w, https:\/\/www.directeur-artistique-freelance.fr\/graphiste\/wp-content\/uploads\/2020\/11\/image-reseaux-sociaux-digital-graphisme-freelanc_V2-300x184.jpg 300w, https:\/\/www.directeur-artistique-freelance.fr\/graphiste\/wp-content\/uploads\/2020\/11\/image-reseaux-sociaux-digital-graphisme-freelanc_V2-1024x627.jpg 1024w, https:\/\/www.directeur-artistique-freelance.fr\/graphiste\/wp-content\/uploads\/2020\/11\/image-reseaux-sociaux-digital-graphisme-freelanc_V2-768x470.jpg 768w, https:\/\/www.directeur-artistique-freelance.fr\/graphiste\/wp-content\/uploads\/2020\/11\/image-reseaux-sociaux-digital-graphisme-freelanc_V2-1536x940.jpg 1536w, https:\/\/www.directeur-artistique-freelance.fr\/graphiste\/wp-content\/uploads\/2020\/11\/image-reseaux-sociaux-digital-graphisme-freelanc_V2-2048x1253.jpg 2048w\" sizes=\"(max-width: 2353px) 100vw, 2353px\" \/>\t\t\t\t\t\t\t\t\t\t\t\t\t\t\t<\/div>\n\t\t\t\t<\/div>\n\t\t\t\t\t<\/div>\n\t\t<\/div>\n\t\t\t\t\t<\/div>\n\t\t<\/section>\n\t\t\t\t<section class=\"elementor-section elementor-top-section elementor-element elementor-element-93885b2 elementor-section-boxed elementor-section-height-default elementor-section-height-default\" data-id=\"93885b2\" data-element_type=\"section\">\n\t\t\t\t\t\t<div class=\"elementor-container elementor-column-gap-default\">\n\t\t\t\t\t<div class=\"elementor-column elementor-col-100 elementor-top-column elementor-element elementor-element-8e979f8\" data-id=\"8e979f8\" data-element_type=\"column\">\n\t\t\t<div class=\"elementor-widget-wrap elementor-element-populated\">\n\t\t\t\t\t\t<div class=\"elementor-element elementor-element-bcdf5f4 elementor-widget elementor-widget-image\" data-id=\"bcdf5f4\" data-element_type=\"widget\" data-widget_type=\"image.default\">\n\t\t\t\t<div class=\"elementor-widget-container\">\n\t\t\t\t\t\t\t\t\t\t\t\t\t\t\t<img loading=\"lazy\" decoding=\"async\" width=\"2353\" height=\"1440\" src=\"https:\/\/www.directeur-artistique-freelance.fr\/graphiste\/wp-content\/uploads\/2020\/11\/image-reseaux-sociaux-digital-graphisme-freelanc_V3.jpg\" class=\"attachment-full size-full wp-image-2295\" alt=\"\" srcset=\"https:\/\/www.directeur-artistique-freelance.fr\/graphiste\/wp-content\/uploads\/2020\/11\/image-reseaux-sociaux-digital-graphisme-freelanc_V3.jpg 2353w, https:\/\/www.directeur-artistique-freelance.fr\/graphiste\/wp-content\/uploads\/2020\/11\/image-reseaux-sociaux-digital-graphisme-freelanc_V3-300x184.jpg 300w, https:\/\/www.directeur-artistique-freelance.fr\/graphiste\/wp-content\/uploads\/2020\/11\/image-reseaux-sociaux-digital-graphisme-freelanc_V3-1024x627.jpg 1024w, https:\/\/www.directeur-artistique-freelance.fr\/graphiste\/wp-content\/uploads\/2020\/11\/image-reseaux-sociaux-digital-graphisme-freelanc_V3-768x470.jpg 768w, https:\/\/www.directeur-artistique-freelance.fr\/graphiste\/wp-content\/uploads\/2020\/11\/image-reseaux-sociaux-digital-graphisme-freelanc_V3-1536x940.jpg 1536w, https:\/\/www.directeur-artistique-freelance.fr\/graphiste\/wp-content\/uploads\/2020\/11\/image-reseaux-sociaux-digital-graphisme-freelanc_V3-2048x1253.jpg 2048w\" sizes=\"(max-width: 2353px) 100vw, 2353px\" \/>\t\t\t\t\t\t\t\t\t\t\t\t\t\t\t<\/div>\n\t\t\t\t<\/div>\n\t\t\t\t\t<\/div>\n\t\t<\/div>\n\t\t\t\t\t<\/div>\n\t\t<\/section>\n\t\t\t\t<\/div>\n\t\t","protected":false},"excerpt":{"rendered":"<p>Client: Fondation Cognacq-Jay Date: Ao\u00fbt, 2020 Fondation Cognacq-Jay Le cancer : avec vous tout au long du parcours En 2021, j&rsquo;ai \u00e9t\u00e9 contact\u00e9 par la Fondation Cognacq-Jay pour la r\u00e9alisation dune campagne sur le cancer et l&rsquo;accompagnement tout au long du parcours m\u00e9dical. Nous avons donc d\u00e9cider de r\u00e9aliser 5 affiches pour expliquer l&rsquo;accompagnement dans [&hellip;]<\/p>\n","protected":false},"author":1,"featured_media":2246,"comment_status":"open","ping_status":"open","sticky":false,"template":"","format":"standard","meta":{"footnotes":""},"categories":[8,5,4],"tags":[],"class_list":["post-2245","post","type-post","status-publish","format-standard","has-post-thumbnail","hentry","category-numeriques","category-illustrations","category-print-edition"],"yoast_head":"<!-- This site is optimized with the Yoast SEO plugin v26.8 - https:\/\/yoast.com\/product\/yoast-seo-wordpress\/ -->\n<title>Fondation Cognacq-Jay - Graphiste Freelance<\/title>\n<meta name=\"robots\" content=\"index, follow, max-snippet:-1, max-image-preview:large, max-video-preview:-1\" \/>\n<link rel=\"canonical\" href=\"https:\/\/www.directeur-artistique-freelance.fr\/graphiste\/fondation-cognacq-jay\/\" \/>\n<meta property=\"og:locale\" content=\"fr_FR\" \/>\n<meta property=\"og:type\" content=\"article\" \/>\n<meta property=\"og:title\" content=\"Fondation Cognacq-Jay - Graphiste Freelance\" \/>\n<meta property=\"og:description\" content=\"Client: Fondation Cognacq-Jay Date: Ao\u00fbt, 2020 Fondation Cognacq-Jay Le cancer : avec vous tout au long du parcours En 2021, j&rsquo;ai \u00e9t\u00e9 contact\u00e9 par la Fondation Cognacq-Jay pour la r\u00e9alisation dune campagne sur le cancer et l&rsquo;accompagnement tout au long du parcours m\u00e9dical. Nous avons donc d\u00e9cider de r\u00e9aliser 5 affiches pour expliquer l&rsquo;accompagnement dans [&hellip;]\" \/>\n<meta property=\"og:url\" content=\"https:\/\/www.directeur-artistique-freelance.fr\/graphiste\/fondation-cognacq-jay\/\" \/>\n<meta property=\"og:site_name\" content=\"Graphiste Freelance\" \/>\n<meta property=\"article:publisher\" content=\"https:\/\/www.facebook.com\/annepieusserguesdherbicourt\/\" \/>\n<meta property=\"article:published_time\" content=\"2020-11-15T11:04:09+00:00\" \/>\n<meta property=\"article:modified_time\" content=\"2022-08-04T16:46:09+00:00\" \/>\n<meta property=\"og:image\" content=\"https:\/\/www.directeur-artistique-freelance.fr\/graphiste\/wp-content\/uploads\/2020\/11\/vignette-fcj-cancer-octobre-rose.jpg\" \/>\n\t<meta property=\"og:image:width\" content=\"1460\" \/>\n\t<meta property=\"og:image:height\" content=\"1140\" \/>\n\t<meta property=\"og:image:type\" content=\"image\/jpeg\" \/>\n<meta name=\"author\" content=\"Freelance\" \/>\n<meta name=\"twitter:card\" content=\"summary_large_image\" \/>\n<meta name=\"twitter:creator\" content=\"@Cheesenane\" \/>\n<meta name=\"twitter:site\" content=\"@Cheesenane\" \/>\n<meta name=\"twitter:label1\" content=\"\u00c9crit par\" \/>\n\t<meta name=\"twitter:data1\" content=\"Freelance\" \/>\n\t<meta name=\"twitter:label2\" content=\"Dur\u00e9e de lecture estim\u00e9e\" \/>\n\t<meta name=\"twitter:data2\" content=\"9 minutes\" \/>\n<script type=\"application\/ld+json\" class=\"yoast-schema-graph\">{\"@context\":\"https:\/\/schema.org\",\"@graph\":[{\"@type\":\"Article\",\"@id\":\"https:\/\/www.directeur-artistique-freelance.fr\/graphiste\/fondation-cognacq-jay\/#article\",\"isPartOf\":{\"@id\":\"https:\/\/www.directeur-artistique-freelance.fr\/graphiste\/fondation-cognacq-jay\/\"},\"author\":{\"name\":\"Freelance\",\"@id\":\"https:\/\/www.directeur-artistique-freelance.fr\/graphiste\/#\/schema\/person\/7a179c6e49ca4d029f1c0f9aac0b5e03\"},\"headline\":\"Fondation Cognacq-Jay\",\"datePublished\":\"2020-11-15T11:04:09+00:00\",\"dateModified\":\"2022-08-04T16:46:09+00:00\",\"mainEntityOfPage\":{\"@id\":\"https:\/\/www.directeur-artistique-freelance.fr\/graphiste\/fondation-cognacq-jay\/\"},\"wordCount\":593,\"commentCount\":0,\"publisher\":{\"@id\":\"https:\/\/www.directeur-artistique-freelance.fr\/graphiste\/#organization\"},\"image\":{\"@id\":\"https:\/\/www.directeur-artistique-freelance.fr\/graphiste\/fondation-cognacq-jay\/#primaryimage\"},\"thumbnailUrl\":\"https:\/\/www.directeur-artistique-freelance.fr\/graphiste\/wp-content\/uploads\/2020\/11\/vignette-fcj-cancer-octobre-rose.jpg\",\"articleSection\":[\"Digital\",\"Illustrations\",\"Print - \u00e9dition\"],\"inLanguage\":\"fr-FR\",\"potentialAction\":[{\"@type\":\"CommentAction\",\"name\":\"Comment\",\"target\":[\"https:\/\/www.directeur-artistique-freelance.fr\/graphiste\/fondation-cognacq-jay\/#respond\"]}]},{\"@type\":\"WebPage\",\"@id\":\"https:\/\/www.directeur-artistique-freelance.fr\/graphiste\/fondation-cognacq-jay\/\",\"url\":\"https:\/\/www.directeur-artistique-freelance.fr\/graphiste\/fondation-cognacq-jay\/\",\"name\":\"Fondation Cognacq-Jay - Graphiste Freelance\",\"isPartOf\":{\"@id\":\"https:\/\/www.directeur-artistique-freelance.fr\/graphiste\/#website\"},\"primaryImageOfPage\":{\"@id\":\"https:\/\/www.directeur-artistique-freelance.fr\/graphiste\/fondation-cognacq-jay\/#primaryimage\"},\"image\":{\"@id\":\"https:\/\/www.directeur-artistique-freelance.fr\/graphiste\/fondation-cognacq-jay\/#primaryimage\"},\"thumbnailUrl\":\"https:\/\/www.directeur-artistique-freelance.fr\/graphiste\/wp-content\/uploads\/2020\/11\/vignette-fcj-cancer-octobre-rose.jpg\",\"datePublished\":\"2020-11-15T11:04:09+00:00\",\"dateModified\":\"2022-08-04T16:46:09+00:00\",\"breadcrumb\":{\"@id\":\"https:\/\/www.directeur-artistique-freelance.fr\/graphiste\/fondation-cognacq-jay\/#breadcrumb\"},\"inLanguage\":\"fr-FR\",\"potentialAction\":[{\"@type\":\"ReadAction\",\"target\":[\"https:\/\/www.directeur-artistique-freelance.fr\/graphiste\/fondation-cognacq-jay\/\"]}]},{\"@type\":\"ImageObject\",\"inLanguage\":\"fr-FR\",\"@id\":\"https:\/\/www.directeur-artistique-freelance.fr\/graphiste\/fondation-cognacq-jay\/#primaryimage\",\"url\":\"https:\/\/www.directeur-artistique-freelance.fr\/graphiste\/wp-content\/uploads\/2020\/11\/vignette-fcj-cancer-octobre-rose.jpg\",\"contentUrl\":\"https:\/\/www.directeur-artistique-freelance.fr\/graphiste\/wp-content\/uploads\/2020\/11\/vignette-fcj-cancer-octobre-rose.jpg\",\"width\":1460,\"height\":1140},{\"@type\":\"BreadcrumbList\",\"@id\":\"https:\/\/www.directeur-artistique-freelance.fr\/graphiste\/fondation-cognacq-jay\/#breadcrumb\",\"itemListElement\":[{\"@type\":\"ListItem\",\"position\":1,\"name\":\"Accueil\",\"item\":\"https:\/\/www.directeur-artistique-freelance.fr\/graphiste\/\"},{\"@type\":\"ListItem\",\"position\":2,\"name\":\"Fondation Cognacq-Jay\"}]},{\"@type\":\"WebSite\",\"@id\":\"https:\/\/www.directeur-artistique-freelance.fr\/graphiste\/#website\",\"url\":\"https:\/\/www.directeur-artistique-freelance.fr\/graphiste\/\",\"name\":\"Graphiste Freelance\",\"description\":\"Saint Germain en Laye 78\",\"publisher\":{\"@id\":\"https:\/\/www.directeur-artistique-freelance.fr\/graphiste\/#organization\"},\"potentialAction\":[{\"@type\":\"SearchAction\",\"target\":{\"@type\":\"EntryPoint\",\"urlTemplate\":\"https:\/\/www.directeur-artistique-freelance.fr\/graphiste\/?s={search_term_string}\"},\"query-input\":{\"@type\":\"PropertyValueSpecification\",\"valueRequired\":true,\"valueName\":\"search_term_string\"}}],\"inLanguage\":\"fr-FR\"},{\"@type\":\"Organization\",\"@id\":\"https:\/\/www.directeur-artistique-freelance.fr\/graphiste\/#organization\",\"name\":\"Anne Pieussergues Dherbicourt\",\"url\":\"https:\/\/www.directeur-artistique-freelance.fr\/graphiste\/\",\"logo\":{\"@type\":\"ImageObject\",\"inLanguage\":\"fr-FR\",\"@id\":\"https:\/\/www.directeur-artistique-freelance.fr\/graphiste\/#\/schema\/logo\/image\/\",\"url\":\"https:\/\/www.directeur-artistique-freelance.fr\/graphiste\/wp-content\/uploads\/2019\/06\/graphiste-freelance-saint-germain-en-laye.png\",\"contentUrl\":\"https:\/\/www.directeur-artistique-freelance.fr\/graphiste\/wp-content\/uploads\/2019\/06\/graphiste-freelance-saint-germain-en-laye.png\",\"width\":667,\"height\":200,\"caption\":\"Anne Pieussergues Dherbicourt\"},\"image\":{\"@id\":\"https:\/\/www.directeur-artistique-freelance.fr\/graphiste\/#\/schema\/logo\/image\/\"},\"sameAs\":[\"https:\/\/www.facebook.com\/annepieusserguesdherbicourt\/\",\"https:\/\/x.com\/Cheesenane\",\"https:\/\/www.instagram.com\/anne_pieussergues_dherbicourt\/\",\"https:\/\/www.linkedin.com\/in\/anne-pieussergues-dherbicourt-61603812\/\",\"https:\/\/www.pinterest.fr\/cheesenane\/my-artwork\/\"]},{\"@type\":\"Person\",\"@id\":\"https:\/\/www.directeur-artistique-freelance.fr\/graphiste\/#\/schema\/person\/7a179c6e49ca4d029f1c0f9aac0b5e03\",\"name\":\"Freelance\",\"image\":{\"@type\":\"ImageObject\",\"inLanguage\":\"fr-FR\",\"@id\":\"https:\/\/www.directeur-artistique-freelance.fr\/graphiste\/#\/schema\/person\/image\/\",\"url\":\"https:\/\/www.directeur-artistique-freelance.fr\/graphiste\/wp-content\/litespeed\/avatar\/6f6844df38c3851153fa746d447a597e.jpg?ver=1777339941\",\"contentUrl\":\"https:\/\/www.directeur-artistique-freelance.fr\/graphiste\/wp-content\/litespeed\/avatar\/6f6844df38c3851153fa746d447a597e.jpg?ver=1777339941\",\"caption\":\"Freelance\"},\"url\":\"https:\/\/www.directeur-artistique-freelance.fr\/graphiste\/author\/freelance\/\"}]}<\/script>\n<!-- \/ Yoast SEO plugin. -->","yoast_head_json":{"title":"Fondation Cognacq-Jay - Graphiste Freelance","robots":{"index":"index","follow":"follow","max-snippet":"max-snippet:-1","max-image-preview":"max-image-preview:large","max-video-preview":"max-video-preview:-1"},"canonical":"https:\/\/www.directeur-artistique-freelance.fr\/graphiste\/fondation-cognacq-jay\/","og_locale":"fr_FR","og_type":"article","og_title":"Fondation Cognacq-Jay - Graphiste Freelance","og_description":"Client: Fondation Cognacq-Jay Date: Ao\u00fbt, 2020 Fondation Cognacq-Jay Le cancer : avec vous tout au long du parcours En 2021, j&rsquo;ai \u00e9t\u00e9 contact\u00e9 par la Fondation Cognacq-Jay pour la r\u00e9alisation dune campagne sur le cancer et l&rsquo;accompagnement tout au long du parcours m\u00e9dical. Nous avons donc d\u00e9cider de r\u00e9aliser 5 affiches pour expliquer l&rsquo;accompagnement dans [&hellip;]","og_url":"https:\/\/www.directeur-artistique-freelance.fr\/graphiste\/fondation-cognacq-jay\/","og_site_name":"Graphiste Freelance","article_publisher":"https:\/\/www.facebook.com\/annepieusserguesdherbicourt\/","article_published_time":"2020-11-15T11:04:09+00:00","article_modified_time":"2022-08-04T16:46:09+00:00","og_image":[{"width":1460,"height":1140,"url":"https:\/\/www.directeur-artistique-freelance.fr\/graphiste\/wp-content\/uploads\/2020\/11\/vignette-fcj-cancer-octobre-rose.jpg","type":"image\/jpeg"}],"author":"Freelance","twitter_card":"summary_large_image","twitter_creator":"@Cheesenane","twitter_site":"@Cheesenane","twitter_misc":{"\u00c9crit par":"Freelance","Dur\u00e9e de lecture estim\u00e9e":"9 minutes"},"schema":{"@context":"https:\/\/schema.org","@graph":[{"@type":"Article","@id":"https:\/\/www.directeur-artistique-freelance.fr\/graphiste\/fondation-cognacq-jay\/#article","isPartOf":{"@id":"https:\/\/www.directeur-artistique-freelance.fr\/graphiste\/fondation-cognacq-jay\/"},"author":{"name":"Freelance","@id":"https:\/\/www.directeur-artistique-freelance.fr\/graphiste\/#\/schema\/person\/7a179c6e49ca4d029f1c0f9aac0b5e03"},"headline":"Fondation Cognacq-Jay","datePublished":"2020-11-15T11:04:09+00:00","dateModified":"2022-08-04T16:46:09+00:00","mainEntityOfPage":{"@id":"https:\/\/www.directeur-artistique-freelance.fr\/graphiste\/fondation-cognacq-jay\/"},"wordCount":593,"commentCount":0,"publisher":{"@id":"https:\/\/www.directeur-artistique-freelance.fr\/graphiste\/#organization"},"image":{"@id":"https:\/\/www.directeur-artistique-freelance.fr\/graphiste\/fondation-cognacq-jay\/#primaryimage"},"thumbnailUrl":"https:\/\/www.directeur-artistique-freelance.fr\/graphiste\/wp-content\/uploads\/2020\/11\/vignette-fcj-cancer-octobre-rose.jpg","articleSection":["Digital","Illustrations","Print - \u00e9dition"],"inLanguage":"fr-FR","potentialAction":[{"@type":"CommentAction","name":"Comment","target":["https:\/\/www.directeur-artistique-freelance.fr\/graphiste\/fondation-cognacq-jay\/#respond"]}]},{"@type":"WebPage","@id":"https:\/\/www.directeur-artistique-freelance.fr\/graphiste\/fondation-cognacq-jay\/","url":"https:\/\/www.directeur-artistique-freelance.fr\/graphiste\/fondation-cognacq-jay\/","name":"Fondation Cognacq-Jay - Graphiste Freelance","isPartOf":{"@id":"https:\/\/www.directeur-artistique-freelance.fr\/graphiste\/#website"},"primaryImageOfPage":{"@id":"https:\/\/www.directeur-artistique-freelance.fr\/graphiste\/fondation-cognacq-jay\/#primaryimage"},"image":{"@id":"https:\/\/www.directeur-artistique-freelance.fr\/graphiste\/fondation-cognacq-jay\/#primaryimage"},"thumbnailUrl":"https:\/\/www.directeur-artistique-freelance.fr\/graphiste\/wp-content\/uploads\/2020\/11\/vignette-fcj-cancer-octobre-rose.jpg","datePublished":"2020-11-15T11:04:09+00:00","dateModified":"2022-08-04T16:46:09+00:00","breadcrumb":{"@id":"https:\/\/www.directeur-artistique-freelance.fr\/graphiste\/fondation-cognacq-jay\/#breadcrumb"},"inLanguage":"fr-FR","potentialAction":[{"@type":"ReadAction","target":["https:\/\/www.directeur-artistique-freelance.fr\/graphiste\/fondation-cognacq-jay\/"]}]},{"@type":"ImageObject","inLanguage":"fr-FR","@id":"https:\/\/www.directeur-artistique-freelance.fr\/graphiste\/fondation-cognacq-jay\/#primaryimage","url":"https:\/\/www.directeur-artistique-freelance.fr\/graphiste\/wp-content\/uploads\/2020\/11\/vignette-fcj-cancer-octobre-rose.jpg","contentUrl":"https:\/\/www.directeur-artistique-freelance.fr\/graphiste\/wp-content\/uploads\/2020\/11\/vignette-fcj-cancer-octobre-rose.jpg","width":1460,"height":1140},{"@type":"BreadcrumbList","@id":"https:\/\/www.directeur-artistique-freelance.fr\/graphiste\/fondation-cognacq-jay\/#breadcrumb","itemListElement":[{"@type":"ListItem","position":1,"name":"Accueil","item":"https:\/\/www.directeur-artistique-freelance.fr\/graphiste\/"},{"@type":"ListItem","position":2,"name":"Fondation Cognacq-Jay"}]},{"@type":"WebSite","@id":"https:\/\/www.directeur-artistique-freelance.fr\/graphiste\/#website","url":"https:\/\/www.directeur-artistique-freelance.fr\/graphiste\/","name":"Graphiste Freelance","description":"Saint Germain en Laye 78","publisher":{"@id":"https:\/\/www.directeur-artistique-freelance.fr\/graphiste\/#organization"},"potentialAction":[{"@type":"SearchAction","target":{"@type":"EntryPoint","urlTemplate":"https:\/\/www.directeur-artistique-freelance.fr\/graphiste\/?s={search_term_string}"},"query-input":{"@type":"PropertyValueSpecification","valueRequired":true,"valueName":"search_term_string"}}],"inLanguage":"fr-FR"},{"@type":"Organization","@id":"https:\/\/www.directeur-artistique-freelance.fr\/graphiste\/#organization","name":"Anne Pieussergues Dherbicourt","url":"https:\/\/www.directeur-artistique-freelance.fr\/graphiste\/","logo":{"@type":"ImageObject","inLanguage":"fr-FR","@id":"https:\/\/www.directeur-artistique-freelance.fr\/graphiste\/#\/schema\/logo\/image\/","url":"https:\/\/www.directeur-artistique-freelance.fr\/graphiste\/wp-content\/uploads\/2019\/06\/graphiste-freelance-saint-germain-en-laye.png","contentUrl":"https:\/\/www.directeur-artistique-freelance.fr\/graphiste\/wp-content\/uploads\/2019\/06\/graphiste-freelance-saint-germain-en-laye.png","width":667,"height":200,"caption":"Anne Pieussergues Dherbicourt"},"image":{"@id":"https:\/\/www.directeur-artistique-freelance.fr\/graphiste\/#\/schema\/logo\/image\/"},"sameAs":["https:\/\/www.facebook.com\/annepieusserguesdherbicourt\/","https:\/\/x.com\/Cheesenane","https:\/\/www.instagram.com\/anne_pieussergues_dherbicourt\/","https:\/\/www.linkedin.com\/in\/anne-pieussergues-dherbicourt-61603812\/","https:\/\/www.pinterest.fr\/cheesenane\/my-artwork\/"]},{"@type":"Person","@id":"https:\/\/www.directeur-artistique-freelance.fr\/graphiste\/#\/schema\/person\/7a179c6e49ca4d029f1c0f9aac0b5e03","name":"Freelance","image":{"@type":"ImageObject","inLanguage":"fr-FR","@id":"https:\/\/www.directeur-artistique-freelance.fr\/graphiste\/#\/schema\/person\/image\/","url":"https:\/\/www.directeur-artistique-freelance.fr\/graphiste\/wp-content\/litespeed\/avatar\/6f6844df38c3851153fa746d447a597e.jpg?ver=1777339941","contentUrl":"https:\/\/www.directeur-artistique-freelance.fr\/graphiste\/wp-content\/litespeed\/avatar\/6f6844df38c3851153fa746d447a597e.jpg?ver=1777339941","caption":"Freelance"},"url":"https:\/\/www.directeur-artistique-freelance.fr\/graphiste\/author\/freelance\/"}]}},"_links":{"self":[{"href":"https:\/\/www.directeur-artistique-freelance.fr\/graphiste\/wp-json\/wp\/v2\/posts\/2245","targetHints":{"allow":["GET"]}}],"collection":[{"href":"https:\/\/www.directeur-artistique-freelance.fr\/graphiste\/wp-json\/wp\/v2\/posts"}],"about":[{"href":"https:\/\/www.directeur-artistique-freelance.fr\/graphiste\/wp-json\/wp\/v2\/types\/post"}],"author":[{"embeddable":true,"href":"https:\/\/www.directeur-artistique-freelance.fr\/graphiste\/wp-json\/wp\/v2\/users\/1"}],"replies":[{"embeddable":true,"href":"https:\/\/www.directeur-artistique-freelance.fr\/graphiste\/wp-json\/wp\/v2\/comments?post=2245"}],"version-history":[{"count":86,"href":"https:\/\/www.directeur-artistique-freelance.fr\/graphiste\/wp-json\/wp\/v2\/posts\/2245\/revisions"}],"predecessor-version":[{"id":2991,"href":"https:\/\/www.directeur-artistique-freelance.fr\/graphiste\/wp-json\/wp\/v2\/posts\/2245\/revisions\/2991"}],"wp:featuredmedia":[{"embeddable":true,"href":"https:\/\/www.directeur-artistique-freelance.fr\/graphiste\/wp-json\/wp\/v2\/media\/2246"}],"wp:attachment":[{"href":"https:\/\/www.directeur-artistique-freelance.fr\/graphiste\/wp-json\/wp\/v2\/media?parent=2245"}],"wp:term":[{"taxonomy":"category","embeddable":true,"href":"https:\/\/www.directeur-artistique-freelance.fr\/graphiste\/wp-json\/wp\/v2\/categories?post=2245"},{"taxonomy":"post_tag","embeddable":true,"href":"https:\/\/www.directeur-artistique-freelance.fr\/graphiste\/wp-json\/wp\/v2\/tags?post=2245"}],"curies":[{"name":"wp","href":"https:\/\/api.w.org\/{rel}","templated":true}]}}