{"id":2157,"date":"2020-06-08T19:21:58","date_gmt":"2020-06-08T17:21:58","guid":{"rendered":"https:\/\/www.directeur-artistique-freelance.fr\/graphiste\/?p=2157"},"modified":"2020-06-08T19:38:18","modified_gmt":"2020-06-08T17:38:18","slug":"exposition-plantae-2020-de-la-sba","status":"publish","type":"post","link":"https:\/\/www.directeur-artistique-freelance.fr\/graphiste\/exposition-plantae-2020-de-la-sba\/","title":{"rendered":"Exposition Plantae 2020 de la SBA"},"content":{"rendered":"\t\t<div data-elementor-type=\"wp-post\" data-elementor-id=\"2157\" class=\"elementor elementor-2157\" data-elementor-post-type=\"post\">\n\t\t\t\t\t\t<section class=\"elementor-section elementor-top-section elementor-element elementor-element-823d00b elementor-section-boxed elementor-section-height-default elementor-section-height-default\" data-id=\"823d00b\" data-element_type=\"section\">\n\t\t\t\t\t\t<div class=\"elementor-container elementor-column-gap-default\">\n\t\t\t\t\t<div class=\"elementor-column elementor-col-100 elementor-top-column elementor-element elementor-element-a2b61c5\" data-id=\"a2b61c5\" data-element_type=\"column\">\n\t\t\t<div class=\"elementor-widget-wrap elementor-element-populated\">\n\t\t\t\t\t\t<div class=\"elementor-element elementor-element-e167ed8 elementor-widget elementor-widget-image\" data-id=\"e167ed8\" data-element_type=\"widget\" data-widget_type=\"image.default\">\n\t\t\t\t<div class=\"elementor-widget-container\">\n\t\t\t\t\t\t\t\t\t\t\t\t\t\t\t\t<a href=\"https:\/\/www.soc-botanical-artists.org\/exhibitions\/plantae-2019\/\">\n\t\t\t\t\t\t\t<img fetchpriority=\"high\" decoding=\"async\" width=\"1920\" height=\"1080\" src=\"https:\/\/www.directeur-artistique-freelance.fr\/graphiste\/wp-content\/uploads\/2020\/06\/bandeau-plantae-expo-watercolor-illustratrice.jpg\" class=\"attachment-full size-full wp-image-2163\" alt=\"\" srcset=\"https:\/\/www.directeur-artistique-freelance.fr\/graphiste\/wp-content\/uploads\/2020\/06\/bandeau-plantae-expo-watercolor-illustratrice.jpg 1920w, https:\/\/www.directeur-artistique-freelance.fr\/graphiste\/wp-content\/uploads\/2020\/06\/bandeau-plantae-expo-watercolor-illustratrice-300x169.jpg 300w, https:\/\/www.directeur-artistique-freelance.fr\/graphiste\/wp-content\/uploads\/2020\/06\/bandeau-plantae-expo-watercolor-illustratrice-1024x576.jpg 1024w, https:\/\/www.directeur-artistique-freelance.fr\/graphiste\/wp-content\/uploads\/2020\/06\/bandeau-plantae-expo-watercolor-illustratrice-768x432.jpg 768w, https:\/\/www.directeur-artistique-freelance.fr\/graphiste\/wp-content\/uploads\/2020\/06\/bandeau-plantae-expo-watercolor-illustratrice-1536x864.jpg 1536w\" sizes=\"(max-width: 1920px) 100vw, 1920px\" \/>\t\t\t\t\t\t\t\t<\/a>\n\t\t\t\t\t\t\t\t\t\t\t\t\t\t\t<\/div>\n\t\t\t\t<\/div>\n\t\t\t\t\t<\/div>\n\t\t<\/div>\n\t\t\t\t\t<\/div>\n\t\t<\/section>\n\t\t\t\t<section class=\"elementor-section elementor-top-section elementor-element elementor-element-8adf555 elementor-section-content-middle elementor-section-boxed elementor-section-height-default elementor-section-height-default\" data-id=\"8adf555\" data-element_type=\"section\">\n\t\t\t\t\t\t<div class=\"elementor-container elementor-column-gap-no\">\n\t\t\t\t\t<div class=\"elementor-column elementor-col-100 elementor-top-column elementor-element elementor-element-9673dd0\" data-id=\"9673dd0\" data-element_type=\"column\">\n\t\t\t<div class=\"elementor-widget-wrap elementor-element-populated\">\n\t\t\t\t\t\t<div class=\"elementor-element elementor-element-03dd903 elementor-align-start elementor-icon-list--layout-traditional elementor-list-item-link-full_width elementor-widget elementor-widget-icon-list\" data-id=\"03dd903\" data-element_type=\"widget\" data-widget_type=\"icon-list.default\">\n\t\t\t\t<div class=\"elementor-widget-container\">\n\t\t\t\t\t\t\t<ul class=\"elementor-icon-list-items\">\n\t\t\t\t\t\t\t<li class=\"elementor-icon-list-item\">\n\t\t\t\t\t\t\t\t\t\t\t<a href=\"https:\/\/publicgallery.oess1.uk\/artwork\/ArtistPage\/26507?exhid=133\" target=\"_blank\">\n\n\t\t\t\t\t\t\t\t\t\t\t\t<span class=\"elementor-icon-list-icon\">\n\t\t\t\t\t\t\t\t\t\t\t\t\t\t\t\t<i class=\"fa fa-envira\" aria-hidden=\"true\"><\/i>\n\t\t\t\t\t\t\t\t\t\t\t\t\t<\/span>\n\t\t\t\t\t\t\t\t\t\t<span class=\"elementor-icon-list-text\">Exposition:\tPlantae 2020<\/span>\n\t\t\t\t\t\t\t\t\t\t\t<\/a>\n\t\t\t\t\t\t\t\t\t<\/li>\n\t\t\t\t\t\t\t\t<li class=\"elementor-icon-list-item\">\n\t\t\t\t\t\t\t\t\t\t\t<span class=\"elementor-icon-list-icon\">\n\t\t\t\t\t\t\t\t\t\t\t\t\t\t\t\t<i class=\"fa fa-calendar\" aria-hidden=\"true\"><\/i>\n\t\t\t\t\t\t\t\t\t\t\t\t\t<\/span>\n\t\t\t\t\t\t\t\t\t\t<span class=\"elementor-icon-list-text\"> Date:\tjuin 3, 2020<\/span>\n\t\t\t\t\t\t\t\t\t<\/li>\n\t\t\t\t\t\t<\/ul>\n\t\t\t\t\t\t<\/div>\n\t\t\t\t<\/div>\n\t\t\t\t<div class=\"elementor-element elementor-element-b990305 elementor-widget elementor-widget-heading\" data-id=\"b990305\" data-element_type=\"widget\" data-widget_type=\"heading.default\">\n\t\t\t\t<div class=\"elementor-widget-container\">\n\t\t\t\t\t<h3 class=\"elementor-heading-title elementor-size-default\">Plantae est l'exposition de la Society of Botanical Artists (SBA)<\/h3>\t\t\t\t<\/div>\n\t\t\t\t<\/div>\n\t\t\t\t<div class=\"elementor-element elementor-element-1b0e014 elementor-widget elementor-widget-text-editor\" data-id=\"1b0e014\" data-element_type=\"widget\" data-widget_type=\"text-editor.default\">\n\t\t\t\t<div class=\"elementor-widget-container\">\n\t\t\t\t\t\t\t\t\t<p class=\"p1\">Ou comment montrer l&rsquo;excellence dans tous les arts pour repr\u00e9senter les v\u00e9g\u00e9taux.<\/p>\t\t\t\t\t\t\t\t<\/div>\n\t\t\t\t<\/div>\n\t\t\t\t<section class=\"elementor-section elementor-inner-section elementor-element elementor-element-33397f2 elementor-section-boxed elementor-section-height-default elementor-section-height-default\" data-id=\"33397f2\" data-element_type=\"section\">\n\t\t\t\t\t\t<div class=\"elementor-container elementor-column-gap-default\">\n\t\t\t\t\t<div class=\"elementor-column elementor-col-100 elementor-inner-column elementor-element elementor-element-996c3b6\" data-id=\"996c3b6\" data-element_type=\"column\">\n\t\t\t<div class=\"elementor-widget-wrap elementor-element-populated\">\n\t\t\t\t\t\t<div class=\"elementor-element elementor-element-2dac4b0 elementor-widget elementor-widget-text-editor\" data-id=\"2dac4b0\" data-element_type=\"widget\" data-widget_type=\"text-editor.default\">\n\t\t\t\t<div class=\"elementor-widget-container\">\n\t\t\t\t\t\t\t\t\t<p class=\"p1\">La Soci\u00e9t\u00e9 des artistes botaniques est ravie d&rsquo;annoncer que l&rsquo;exposition Plantae 2020 de cette ann\u00e9e est d\u00e9sormais en ligne.<\/p><p class=\"p1\">La SBA rassemble des artistes de renomm\u00e9e nationale et internationale, pour c\u00e9l\u00e9brer la beaut\u00e9 de la nature, l&rsquo;amour collectif et les talents en art botanique sous toutes ses formes.<\/p><p class=\"p1\">En tant que pr\u00e9curseur de toutes les autres soci\u00e9t\u00e9s botaniques, leur travail consiste \u00e0 promouvoir les comp\u00e9tences des artistes en utilisant une vari\u00e9t\u00e9 de m\u00e9dias, qui se caract\u00e9risent tous par leur capacit\u00e9 \u00e0 repr\u00e9senter les formes botaniques d&rsquo;une mani\u00e8re pr\u00e9cise, unique ou int\u00e9ressante.<\/p><p class=\"p1\">L&rsquo;exposition d&rsquo;\u0153uvres des membres et non-membres englobe tout, de l&rsquo;illustration botanique \u00e0 l&rsquo;art botanique, des bijoux \u00e0 la gravure.<\/p><p class=\"p1\">Toutes les \u0153uvres d&rsquo;art sont \u00e0 vendre, des originaux (sans cadre) aux livres sp\u00e9cialis\u00e9s, ainsi que le catalogue de l\u2019exposition pour garder une trace de toutes les belles \u0153uvres repr\u00e9sent\u00e9es.<\/p><p class=\"p1\"><a href=\"https:\/\/www.soc-botanical-artists.org\/\" target=\"_blank\" rel=\"noopener\">&gt; En savoir plus sur la SBA et ses membres<\/a><\/p>\t\t\t\t\t\t\t\t<\/div>\n\t\t\t\t<\/div>\n\t\t\t\t\t<\/div>\n\t\t<\/div>\n\t\t\t\t\t<\/div>\n\t\t<\/section>\n\t\t\t\t\t<\/div>\n\t\t<\/div>\n\t\t\t\t\t<\/div>\n\t\t<\/section>\n\t\t\t\t<section class=\"elementor-section elementor-top-section elementor-element elementor-element-89108b3 elementor-section-boxed elementor-section-height-default elementor-section-height-default\" data-id=\"89108b3\" data-element_type=\"section\">\n\t\t\t\t\t\t<div class=\"elementor-container elementor-column-gap-default\">\n\t\t\t\t\t<div class=\"elementor-column elementor-col-100 elementor-top-column elementor-element elementor-element-93bc62d\" data-id=\"93bc62d\" data-element_type=\"column\">\n\t\t\t<div class=\"elementor-widget-wrap elementor-element-populated\">\n\t\t\t\t\t\t<div class=\"elementor-element elementor-element-f3c131d elementor-widget elementor-widget-image-gallery\" data-id=\"f3c131d\" data-element_type=\"widget\" data-widget_type=\"image-gallery.default\">\n\t\t\t\t<div class=\"elementor-widget-container\">\n\t\t\t\t\t\t\t<div class=\"elementor-image-gallery\">\n\t\t\t<div id='gallery-1' class='gallery galleryid-2157 gallery-columns-2 gallery-size-full'><figure class='gallery-item'>\n\t\t\t<div class='gallery-icon portrait'>\n\t\t\t\t<a data-elementor-open-lightbox=\"yes\" data-elementor-lightbox-slideshow=\"f3c131d\" data-elementor-lightbox-title=\"Syndapsus pictus silvery Ann\" data-elementor-lightbox-description=\"illustratrice, botanique, aquarelle, watercolor, illustration, freelance\" data-e-action-hash=\"#elementor-action%3Aaction%3Dlightbox%26settings%3DeyJpZCI6MTk3MCwidXJsIjoiaHR0cHM6XC9cL3d3dy5kaXJlY3RldXItYXJ0aXN0aXF1ZS1mcmVlbGFuY2UuZnJcL2dyYXBoaXN0ZVwvd3AtY29udGVudFwvdXBsb2Fkc1wvMjAyMFwvMDVcL3N5bmRhcHN1c19pbGx1c3RyYXRyaWNlX2JvdGFuaXF1ZV9mcmVlbGFuY2UuanBnIiwic2xpZGVzaG93IjoiZjNjMTMxZCJ9\" href='https:\/\/www.directeur-artistique-freelance.fr\/graphiste\/wp-content\/uploads\/2020\/05\/syndapsus_illustratrice_botanique_freelance.jpg'><img decoding=\"async\" width=\"1440\" height=\"1920\" src=\"https:\/\/www.directeur-artistique-freelance.fr\/graphiste\/wp-content\/uploads\/2020\/05\/syndapsus_illustratrice_botanique_freelance.jpg\" class=\"attachment-full size-full\" alt=\"\" aria-describedby=\"gallery-1-1970\" srcset=\"https:\/\/www.directeur-artistique-freelance.fr\/graphiste\/wp-content\/uploads\/2020\/05\/syndapsus_illustratrice_botanique_freelance.jpg 1440w, https:\/\/www.directeur-artistique-freelance.fr\/graphiste\/wp-content\/uploads\/2020\/05\/syndapsus_illustratrice_botanique_freelance-225x300.jpg 225w, https:\/\/www.directeur-artistique-freelance.fr\/graphiste\/wp-content\/uploads\/2020\/05\/syndapsus_illustratrice_botanique_freelance-768x1024.jpg 768w, https:\/\/www.directeur-artistique-freelance.fr\/graphiste\/wp-content\/uploads\/2020\/05\/syndapsus_illustratrice_botanique_freelance-1152x1536.jpg 1152w\" sizes=\"(max-width: 1440px) 100vw, 1440px\" \/><\/a>\n\t\t\t<\/div>\n\t\t\t\t<figcaption class='wp-caption-text gallery-caption' id='gallery-1-1970'>\n\t\t\t\tSyndapsus pictus silvery Ann\n\t\t\t\t<\/figcaption><\/figure><figure class='gallery-item'>\n\t\t\t<div class='gallery-icon portrait'>\n\t\t\t\t<a data-elementor-open-lightbox=\"yes\" data-elementor-lightbox-slideshow=\"f3c131d\" data-elementor-lightbox-title=\"Dieffenbachia\" data-elementor-lightbox-description=\"illustratrice, botanique, aquarelle, watercolor, illustration, freelance\" data-e-action-hash=\"#elementor-action%3Aaction%3Dlightbox%26settings%3DeyJpZCI6MTk3MSwidXJsIjoiaHR0cHM6XC9cL3d3dy5kaXJlY3RldXItYXJ0aXN0aXF1ZS1mcmVlbGFuY2UuZnJcL2dyYXBoaXN0ZVwvd3AtY29udGVudFwvdXBsb2Fkc1wvMjAyMFwvMDVcL2RpZWZmZW5iYWNoaWFfYXF1YXJlbGxlX2JvdGFuaXF1ZS5qcGciLCJzbGlkZXNob3ciOiJmM2MxMzFkIn0%3D\" href='https:\/\/www.directeur-artistique-freelance.fr\/graphiste\/wp-content\/uploads\/2020\/05\/dieffenbachia_aquarelle_botanique.jpg'><img decoding=\"async\" width=\"1440\" height=\"1920\" src=\"https:\/\/www.directeur-artistique-freelance.fr\/graphiste\/wp-content\/uploads\/2020\/05\/dieffenbachia_aquarelle_botanique.jpg\" class=\"attachment-full size-full\" alt=\"\" aria-describedby=\"gallery-1-1971\" srcset=\"https:\/\/www.directeur-artistique-freelance.fr\/graphiste\/wp-content\/uploads\/2020\/05\/dieffenbachia_aquarelle_botanique.jpg 1440w, https:\/\/www.directeur-artistique-freelance.fr\/graphiste\/wp-content\/uploads\/2020\/05\/dieffenbachia_aquarelle_botanique-225x300.jpg 225w, https:\/\/www.directeur-artistique-freelance.fr\/graphiste\/wp-content\/uploads\/2020\/05\/dieffenbachia_aquarelle_botanique-768x1024.jpg 768w, https:\/\/www.directeur-artistique-freelance.fr\/graphiste\/wp-content\/uploads\/2020\/05\/dieffenbachia_aquarelle_botanique-1152x1536.jpg 1152w\" sizes=\"(max-width: 1440px) 100vw, 1440px\" \/><\/a>\n\t\t\t<\/div>\n\t\t\t\t<figcaption class='wp-caption-text gallery-caption' id='gallery-1-1971'>\n\t\t\t\tDieffenbachia\n\t\t\t\t<\/figcaption><\/figure><figure class='gallery-item'>\n\t\t\t<div class='gallery-icon portrait'>\n\t\t\t\t<a data-elementor-open-lightbox=\"yes\" data-elementor-lightbox-slideshow=\"f3c131d\" data-elementor-lightbox-title=\"Hortensia paniculata Siebold\" data-elementor-lightbox-description=\"illustratrice, freelance, botanique, paris, hortensia, peinture, aquarelle\" data-e-action-hash=\"#elementor-action%3Aaction%3Dlightbox%26settings%3DeyJpZCI6MTk5OCwidXJsIjoiaHR0cHM6XC9cL3d3dy5kaXJlY3RldXItYXJ0aXN0aXF1ZS1mcmVlbGFuY2UuZnJcL2dyYXBoaXN0ZVwvd3AtY29udGVudFwvdXBsb2Fkc1wvMjAyMFwvMDVcL2hvcnRlbnNpYV9hcXVhcmVsbGVfYm90YW5pcXVlX2lsbHVzdHJhdHJpY2UuanBnIiwic2xpZGVzaG93IjoiZjNjMTMxZCJ9\" href='https:\/\/www.directeur-artistique-freelance.fr\/graphiste\/wp-content\/uploads\/2020\/05\/hortensia_aquarelle_botanique_illustratrice.jpg'><img loading=\"lazy\" decoding=\"async\" width=\"1440\" height=\"1920\" src=\"https:\/\/www.directeur-artistique-freelance.fr\/graphiste\/wp-content\/uploads\/2020\/05\/hortensia_aquarelle_botanique_illustratrice.jpg\" class=\"attachment-full size-full\" alt=\"\" aria-describedby=\"gallery-1-1998\" srcset=\"https:\/\/www.directeur-artistique-freelance.fr\/graphiste\/wp-content\/uploads\/2020\/05\/hortensia_aquarelle_botanique_illustratrice.jpg 1440w, https:\/\/www.directeur-artistique-freelance.fr\/graphiste\/wp-content\/uploads\/2020\/05\/hortensia_aquarelle_botanique_illustratrice-225x300.jpg 225w, https:\/\/www.directeur-artistique-freelance.fr\/graphiste\/wp-content\/uploads\/2020\/05\/hortensia_aquarelle_botanique_illustratrice-768x1024.jpg 768w, https:\/\/www.directeur-artistique-freelance.fr\/graphiste\/wp-content\/uploads\/2020\/05\/hortensia_aquarelle_botanique_illustratrice-1152x1536.jpg 1152w\" sizes=\"(max-width: 1440px) 100vw, 1440px\" \/><\/a>\n\t\t\t<\/div>\n\t\t\t\t<figcaption class='wp-caption-text gallery-caption' id='gallery-1-1998'>\n\t\t\t\tHortensia paniculata Siebold\n\t\t\t\t<\/figcaption><\/figure><figure class='gallery-item'>\n\t\t\t<div class='gallery-icon portrait'>\n\t\t\t\t<a data-elementor-open-lightbox=\"yes\" data-elementor-lightbox-slideshow=\"f3c131d\" data-elementor-lightbox-title=\"ADP_Magnolia_355x510mm_01web\" data-elementor-lightbox-description=\"Magnolia, fruit fleur, aquarelle, peinture, botanique, illustration\" data-e-action-hash=\"#elementor-action%3Aaction%3Dlightbox%26settings%3DeyJpZCI6MTg5NywidXJsIjoiaHR0cHM6XC9cL3d3dy5kaXJlY3RldXItYXJ0aXN0aXF1ZS1mcmVlbGFuY2UuZnJcL2dyYXBoaXN0ZVwvd3AtY29udGVudFwvdXBsb2Fkc1wvMjAyMFwvMDVcL2lsbHVzdHJhdHJpY2UtZnJlZWxhbmNlLXNhaW50LWdlcm1haW4tZW4tbGF5ZS03OC5qcGciLCJzbGlkZXNob3ciOiJmM2MxMzFkIn0%3D\" href='https:\/\/www.directeur-artistique-freelance.fr\/graphiste\/wp-content\/uploads\/2020\/05\/illustratrice-freelance-saint-germain-en-laye-78.jpg'><img loading=\"lazy\" decoding=\"async\" width=\"1440\" height=\"1920\" src=\"https:\/\/www.directeur-artistique-freelance.fr\/graphiste\/wp-content\/uploads\/2020\/05\/illustratrice-freelance-saint-germain-en-laye-78.jpg\" class=\"attachment-full size-full\" alt=\"\" aria-describedby=\"gallery-1-1897\" srcset=\"https:\/\/www.directeur-artistique-freelance.fr\/graphiste\/wp-content\/uploads\/2020\/05\/illustratrice-freelance-saint-germain-en-laye-78.jpg 1440w, https:\/\/www.directeur-artistique-freelance.fr\/graphiste\/wp-content\/uploads\/2020\/05\/illustratrice-freelance-saint-germain-en-laye-78-225x300.jpg 225w, https:\/\/www.directeur-artistique-freelance.fr\/graphiste\/wp-content\/uploads\/2020\/05\/illustratrice-freelance-saint-germain-en-laye-78-768x1024.jpg 768w, https:\/\/www.directeur-artistique-freelance.fr\/graphiste\/wp-content\/uploads\/2020\/05\/illustratrice-freelance-saint-germain-en-laye-78-1152x1536.jpg 1152w\" sizes=\"(max-width: 1440px) 100vw, 1440px\" \/><\/a>\n\t\t\t<\/div>\n\t\t\t\t<figcaption class='wp-caption-text gallery-caption' id='gallery-1-1897'>\n\t\t\t\tFruit de Magnolia Grandiflora\n\t\t\t\t<\/figcaption><\/figure>\n\t\t<\/div>\n\t\t<\/div>\n\t\t\t\t\t\t<\/div>\n\t\t\t\t<\/div>\n\t\t\t\t\t<\/div>\n\t\t<\/div>\n\t\t\t\t\t<\/div>\n\t\t<\/section>\n\t\t\t\t<\/div>\n\t\t","protected":false},"excerpt":{"rendered":"<p>Exposition: Plantae 2020 Date: juin 3, 2020 Plantae est l&rsquo;exposition de la Society of Botanical Artists (SBA) Ou comment montrer l&rsquo;excellence dans tous les arts pour repr\u00e9senter les v\u00e9g\u00e9taux. La Soci\u00e9t\u00e9 des artistes botaniques est ravie d&rsquo;annoncer que l&rsquo;exposition Plantae 2020 de cette ann\u00e9e est d\u00e9sormais en ligne. La SBA rassemble des artistes de renomm\u00e9e [&hellip;]<\/p>\n","protected":false},"author":1,"featured_media":2159,"comment_status":"open","ping_status":"open","sticky":false,"template":"","format":"standard","meta":{"footnotes":""},"categories":[18],"tags":[],"class_list":["post-2157","post","type-post","status-publish","format-standard","has-post-thumbnail","hentry","category-news"],"yoast_head":"<!-- This site is optimized with the Yoast SEO plugin v26.8 - https:\/\/yoast.com\/product\/yoast-seo-wordpress\/ -->\n<title>Exposition Plantae 2020 de la SBA - Graphiste Freelance<\/title>\n<meta name=\"robots\" content=\"index, follow, max-snippet:-1, max-image-preview:large, max-video-preview:-1\" \/>\n<link rel=\"canonical\" href=\"https:\/\/www.directeur-artistique-freelance.fr\/graphiste\/exposition-plantae-2020-de-la-sba\/\" \/>\n<meta property=\"og:locale\" content=\"fr_FR\" \/>\n<meta property=\"og:type\" content=\"article\" \/>\n<meta property=\"og:title\" content=\"Exposition Plantae 2020 de la SBA - Graphiste Freelance\" \/>\n<meta property=\"og:description\" content=\"Exposition: Plantae 2020 Date: juin 3, 2020 Plantae est l&rsquo;exposition de la Society of Botanical Artists (SBA) Ou comment montrer l&rsquo;excellence dans tous les arts pour repr\u00e9senter les v\u00e9g\u00e9taux. La Soci\u00e9t\u00e9 des artistes botaniques est ravie d&rsquo;annoncer que l&rsquo;exposition Plantae 2020 de cette ann\u00e9e est d\u00e9sormais en ligne. La SBA rassemble des artistes de renomm\u00e9e [&hellip;]\" \/>\n<meta property=\"og:url\" content=\"https:\/\/www.directeur-artistique-freelance.fr\/graphiste\/exposition-plantae-2020-de-la-sba\/\" \/>\n<meta property=\"og:site_name\" content=\"Graphiste Freelance\" \/>\n<meta property=\"article:publisher\" content=\"https:\/\/www.facebook.com\/annepieusserguesdherbicourt\/\" \/>\n<meta property=\"article:published_time\" content=\"2020-06-08T17:21:58+00:00\" \/>\n<meta property=\"article:modified_time\" content=\"2020-06-08T17:38:18+00:00\" \/>\n<meta property=\"og:image\" content=\"https:\/\/www.directeur-artistique-freelance.fr\/graphiste\/wp-content\/uploads\/2020\/06\/bannie\u0300re-SBA-Plantae-2020.jpg\" \/>\n\t<meta property=\"og:image:width\" content=\"1200\" \/>\n\t<meta property=\"og:image:height\" content=\"1200\" \/>\n\t<meta property=\"og:image:type\" content=\"image\/jpeg\" \/>\n<meta name=\"author\" content=\"Freelance\" \/>\n<meta name=\"twitter:card\" content=\"summary_large_image\" \/>\n<meta name=\"twitter:creator\" content=\"@Cheesenane\" \/>\n<meta name=\"twitter:site\" content=\"@Cheesenane\" \/>\n<meta name=\"twitter:label1\" content=\"\u00c9crit par\" \/>\n\t<meta name=\"twitter:data1\" content=\"Freelance\" \/>\n\t<meta name=\"twitter:label2\" content=\"Dur\u00e9e de lecture estim\u00e9e\" \/>\n\t<meta name=\"twitter:data2\" content=\"1 minute\" \/>\n<script type=\"application\/ld+json\" class=\"yoast-schema-graph\">{\"@context\":\"https:\/\/schema.org\",\"@graph\":[{\"@type\":\"Article\",\"@id\":\"https:\/\/www.directeur-artistique-freelance.fr\/graphiste\/exposition-plantae-2020-de-la-sba\/#article\",\"isPartOf\":{\"@id\":\"https:\/\/www.directeur-artistique-freelance.fr\/graphiste\/exposition-plantae-2020-de-la-sba\/\"},\"author\":{\"name\":\"Freelance\",\"@id\":\"https:\/\/www.directeur-artistique-freelance.fr\/graphiste\/#\/schema\/person\/7a179c6e49ca4d029f1c0f9aac0b5e03\"},\"headline\":\"Exposition Plantae 2020 de la SBA\",\"datePublished\":\"2020-06-08T17:21:58+00:00\",\"dateModified\":\"2020-06-08T17:38:18+00:00\",\"mainEntityOfPage\":{\"@id\":\"https:\/\/www.directeur-artistique-freelance.fr\/graphiste\/exposition-plantae-2020-de-la-sba\/\"},\"wordCount\":223,\"commentCount\":0,\"publisher\":{\"@id\":\"https:\/\/www.directeur-artistique-freelance.fr\/graphiste\/#organization\"},\"image\":{\"@id\":\"https:\/\/www.directeur-artistique-freelance.fr\/graphiste\/exposition-plantae-2020-de-la-sba\/#primaryimage\"},\"thumbnailUrl\":\"https:\/\/www.directeur-artistique-freelance.fr\/graphiste\/wp-content\/uploads\/2020\/06\/bannie\u0300re-SBA-Plantae-2020.jpg\",\"articleSection\":[\"News\"],\"inLanguage\":\"fr-FR\",\"potentialAction\":[{\"@type\":\"CommentAction\",\"name\":\"Comment\",\"target\":[\"https:\/\/www.directeur-artistique-freelance.fr\/graphiste\/exposition-plantae-2020-de-la-sba\/#respond\"]}]},{\"@type\":\"WebPage\",\"@id\":\"https:\/\/www.directeur-artistique-freelance.fr\/graphiste\/exposition-plantae-2020-de-la-sba\/\",\"url\":\"https:\/\/www.directeur-artistique-freelance.fr\/graphiste\/exposition-plantae-2020-de-la-sba\/\",\"name\":\"Exposition Plantae 2020 de la SBA - Graphiste Freelance\",\"isPartOf\":{\"@id\":\"https:\/\/www.directeur-artistique-freelance.fr\/graphiste\/#website\"},\"primaryImageOfPage\":{\"@id\":\"https:\/\/www.directeur-artistique-freelance.fr\/graphiste\/exposition-plantae-2020-de-la-sba\/#primaryimage\"},\"image\":{\"@id\":\"https:\/\/www.directeur-artistique-freelance.fr\/graphiste\/exposition-plantae-2020-de-la-sba\/#primaryimage\"},\"thumbnailUrl\":\"https:\/\/www.directeur-artistique-freelance.fr\/graphiste\/wp-content\/uploads\/2020\/06\/bannie\u0300re-SBA-Plantae-2020.jpg\",\"datePublished\":\"2020-06-08T17:21:58+00:00\",\"dateModified\":\"2020-06-08T17:38:18+00:00\",\"breadcrumb\":{\"@id\":\"https:\/\/www.directeur-artistique-freelance.fr\/graphiste\/exposition-plantae-2020-de-la-sba\/#breadcrumb\"},\"inLanguage\":\"fr-FR\",\"potentialAction\":[{\"@type\":\"ReadAction\",\"target\":[\"https:\/\/www.directeur-artistique-freelance.fr\/graphiste\/exposition-plantae-2020-de-la-sba\/\"]}]},{\"@type\":\"ImageObject\",\"inLanguage\":\"fr-FR\",\"@id\":\"https:\/\/www.directeur-artistique-freelance.fr\/graphiste\/exposition-plantae-2020-de-la-sba\/#primaryimage\",\"url\":\"https:\/\/www.directeur-artistique-freelance.fr\/graphiste\/wp-content\/uploads\/2020\/06\/bannie\u0300re-SBA-Plantae-2020.jpg\",\"contentUrl\":\"https:\/\/www.directeur-artistique-freelance.fr\/graphiste\/wp-content\/uploads\/2020\/06\/bannie\u0300re-SBA-Plantae-2020.jpg\",\"width\":1200,\"height\":1200},{\"@type\":\"BreadcrumbList\",\"@id\":\"https:\/\/www.directeur-artistique-freelance.fr\/graphiste\/exposition-plantae-2020-de-la-sba\/#breadcrumb\",\"itemListElement\":[{\"@type\":\"ListItem\",\"position\":1,\"name\":\"Accueil\",\"item\":\"https:\/\/www.directeur-artistique-freelance.fr\/graphiste\/\"},{\"@type\":\"ListItem\",\"position\":2,\"name\":\"Exposition Plantae 2020 de la SBA\"}]},{\"@type\":\"WebSite\",\"@id\":\"https:\/\/www.directeur-artistique-freelance.fr\/graphiste\/#website\",\"url\":\"https:\/\/www.directeur-artistique-freelance.fr\/graphiste\/\",\"name\":\"Graphiste Freelance\",\"description\":\"Saint Germain en Laye 78\",\"publisher\":{\"@id\":\"https:\/\/www.directeur-artistique-freelance.fr\/graphiste\/#organization\"},\"potentialAction\":[{\"@type\":\"SearchAction\",\"target\":{\"@type\":\"EntryPoint\",\"urlTemplate\":\"https:\/\/www.directeur-artistique-freelance.fr\/graphiste\/?s={search_term_string}\"},\"query-input\":{\"@type\":\"PropertyValueSpecification\",\"valueRequired\":true,\"valueName\":\"search_term_string\"}}],\"inLanguage\":\"fr-FR\"},{\"@type\":\"Organization\",\"@id\":\"https:\/\/www.directeur-artistique-freelance.fr\/graphiste\/#organization\",\"name\":\"Anne Pieussergues Dherbicourt\",\"url\":\"https:\/\/www.directeur-artistique-freelance.fr\/graphiste\/\",\"logo\":{\"@type\":\"ImageObject\",\"inLanguage\":\"fr-FR\",\"@id\":\"https:\/\/www.directeur-artistique-freelance.fr\/graphiste\/#\/schema\/logo\/image\/\",\"url\":\"https:\/\/www.directeur-artistique-freelance.fr\/graphiste\/wp-content\/uploads\/2019\/06\/graphiste-freelance-saint-germain-en-laye.png\",\"contentUrl\":\"https:\/\/www.directeur-artistique-freelance.fr\/graphiste\/wp-content\/uploads\/2019\/06\/graphiste-freelance-saint-germain-en-laye.png\",\"width\":667,\"height\":200,\"caption\":\"Anne Pieussergues Dherbicourt\"},\"image\":{\"@id\":\"https:\/\/www.directeur-artistique-freelance.fr\/graphiste\/#\/schema\/logo\/image\/\"},\"sameAs\":[\"https:\/\/www.facebook.com\/annepieusserguesdherbicourt\/\",\"https:\/\/x.com\/Cheesenane\",\"https:\/\/www.instagram.com\/anne_pieussergues_dherbicourt\/\",\"https:\/\/www.linkedin.com\/in\/anne-pieussergues-dherbicourt-61603812\/\",\"https:\/\/www.pinterest.fr\/cheesenane\/my-artwork\/\"]},{\"@type\":\"Person\",\"@id\":\"https:\/\/www.directeur-artistique-freelance.fr\/graphiste\/#\/schema\/person\/7a179c6e49ca4d029f1c0f9aac0b5e03\",\"name\":\"Freelance\",\"image\":{\"@type\":\"ImageObject\",\"inLanguage\":\"fr-FR\",\"@id\":\"https:\/\/www.directeur-artistique-freelance.fr\/graphiste\/#\/schema\/person\/image\/\",\"url\":\"https:\/\/www.directeur-artistique-freelance.fr\/graphiste\/wp-content\/litespeed\/avatar\/6f6844df38c3851153fa746d447a597e.jpg?ver=1777339941\",\"contentUrl\":\"https:\/\/www.directeur-artistique-freelance.fr\/graphiste\/wp-content\/litespeed\/avatar\/6f6844df38c3851153fa746d447a597e.jpg?ver=1777339941\",\"caption\":\"Freelance\"},\"url\":\"https:\/\/www.directeur-artistique-freelance.fr\/graphiste\/author\/freelance\/\"}]}<\/script>\n<!-- \/ Yoast SEO plugin. -->","yoast_head_json":{"title":"Exposition Plantae 2020 de la SBA - Graphiste Freelance","robots":{"index":"index","follow":"follow","max-snippet":"max-snippet:-1","max-image-preview":"max-image-preview:large","max-video-preview":"max-video-preview:-1"},"canonical":"https:\/\/www.directeur-artistique-freelance.fr\/graphiste\/exposition-plantae-2020-de-la-sba\/","og_locale":"fr_FR","og_type":"article","og_title":"Exposition Plantae 2020 de la SBA - Graphiste Freelance","og_description":"Exposition: Plantae 2020 Date: juin 3, 2020 Plantae est l&rsquo;exposition de la Society of Botanical Artists (SBA) Ou comment montrer l&rsquo;excellence dans tous les arts pour repr\u00e9senter les v\u00e9g\u00e9taux. La Soci\u00e9t\u00e9 des artistes botaniques est ravie d&rsquo;annoncer que l&rsquo;exposition Plantae 2020 de cette ann\u00e9e est d\u00e9sormais en ligne. La SBA rassemble des artistes de renomm\u00e9e [&hellip;]","og_url":"https:\/\/www.directeur-artistique-freelance.fr\/graphiste\/exposition-plantae-2020-de-la-sba\/","og_site_name":"Graphiste Freelance","article_publisher":"https:\/\/www.facebook.com\/annepieusserguesdherbicourt\/","article_published_time":"2020-06-08T17:21:58+00:00","article_modified_time":"2020-06-08T17:38:18+00:00","og_image":[{"width":1200,"height":1200,"url":"https:\/\/www.directeur-artistique-freelance.fr\/graphiste\/wp-content\/uploads\/2020\/06\/bannie\u0300re-SBA-Plantae-2020.jpg","type":"image\/jpeg"}],"author":"Freelance","twitter_card":"summary_large_image","twitter_creator":"@Cheesenane","twitter_site":"@Cheesenane","twitter_misc":{"\u00c9crit par":"Freelance","Dur\u00e9e de lecture estim\u00e9e":"1 minute"},"schema":{"@context":"https:\/\/schema.org","@graph":[{"@type":"Article","@id":"https:\/\/www.directeur-artistique-freelance.fr\/graphiste\/exposition-plantae-2020-de-la-sba\/#article","isPartOf":{"@id":"https:\/\/www.directeur-artistique-freelance.fr\/graphiste\/exposition-plantae-2020-de-la-sba\/"},"author":{"name":"Freelance","@id":"https:\/\/www.directeur-artistique-freelance.fr\/graphiste\/#\/schema\/person\/7a179c6e49ca4d029f1c0f9aac0b5e03"},"headline":"Exposition Plantae 2020 de la SBA","datePublished":"2020-06-08T17:21:58+00:00","dateModified":"2020-06-08T17:38:18+00:00","mainEntityOfPage":{"@id":"https:\/\/www.directeur-artistique-freelance.fr\/graphiste\/exposition-plantae-2020-de-la-sba\/"},"wordCount":223,"commentCount":0,"publisher":{"@id":"https:\/\/www.directeur-artistique-freelance.fr\/graphiste\/#organization"},"image":{"@id":"https:\/\/www.directeur-artistique-freelance.fr\/graphiste\/exposition-plantae-2020-de-la-sba\/#primaryimage"},"thumbnailUrl":"https:\/\/www.directeur-artistique-freelance.fr\/graphiste\/wp-content\/uploads\/2020\/06\/bannie\u0300re-SBA-Plantae-2020.jpg","articleSection":["News"],"inLanguage":"fr-FR","potentialAction":[{"@type":"CommentAction","name":"Comment","target":["https:\/\/www.directeur-artistique-freelance.fr\/graphiste\/exposition-plantae-2020-de-la-sba\/#respond"]}]},{"@type":"WebPage","@id":"https:\/\/www.directeur-artistique-freelance.fr\/graphiste\/exposition-plantae-2020-de-la-sba\/","url":"https:\/\/www.directeur-artistique-freelance.fr\/graphiste\/exposition-plantae-2020-de-la-sba\/","name":"Exposition Plantae 2020 de la SBA - Graphiste Freelance","isPartOf":{"@id":"https:\/\/www.directeur-artistique-freelance.fr\/graphiste\/#website"},"primaryImageOfPage":{"@id":"https:\/\/www.directeur-artistique-freelance.fr\/graphiste\/exposition-plantae-2020-de-la-sba\/#primaryimage"},"image":{"@id":"https:\/\/www.directeur-artistique-freelance.fr\/graphiste\/exposition-plantae-2020-de-la-sba\/#primaryimage"},"thumbnailUrl":"https:\/\/www.directeur-artistique-freelance.fr\/graphiste\/wp-content\/uploads\/2020\/06\/bannie\u0300re-SBA-Plantae-2020.jpg","datePublished":"2020-06-08T17:21:58+00:00","dateModified":"2020-06-08T17:38:18+00:00","breadcrumb":{"@id":"https:\/\/www.directeur-artistique-freelance.fr\/graphiste\/exposition-plantae-2020-de-la-sba\/#breadcrumb"},"inLanguage":"fr-FR","potentialAction":[{"@type":"ReadAction","target":["https:\/\/www.directeur-artistique-freelance.fr\/graphiste\/exposition-plantae-2020-de-la-sba\/"]}]},{"@type":"ImageObject","inLanguage":"fr-FR","@id":"https:\/\/www.directeur-artistique-freelance.fr\/graphiste\/exposition-plantae-2020-de-la-sba\/#primaryimage","url":"https:\/\/www.directeur-artistique-freelance.fr\/graphiste\/wp-content\/uploads\/2020\/06\/bannie\u0300re-SBA-Plantae-2020.jpg","contentUrl":"https:\/\/www.directeur-artistique-freelance.fr\/graphiste\/wp-content\/uploads\/2020\/06\/bannie\u0300re-SBA-Plantae-2020.jpg","width":1200,"height":1200},{"@type":"BreadcrumbList","@id":"https:\/\/www.directeur-artistique-freelance.fr\/graphiste\/exposition-plantae-2020-de-la-sba\/#breadcrumb","itemListElement":[{"@type":"ListItem","position":1,"name":"Accueil","item":"https:\/\/www.directeur-artistique-freelance.fr\/graphiste\/"},{"@type":"ListItem","position":2,"name":"Exposition Plantae 2020 de la SBA"}]},{"@type":"WebSite","@id":"https:\/\/www.directeur-artistique-freelance.fr\/graphiste\/#website","url":"https:\/\/www.directeur-artistique-freelance.fr\/graphiste\/","name":"Graphiste Freelance","description":"Saint Germain en Laye 78","publisher":{"@id":"https:\/\/www.directeur-artistique-freelance.fr\/graphiste\/#organization"},"potentialAction":[{"@type":"SearchAction","target":{"@type":"EntryPoint","urlTemplate":"https:\/\/www.directeur-artistique-freelance.fr\/graphiste\/?s={search_term_string}"},"query-input":{"@type":"PropertyValueSpecification","valueRequired":true,"valueName":"search_term_string"}}],"inLanguage":"fr-FR"},{"@type":"Organization","@id":"https:\/\/www.directeur-artistique-freelance.fr\/graphiste\/#organization","name":"Anne Pieussergues Dherbicourt","url":"https:\/\/www.directeur-artistique-freelance.fr\/graphiste\/","logo":{"@type":"ImageObject","inLanguage":"fr-FR","@id":"https:\/\/www.directeur-artistique-freelance.fr\/graphiste\/#\/schema\/logo\/image\/","url":"https:\/\/www.directeur-artistique-freelance.fr\/graphiste\/wp-content\/uploads\/2019\/06\/graphiste-freelance-saint-germain-en-laye.png","contentUrl":"https:\/\/www.directeur-artistique-freelance.fr\/graphiste\/wp-content\/uploads\/2019\/06\/graphiste-freelance-saint-germain-en-laye.png","width":667,"height":200,"caption":"Anne Pieussergues Dherbicourt"},"image":{"@id":"https:\/\/www.directeur-artistique-freelance.fr\/graphiste\/#\/schema\/logo\/image\/"},"sameAs":["https:\/\/www.facebook.com\/annepieusserguesdherbicourt\/","https:\/\/x.com\/Cheesenane","https:\/\/www.instagram.com\/anne_pieussergues_dherbicourt\/","https:\/\/www.linkedin.com\/in\/anne-pieussergues-dherbicourt-61603812\/","https:\/\/www.pinterest.fr\/cheesenane\/my-artwork\/"]},{"@type":"Person","@id":"https:\/\/www.directeur-artistique-freelance.fr\/graphiste\/#\/schema\/person\/7a179c6e49ca4d029f1c0f9aac0b5e03","name":"Freelance","image":{"@type":"ImageObject","inLanguage":"fr-FR","@id":"https:\/\/www.directeur-artistique-freelance.fr\/graphiste\/#\/schema\/person\/image\/","url":"https:\/\/www.directeur-artistique-freelance.fr\/graphiste\/wp-content\/litespeed\/avatar\/6f6844df38c3851153fa746d447a597e.jpg?ver=1777339941","contentUrl":"https:\/\/www.directeur-artistique-freelance.fr\/graphiste\/wp-content\/litespeed\/avatar\/6f6844df38c3851153fa746d447a597e.jpg?ver=1777339941","caption":"Freelance"},"url":"https:\/\/www.directeur-artistique-freelance.fr\/graphiste\/author\/freelance\/"}]}},"_links":{"self":[{"href":"https:\/\/www.directeur-artistique-freelance.fr\/graphiste\/wp-json\/wp\/v2\/posts\/2157","targetHints":{"allow":["GET"]}}],"collection":[{"href":"https:\/\/www.directeur-artistique-freelance.fr\/graphiste\/wp-json\/wp\/v2\/posts"}],"about":[{"href":"https:\/\/www.directeur-artistique-freelance.fr\/graphiste\/wp-json\/wp\/v2\/types\/post"}],"author":[{"embeddable":true,"href":"https:\/\/www.directeur-artistique-freelance.fr\/graphiste\/wp-json\/wp\/v2\/users\/1"}],"replies":[{"embeddable":true,"href":"https:\/\/www.directeur-artistique-freelance.fr\/graphiste\/wp-json\/wp\/v2\/comments?post=2157"}],"version-history":[{"count":7,"href":"https:\/\/www.directeur-artistique-freelance.fr\/graphiste\/wp-json\/wp\/v2\/posts\/2157\/revisions"}],"predecessor-version":[{"id":3205,"href":"https:\/\/www.directeur-artistique-freelance.fr\/graphiste\/wp-json\/wp\/v2\/posts\/2157\/revisions\/3205"}],"wp:featuredmedia":[{"embeddable":true,"href":"https:\/\/www.directeur-artistique-freelance.fr\/graphiste\/wp-json\/wp\/v2\/media\/2159"}],"wp:attachment":[{"href":"https:\/\/www.directeur-artistique-freelance.fr\/graphiste\/wp-json\/wp\/v2\/media?parent=2157"}],"wp:term":[{"taxonomy":"category","embeddable":true,"href":"https:\/\/www.directeur-artistique-freelance.fr\/graphiste\/wp-json\/wp\/v2\/categories?post=2157"},{"taxonomy":"post_tag","embeddable":true,"href":"https:\/\/www.directeur-artistique-freelance.fr\/graphiste\/wp-json\/wp\/v2\/tags?post=2157"}],"curies":[{"name":"wp","href":"https:\/\/api.w.org\/{rel}","templated":true}]}}